{"id":659833,"date":"2026-09-01T14:30:21","date_gmt":"2026-09-01T14:30:21","guid":{"rendered":"https:\/\/www.europesays.com\/it\/659833\/"},"modified":"2026-09-01T14:30:21","modified_gmt":"2026-09-01T14:30:21","slug":"costi-fissi-architetti-10-000-euro-prima-di-fatturare","status":"publish","type":"post","link":"https:\/\/www.europesays.com\/it\/659833\/","title":{"rendered":"Costi fissi architetti: 10.000 euro prima di fatturare"},"content":{"rendered":"<p>Il primo gennaio di ogni anno, prima ancora di alzare la<br \/>\nserranda dello studio o ricevere la telefonata del primo cliente,<br \/>\nun architetto italiano a Partita IVA a contribuzione piena ha gi\u00e0<br \/>\naccumulato un debito operativo che supera i 10.000 euro. Il<br \/>\ntassametro della cassa di previdenza riparte in automatico: dopo la<br \/>\nrivalutazione ISTAT dell&#8217;1,2% deliberata per l&#8217;anno in corso<br \/>\nservono circa 3.700 euro di contributi minimi obbligatori a<br \/>\nInarcassa, una cifra dovuta per legge anche se il fatturato<br \/>\ndell&#8217;anno precedente \u00e8 rimasto fermo a zero. Il prelievo ordinario<br \/>\nviaggia su un doppio binario: il 4% di contributo integrativo<br \/>\napplicato sul volume d&#8217;affari e il 14,5% di contributo soggettivo<br \/>\ncalcolato sul reddito professionale netto, con una soglia minima<br \/>\ninderogabile fissata per il 2026 a 2.785 euro a cui si aggiungono<br \/>\n850 euro di integrativo minimo e i 65,50 euro della quota di<br \/>\nmaternit\u00e0 e paternit\u00e0. Per i primi cinque anni di attivit\u00e0 e fino<br \/>\nal compimento dei 35 anni di et\u00e0 la cassa applica un&#8217;aliquota<br \/>\nridotta al 7,25% e minimi abbattuti a un terzo, pari a 928,33 euro<br \/>\ndi soggettivo e 283,33 euro di integrativo, per un carico che<br \/>\nsfiora i 1.280 euro annui, a condizione che il reddito<br \/>\nprofessionale dichiarato resti sotto la soglia annuale oltre la<br \/>\nquale torna applicabile l&#8217;aliquota piena. Ma allo scoccare del<br \/>\nsesto anno, o il giorno del trentacinquesimo compleanno, la quota<br \/>\ntriplica all&#8217;istante, trasformando la previdenza in uno scalone<br \/>\nfinanziario proprio nella fase in cui si tenta di consolidare la<br \/>\npropria indipendenza.<\/p>\n<p>Iscrizione, polizza e software in abbonamento: la dotazione minima<br \/>\nsupera i 5.000 euro<\/p>\n<p>A questo importo si sommano i 220 euro della quota di iscrizione<br \/>\nall&#8217;Ordine di Perugia, i 350 euro per una polizza assicurativa base<br \/>\ndi responsabilit\u00e0 civile obbligatoria e i circa 1.150 euro<br \/>\nnecessari per la gestione contabile del commercialista, comprensivi<br \/>\ndi PEC, firma digitale e software di fatturazione elettronica. Poi<br \/>\narrivano gli strumenti di produzione. Con il passaggio globale<br \/>\ndell&#8217;industria del software al modello in abbonamento, i programmi<br \/>\ndi progettazione non si acquistano pi\u00f9: si noleggiano a canone<br \/>\ncontinuo. Una licenza annuale per un software professionale di<br \/>\nmodellazione BIM parametrica supera i 3.100 euro pi\u00f9 IVA, cifra che<br \/>\nsale a quasi 3.900 euro se si adotta la suite completa per il<br \/>\ndisegno tecnico integrato. Aggiungendo 500 euro per i software di<br \/>\ncomputo metrico e sicurezza e almeno 600 euro per un motore di<br \/>\nrendering professionale, la sola dotazione informatica supera i<br \/>\n5.000 euro all&#8217;anno. Chi interrompe il pagamento perde<br \/>\nistantaneamente l&#8217;accesso ai propri archivi e non pu\u00f2 pi\u00f9 aprire i<br \/>\nfile generati fino al giorno prima.<\/p>\n<p>Regime forfettario e reddito reale: cosa resta con 25.000 euro di<br \/>\nvolume d&#8217;affari<\/p>\n<p>I calcoli su una Partita IVA in regime forfettario mostrano con<br \/>\nchiarezza l&#8217;illusione dell&#8217;autonomia economica. Su un volume<br \/>\nd&#8217;affari annuo di 25.000 euro, tolti 1.000 euro di rivalsa<br \/>\nintegrativa del 4%, la base imponibile calcolata con il<br \/>\ncoefficiente di redditivit\u00e0 del 78% si attesta a 18.720 euro. Da<br \/>\nqui vengono dedotti i contributi Inarcassa deducibili, sul cui<br \/>\nresiduo si calcola l&#8217;imposta sostitutiva ordinaria del 15% o<br \/>\nagevolata del 5%. Sottraendo dal ricavo le imposte, la cassa e i<br \/>\ncirca 6.500 euro di spese tecniche vive e incomprimibili, a un<br \/>\nprofessionista resta in tasca un netto reale inferiore a 1.050 euro<br \/>\nal mese. Con la differenza sostanziale che questo importo non<br \/>\ninclude ferie, malattia retribuita, maternit\u00e0 garantita o<br \/>\ntrattamento di fine rapporto.<\/p>\n<p>La Mappatura della Professione: i costi fissi tra i primi ostacoli<br \/>\nper chi si mette in proprio<\/p>\n<p>Mettersi in proprio ha smesso di essere una naturale evoluzione<br \/>\nprofessionale per trasformarsi in una barriera di censo. Lo<br \/>\nconfermano i dati sin qui raccolti della Mappatura della<br \/>\nProfessione, un&#8217;indagine conoscitiva indipendente e anonima ideata<br \/>\ne condotta dal Collettivo Cantiere Architettura Umbria per misurare<br \/>\nle reali condizioni di lavoro della categoria, su base volontaria e<br \/>\nad adesione autoselezionata, condizioni che restituiscono una<br \/>\nfotografia significativa degli orientamenti degli iscritti pur<br \/>\nsenza pretesa di rappresentativit\u00e0 statistica. Le percentuali che<br \/>\nseguono si riferiscono alle [N] risposte finora raccolte. Quando<br \/>\nviene chiesto quale sia l&#8217;ostacolo pi\u00f9 insormontabile per un<br \/>\ngiovane architetto che decide di mettersi in proprio, il 49,3%<br \/>\ndegli intervistati indica i costi fissi di avviamento. Una quota<br \/>\nancora maggiore, pari al 50,7%, denuncia i requisiti di fatturato<br \/>\ninaccessibili nei bandi pubblici.<\/p>\n<p>Bandi pubblici e requisiti di fatturato: il corto circuito che<br \/>\nesclude i giovani architetti<\/p>\n<p>L&#8217;impatto dei costi fissi non risparmia i professionisti pi\u00f9<br \/>\nstrutturati: il 47,9% degli architetti della provincia colloca le<br \/>\nspese fisse tra i primi tre problemi che penalizzano la vita<br \/>\nquotidiana, un dato superato soltanto dai tempi estenuanti e<br \/>\ndall&#8217;incertezza della burocrazia (64,8%) e seguito a ruota<br \/>\ndall&#8217;isolamento professionale (36,6%) e dal mancato rispetto della<br \/>\nlegge sull&#8217;Equo Compenso (33,8%). Il mercato locale si ritrova cos\u00ec<br \/>\nbloccato su due fronti. Da un lato c&#8217;\u00e8 l&#8217;edilizia privata,<br \/>\nframmentata e segnata da una continua corsa al ribasso delle<br \/>\nparcelle (indicata come criticit\u00e0 dal 26,1% del campione).<br \/>\nDall&#8217;altro c&#8217;\u00e8 il settore delle opere pubbliche, completamente<br \/>\nsigillato dalle stazioni appaltanti. Per partecipare a una gara di<br \/>\nprogettazione affidata da una pubblica amministrazione, i<br \/>\ndisciplinari richiedono spesso centinaia di migliaia di euro di<br \/>\nfatturato specifico e servizi analoghi realizzati negli ultimi tre<br \/>\nanni. \u00c8 un corto circuito evidente: per lavorare con la Pubblica<br \/>\nAmministrazione servono requisiti economici che si possono maturare<br \/>\nsoltanto lavorando con la Pubblica Amministrazione.<\/p>\n<p>Il giovane professionista nei raggruppamenti: cosa prevede davvero<br \/>\nil Codice dei Contratti Pubblici<\/p>\n<p>L&#8217;obbligo di inserire nei raggruppamenti temporanei almeno un<br \/>\ngiovane professionista non ha scalfito questa chiusura. Non si<br \/>\ntratta peraltro di una previsione introdotta dal Codice dei<br \/>\nContratti Pubblici, perch\u00e9 \u00e8 stata ereditata dal D.M. 2 dicembre<br \/>\n2016, n. 263 e oggi si trova all&#8217;art. 39 dell&#8217;Allegato II.12 al<br \/>\nD.Lgs. n. 36\/2023, e il parametro non \u00e8 anagrafico ma<br \/>\nprofessionale, riguardando il laureato abilitato da meno di cinque<br \/>\nanni all&#8217;esercizio della professione e non genericamente l&#8217;under<br \/>\n35. Non \u00e8 nemmeno un criterio premiale che assegna punteggio<br \/>\nall&#8217;offerta, bens\u00ec un requisito di partecipazione del<br \/>\nraggruppamento, la cui carenza espone all&#8217;esclusione. Nella pratica<br \/>\nquotidiana delle gare tradizionali, proprio questa natura di<br \/>\nadempimento formale ha alimentato la prassi del giovane tecnico<br \/>\narruolato come un mero prestanome per soddisfare la condizione di<br \/>\nammissibilit\u00e0, per poi essere escluso dalla redazione del progetto<br \/>\ne liquidato con compensi marginali, senza maturare le<br \/>\ncertificazioni curriculari necessarie a qualificarsi in futuro.<\/p>\n<p>Il concorso di progettazione a due fasi: l&#8217;accesso senza requisiti<br \/>\ndi fatturato<\/p>\n<p>Il meccanismo procedurale capace di ribaltare questo squilibrio<br \/>\nalla radice, secondo l&#8217;opinione del Collettivo Cantiere<br \/>\nArchitettura Umbria, \u00e8 il concorso di progettazione, in particolare<br \/>\nnella formula a due fasi che l&#8217;art. 46 comma 2 del D.Lgs. n.<br \/>\n36\/2023 consente di bandire con adeguata motivazione, in deroga<br \/>\nalla regola generale dell&#8217;unica fase, concentrando a valle la<br \/>\nverifica dei requisiti. Nelle gare tradizionali la selezione premia<br \/>\ni numeri del passato: vince chi ha gi\u00e0 fatturato e gi\u00e0 costruito.<br \/>\nNel concorso anonimo, al contrario, l&#8217;accesso alla prima fase \u00e8<br \/>\naperto a tutti i professionisti abilitati, senza sbarramenti di<br \/>\nfatturato pregresso e nei soli limiti fissati dal bando. Non<br \/>\ncontano il fatturato pregresso, il numero di dipendenti o i metri<br \/>\nquadri realizzati, perch\u00e9 la commissione valuta esclusivamente la<br \/>\nqualit\u00e0 dell&#8217;idea progettuale identificata da un codice<br \/>\nalfanumerico segreto. La dimostrazione dei requisiti di fatturato,<br \/>\ndello staff di calcolo strutturale e delle polizze pu\u00f2 essere<br \/>\nconcentrata sul solo vincitore, perch\u00e9 l&#8217;art. 46 comma 3 del D.Lgs.<br \/>\nn. 36\/2023 subordina l&#8217;affidamento dei livelli progettuali<br \/>\nsuccessivi al possesso dei requisiti previsti dal bando. \u00c8 quindi<br \/>\nil bando il documento su cui si misura l&#8217;effettiva apertura della<br \/>\nprocedura.<\/p>\n<p>Questo passaggio formale muta radicalmente i rapporti di forza.<br \/>\nChi si aggiudica un concorso si presenta alle grandi societ\u00e0 di<br \/>\ningegneria o agli studi storici non come un collaboratore precario<br \/>\na caccia di lavoro, ma come il titolare del contratto di<br \/>\nprogettazione. \u00c8 il giovane vincitore a scegliere i partner tecnici<br \/>\nda associare per soddisfare i requisiti esecutivi dell&#8217;appalto,<br \/>\nmantenendo la direzione intellettuale dell&#8217;opera e negoziando le<br \/>\ncondizioni economiche da una posizione di forza.<\/p>\n<p>Studio Etico, reti tra colleghi e coworking: le richieste degli<br \/>\niscritti<\/p>\n<p>Tra i professionisti perugini la richiesta di interventi<br \/>\nstrutturali \u00e8 netta e priva di ambiguit\u00e0. Nelle risposte raccolte<br \/>\ndal Collettivo Cantiere Architettura Umbria, il 52,2% degli<br \/>\niscritti chiede l&#8217;introduzione di un protocollo per lo &#8220;Studio<br \/>\nEtico&#8221; che imponga contratti scritti obbligatori, tariffe orarie<br \/>\nminime e pagamenti certi entro 30 giorni, spazzando via la clausola<br \/>\nche subordina il compenso del collaboratore all&#8217;incasso dello<br \/>\nstudio dal cliente finale. Il 37,7% sollecita un sistema<br \/>\nistituzionale di incontro per formare reti tra colleghi e<br \/>\nconcorrere alle gare, il 36,2% chiede spazi di coworking con<br \/>\nsoftware condivisi per abbattere le spese di partenza, e il 34,8%<br \/>\ndomanda percorsi di tutoraggio pratico con professionisti esperti<br \/>\nper gestire i passaggi tecnici pi\u00f9 complessi con Soprintendenze e<br \/>\nGenio Civile.<\/p>\n<p>Il quadro statistico complessivo della Mappatura verr\u00e0<br \/>\ncompletato nei primi giorni di settembre, a disposizione di tutti<br \/>\ngli iscritti e di chiunque guider\u00e0 la categoria. Fino ad allora la<br \/>\nconsultazione online rimarr\u00e0 aperta per gli iscritti, mentre sul<br \/>\nterritorio chi apre una partita IVA continua a pagare il prezzo<br \/>\nd&#8217;ingresso al mestiere prima ancora di aver tracciato una<br \/>\nlinea.<\/p>\n","protected":false},"excerpt":{"rendered":"Il primo gennaio di ogni anno, prima ancora di alzare la serranda dello studio o ricevere la telefonata&hellip;\n","protected":false},"author":3,"featured_media":659834,"comment_status":"","ping_status":"","sticky":false,"template":"","format":"standard","meta":{"footnotes":"","_share_on_mastodon":"0"},"categories":[1446],"tags":[1615,1613,1614,1611,1610,1612,203,204,1537,90,89],"class_list":["post-659833","post","type-post","status-publish","format-standard","has-post-thumbnail","category-arte-e-design","tag-arte","tag-arte-e-design","tag-arteedesign","tag-arts","tag-arts-and-design","tag-design","tag-entertainment","tag-intrattenimento","tag-it","tag-italia","tag-italy"],"share_on_mastodon":{"url":"https:\/\/pubeurope.com\/@it\/117196267303783796","error":""},"_links":{"self":[{"href":"https:\/\/www.europesays.com\/it\/wp-json\/wp\/v2\/posts\/659833","targetHints":{"allow":["GET"]}}],"collection":[{"href":"https:\/\/www.europesays.com\/it\/wp-json\/wp\/v2\/posts"}],"about":[{"href":"https:\/\/www.europesays.com\/it\/wp-json\/wp\/v2\/types\/post"}],"author":[{"embeddable":true,"href":"https:\/\/www.europesays.com\/it\/wp-json\/wp\/v2\/users\/3"}],"replies":[{"embeddable":true,"href":"https:\/\/www.europesays.com\/it\/wp-json\/wp\/v2\/comments?post=659833"}],"version-history":[{"count":0,"href":"https:\/\/www.europesays.com\/it\/wp-json\/wp\/v2\/posts\/659833\/revisions"}],"wp:featuredmedia":[{"embeddable":true,"href":"https:\/\/www.europesays.com\/it\/wp-json\/wp\/v2\/media\/659834"}],"wp:attachment":[{"href":"https:\/\/www.europesays.com\/it\/wp-json\/wp\/v2\/media?parent=659833"}],"wp:term":[{"taxonomy":"category","embeddable":true,"href":"https:\/\/www.europesays.com\/it\/wp-json\/wp\/v2\/categories?post=659833"},{"taxonomy":"post_tag","embeddable":true,"href":"https:\/\/www.europesays.com\/it\/wp-json\/wp\/v2\/tags?post=659833"}],"curies":[{"name":"wp","href":"https:\/\/api.w.org\/{rel}","templated":true}]}}