{"id":659854,"date":"2026-09-01T14:42:19","date_gmt":"2026-09-01T14:42:19","guid":{"rendered":"https:\/\/www.europesays.com\/it\/659854\/"},"modified":"2026-09-01T14:42:19","modified_gmt":"2026-09-01T14:42:19","slug":"don-angelo-casati-morto-il-curato-di-milano-lamicizia-con-il-cardinal-martini-lultima-omelia-a-95-anni-i-polpastrelli-arrancano-sulla-tastiera-ma-sorrido","status":"publish","type":"post","link":"https:\/\/www.europesays.com\/it\/659854\/","title":{"rendered":"Don Angelo Casati, morto il \u00abcurato di Milano\u00bb. L&#8217;amicizia con il cardinal Martini, l&#8217;ultima omelia a 95 anni: \u00abI polpastrelli arrancano sulla tastiera, ma sorrido\u00bb"},"content":{"rendered":"<p>    di<br \/>\n    Marco Pessina<\/p>\n<p class=\"summary-art is-line-h-12\">Era sacerdote dal 1954, aveva aperto il suo blog \u00abSulla soglia\u00bb negli anni Novanta, agli albori del web. Per Erri De Luca era un uomo che \u00absta controcorrente non da bastian contrario, ma da salmone: per risalire alla sorgente\u00bb<\/p>\n<p class=\"chapter-paragraph\"><b>Un \u00abcurato di citt\u00e0\u00bb<\/b>. Amava definirsi cos\u00ec <b>don Angelo Casati.<\/b> Un\u2019espressione scelta anche per il titolo di un libro che ha scritto sotto forma di diario. Una delle innumerevoli tracce che lascia di s\u00e9 ora che si \u00e8 congedato dal tempo terreno. Il sacerdote milanese, amico di padre <a href=\"https:\/\/www.corriere.it\/sette\/comportamenti\/22_febbraio_08\/david-maria-turoldo-beati-coloro-che-hanno-fame-sete-opposizione-testamento-dell-ultimo-profeta-e6faa0da-84cb-11ec-93b4-bc4dd8ecb5d9.shtml\" rel=\"nofollow noopener\" target=\"_blank\">David Maria Turoldo<\/a> e del cardinale <a href=\"https:\/\/www.corriere.it\/sette\/26_aprile_30\/cardinal-martini-arcivescovo-milano-racconto-9b5b6607-51f9-4a33-9eae-d866b8b53xlk.shtml\" rel=\"nofollow noopener\" target=\"_blank\">Carlo Maria Martini<\/a>, \u00e8 venuto a mancare nella serata di ieri, luned\u00ec 31 agosto: proprio nella stessa data del\u00a0\u00absuo\u00bb cardinale. \u00c8 stato una presenza discreta e tenace nella Chiesa ambrosiana e <b>nella Milano che \u00e8 cambiata profondamente nell\u2019arco dei suoi 95 anni di vita<\/b>. Senza fare troppo rumore e, nonostante questo \u2013 o forse proprio grazie a ci\u00f2 \u2013, ha vissuto intensamente la spiritualit\u00e0. In fondo, come amava ricordare, un giorno una bimba di 11 anni, vedendolo lasciare la parrocchia, gli disse: \u00abDon Angelo, e adesso chi mi parler\u00e0 sottovoce di Dio?\u00bb.<\/p>\n<p class=\"chapter-paragraph\">Nato a Milano il 9 maggio 1931, <b>sacerdote dal 1954<\/b>, Casati \u00e8 stato parroco nella comunit\u00e0 di San Giovanni in Laterano, a Milano, per oltre vent&#8217;anni (dal 1986 al 2008), e <b>a capo del Decanato di Citt\u00e0 Studi dal 2000 al 2005<\/b>. . Da anni era residente nella comunit\u00e0 dei Santi Profeti, nella parrocchia di via Manzoni. A raccontare il magistero sono le sue stesse parole, lasciate in numerosi scritti \u2013\u00a0<b>omelie, commenti biblici, riflessioni spirituali, saggi e poesie<\/b> \u2013, e le testimonianze di chi l\u2019ha conosciuto. Gli incontri, appunto, affrontati nella dimensione dell\u2019ascolto, in coerenza <b>con la sua visione di Chiesa \u00abminore\u00bb, che si fa piccola, ultima<\/b>, come spiegava nel suo blog Sulla soglia, aperto a fine anni Novanta, agli albori del web.\u00a0Le sue omelie &#8211;  in cui intrecciava amore per la Scrittura, poesia, e una passione per gli \u00absconfinamenti\u00bb, fuori dai tracciati ecclesiastici \u2013 venivano condivise e passate di mano in mano, ogni domenica, da una rete di amici vastissima. Le ha scritte fino alla fine: l\u2019ultima porta la data del primo agosto.    &#13;<br \/>\n&#13;<br \/>\n&#13;<br \/>\n&#13;<br \/>\n&#13;<br \/>\n&#13;<br \/>\n&#13;<br \/>\n&#13;<br \/>\n&#13;<br \/>\n&#13;<br \/>\n&#13;<br \/>\n&#13;<br \/>\n&#13;<br \/>\n&#13;<br \/>\n&#13;<br \/>\n&#13;<br \/>\n&#13;<br \/>\n&#13;<br \/>\n&#13;<br \/>\n&#13;<br \/>\n&#13;<br \/>\n&#13;<br \/>\n&#13;<br \/>\n&#13;<br \/>\n&#13;<br \/>\n&#13;<br \/>\n&#13;<br \/>\n&#13;<br \/>\n&#13;<br \/>\n&#13;<br \/>\n&#13;<br \/>\n&#13;<br \/>\n&#13;<br \/>\n&#13;<br \/>\n&#13;<br \/>\n&#13;<br \/>\n&#13;<br \/>\n&#13;<br \/>\n&#13;<br \/>\n&#13;<br \/>\n&#13;<br \/>\n&#13;<br \/>\n&#13;<br \/>\n&#13;<br \/>\n&#13;<br \/>\n&#13;<br \/>\n&#13;<br \/>\n&#13;<br \/>\n&#13;<br \/>\n&#13;<br \/>\n&#13;<br \/>\n&#13;<br \/>\n&#13;\n<\/p>\n<p class=\"chapter-paragraph\">Tra i primi a esprimere il cordoglio, <a href=\"https:\/\/www.chiesadinapoli.it\/angelo-amico-padre-fratello\/\" rel=\"nofollow noreferrer noopener\" target=\"_blank\"><b>l\u2019arcivescovo di Napoli Mimmo Battaglia<\/b>, che di don Angelo &#8211; di cui era divenuto, negli ultimi anni e nonostante la distanza, grande amico &#8211; loda la tenerezza<\/a>: \u00abNon era il garbo innocuo degli uomini miti. Era una cosa molto pi\u00f9 seria. Era il tuo modo di resistere\u00bb. Una voce che osava. Osava mettere in discussione l\u2019idea di una Chiesa fatta di sola esteriorit\u00e0, <b>osava chiedere apertamente un ritorno alla semplicit\u00e0 \u00abdel pane e della cena\u00bb<\/b>. Con una prosa umile e intensa oppure attraverso la poesia, di versi misurati e lievi, nel senso di delicati. Nella prefazione di un saggio di don Angelo, \u00abOspitando libert\u00e0\u00bb, Erri De Luca lo ha descritto come <b>un uomo che \u00absta controcorrente non da bastian contrario, ma da salmone.<\/b> Risale alla sorgente della parola sacra, la raggiunge com\u2019era prima dell\u2019abuso e dell\u2019usura\u00bb.<\/p>\n<p class=\"chapter-paragraph\">Don Angelo \u00e8 stato sempre alla ricerca di una fede capace di farsi umana. In questo, e non solo, il padre spirituale \u00e8 stato <b>il cardinale Carlo Maria Martini, diventato nel tempo confidente e amico<\/b>. Accomunati dalla propensione al dialogo tra il mondo religioso e quello laico, dalla volont\u00e0 di tradurre il Vangelo nella missione pastorale della Chiesa. Il primo contatto tra i due ha dell\u2019aneddotico. Don Angelo \u00e8 parroco di San Giovanni Evangelista a Lecco \u2013 dove rimane dal 1973 al 1986 \u2013<b> invita padre David Maria Turoldo in parrocchia, suscitando le resistenze<\/b> del mondo ecclesiale lariano. Il frate evita di partecipare all\u2019incontro e di conseguenza il sacerdote invia una lettera di rimostranze all\u2019allora novello arcivescovo di Milano Martini. La risposta rammaricata \u00e8 l\u2019inizio di un confronto che si sarebbe evoluto e intensificato nei decenni.<\/p>\n<p class=\"chapter-paragraph\">Si diceva di padre Turoldo, altra figura centrale per don Angelo. La contaminazione con il pensiero del \u00abprofeta\u00bb risale ai tempi del liceo in seminario, con le letture delle sue poesie. Passano gli anni, Casati insegna nei collegi ecclesiastici diocesani, <b>a Saronno, Masnago e Seveso,<\/b> diventa vicario parrocchiale<b> a San Giovanni di Busto Arsizio<\/b> (1967). Ed \u00e8 l\u00ec che conosce di persona il frate dei Servi di Maria, condividendo le istanze di rinnovamento culturale e religioso. Anche in seguito, si frequentano <b>all\u2019abbazia di Sant\u2019Egidio a Fontanella di Sotto il Monte<\/b>, culla del dissenso cattolico post-concilio, e nella parrocchia lariana retta dal sacerdote milanese. Ma la formazione e il pensiero di don Angelo sono passati anche attraverso il contatto con le migliaia di persone che ha conosciuto. Intervistato dieci anni fa da Paolo Rodari, su la Repubblica, diceva: \u00abIo non sarei quello che sono se non fosse per <b>le ragazze e i ragazzi che ho incontrato al liceo negli anni di vento del Sessantotto\u00bb.<\/b><\/p>\n<p class=\"chapter-paragraph\">Ancora quest\u2019anno, ormai 95enne, il suo nome compare accanto a nuove omelie e meditazioni sul Vangelo. Fino alle ultime forze rimaste: \u00abDir\u00f2 che da un po\u2019 di tempo a questa parte<b> mi vedo come scivolare via<\/b>: una delle prove \u2013 sorrido \u2013 anche se non cosi\u0300 importante, sono i polpastrelli che arrancano a fatica sulla tastiera\u00bb, <a href=\"http:\/\/www.sullasoglia.eu\/omelie\/ambrosiano\/dom-8-8-2026.htm\" rel=\"nofollow noreferrer noopener\" target=\"_blank\">ha ammesso lo scorso 8 agosto<\/a> sul <a href=\"http:\/\/www.sullasoglia.eu\/\" rel=\"nofollow noreferrer noopener\" target=\"_blank\">portale <\/a>che ospita le sue riflessioni. \u00ab<b>Ci sono fiori che di sera lentamente si addormentano<\/b>, poi alle prime luci per piccoli brividi si risvegliano\u00bb. In punta di piedi, ha introdotto e confidato cos\u00ec la scelta di non pubblicare pi\u00f9 nulla: \u00abC\u2019e\u0300 un tempo per ogni cosa. C\u2019e\u0300 il tempo del seminare e quello del raccogliere,<b> il tempo del dare e quello del custodire<\/b>\u00bb. Un ultimo riferimento di don Angelo a un passo del Qohelet, il libro dell\u2019Antico Testamento studiato e apprezzato da padre Turoldo e dal cardinal Martini, ma anche da artisti e letterati laici, per la radicalit\u00e0 disincantata. Fino alla fine, una dimostrazione accennata e sussurrata di coerenza del \u00abcurato di citt\u00e0\u00bb.<\/p>\n<p class=\"chapter-paragraph\">La camera ardente per don Angelo Casati, allestita nella cappella San Carlo della chiesa di San Francesco di Paola a Milano (dove risiedeva), sar\u00e0 aperta marted\u00ec 1 settembre fino alle 18 e mercoled\u00ec 2 settembre dalle 9 alle 12 e dalle 15 alle 18.30.<\/p>\n<p class=\"is-mr-t-20 is-mr-b-20\"><b><br \/>\n                    <a href=\"https:\/\/milano.corriere.it\/?intcmp=Notizielocali_nd_010623_corriere_ss_milano\" target=\"_blank\" rel=\"nofollow noopener\">Vai a tutte le notizie di Milano<\/a><br \/>\n            <\/b><\/p>\n<p class=\"chapter-paragraph\"><b><a href=\"https:\/\/www.corriere.it\/newsletter\/?theme=41&amp;intcmp=IIIcolonna_NL_CorMilano\" target=\"_blank\" rel=\"nofollow noopener\">Iscriviti alla newsletter di Corriere Milano<\/a><\/b><\/p>\n<p class=\"is-last-update\" datetime=\"2026-09-01T15:38:38+02:00\">1 settembre 2026 ( modifica il 1 settembre 2026 | 15:38)<\/p>\n<p class=\"is-copyright\">\n            \u00a9 RIPRODUZIONE RISERVATA\n        <\/p>\n","protected":false},"excerpt":{"rendered":"di Marco Pessina Era sacerdote dal 1954, aveva aperto il suo blog \u00abSulla soglia\u00bb negli anni Novanta, agli&hellip;\n","protected":false},"author":3,"featured_media":659855,"comment_status":"","ping_status":"","sticky":false,"template":"","format":"standard","meta":{"footnotes":"","_share_on_mastodon":"0"},"categories":[6],"tags":[2699,363977,363978,6979,4008,5310,363973,12672,37667,363979,34454,169831,363980,689,363981,83585,142522,843,363982,363983,2387,363984,363985,105195,819,64509,931,4296,11075,5372,363986,34604,363987,363988,14,8782,7881,12418,363989,363990,277,6988,14839,8784,363971,363974,363991,296169,296170,81538,98830,2759,8,1537,90,89,1211,15416,6991,962,1259,363992,363993,4841,28,7,15,82,9,83,10,363975,363976,3608,17051,10368,532,34410,13,363972,2199,11,80,84,12,81,85],"class_list":["post-659854","post","type-post","status-publish","format-standard","has-post-thumbnail","category-ultime-notizie","tag-agosto","tag-albori","tag-albori-web","tag-amava","tag-amico","tag-angelo","tag-angelo-casati","tag-aperto","tag-arcivescovo","tag-arrancano","tag-bastian","tag-bastian-contrario","tag-bastian-contrario-salmone","tag-blog","tag-blog-soglia","tag-cardinal","tag-cardinal-martini","tag-cardinale","tag-cardinale-carlo","tag-cardinale-carlo-maria","tag-carlo","tag-carlo-maria","tag-carlo-maria-martini","tag-casati","tag-chiesa","tag-coerenza","tag-comunita","tag-conosciuto","tag-contatto","tag-contrario","tag-contrario-salmone","tag-controcorrente","tag-controcorrente-bastian","tag-controcorrente-bastian-contrario","tag-cronaca","tag-curato","tag-data","tag-david","tag-david-maria","tag-david-maria-turoldo","tag-de","tag-de-luca","tag-diceva","tag-don","tag-don-angelo","tag-don-angelo-casati","tag-ecclesiastici","tag-erri","tag-erri-de","tag-erri-de-luca","tag-frate","tag-giovanni","tag-headlines","tag-it","tag-italia","tag-italy","tag-libro","tag-liceo","tag-luca","tag-mano","tag-maria","tag-maria-martini","tag-maria-turoldo","tag-martini","tag-milano","tag-news","tag-notizie","tag-notizie-di-cronaca","tag-notizie-principali","tag-notiziedicronaca","tag-notizieprincipali","tag-omelie","tag-osava","tag-padre","tag-parrocchia","tag-sacerdote","tag-san","tag-san-giovanni","tag-titoli","tag-turoldo","tag-ultima","tag-ultime-notizie","tag-ultime-notizie-di-cronaca","tag-ultime-notizie-e-news-di-oggi","tag-ultimenotizie","tag-ultimenotiziedicronaca","tag-ultimenotizieenewsdioggi"],"share_on_mastodon":{"url":"","error":"Validation failed: Text character limit of 500 exceeded"},"_links":{"self":[{"href":"https:\/\/www.europesays.com\/it\/wp-json\/wp\/v2\/posts\/659854","targetHints":{"allow":["GET"]}}],"collection":[{"href":"https:\/\/www.europesays.com\/it\/wp-json\/wp\/v2\/posts"}],"about":[{"href":"https:\/\/www.europesays.com\/it\/wp-json\/wp\/v2\/types\/post"}],"author":[{"embeddable":true,"href":"https:\/\/www.europesays.com\/it\/wp-json\/wp\/v2\/users\/3"}],"replies":[{"embeddable":true,"href":"https:\/\/www.europesays.com\/it\/wp-json\/wp\/v2\/comments?post=659854"}],"version-history":[{"count":0,"href":"https:\/\/www.europesays.com\/it\/wp-json\/wp\/v2\/posts\/659854\/revisions"}],"wp:featuredmedia":[{"embeddable":true,"href":"https:\/\/www.europesays.com\/it\/wp-json\/wp\/v2\/media\/659855"}],"wp:attachment":[{"href":"https:\/\/www.europesays.com\/it\/wp-json\/wp\/v2\/media?parent=659854"}],"wp:term":[{"taxonomy":"category","embeddable":true,"href":"https:\/\/www.europesays.com\/it\/wp-json\/wp\/v2\/categories?post=659854"},{"taxonomy":"post_tag","embeddable":true,"href":"https:\/\/www.europesays.com\/it\/wp-json\/wp\/v2\/tags?post=659854"}],"curies":[{"name":"wp","href":"https:\/\/api.w.org\/{rel}","templated":true}]}}