{"id":659862,"date":"2026-09-01T14:54:16","date_gmt":"2026-09-01T14:54:16","guid":{"rendered":"https:\/\/www.europesays.com\/it\/659862\/"},"modified":"2026-09-01T14:54:16","modified_gmt":"2026-09-01T14:54:16","slug":"basket-serie-a2-quattro-giorni-e-due-amichevoli-di-spessore-contro-trento-e-trieste-formazioni-di-categoria-superiore-fortitudo-in-valtellina-per-un-test-dalta-scuola","status":"publish","type":"post","link":"https:\/\/www.europesays.com\/it\/659862\/","title":{"rendered":"Basket serie A2: quattro giorni e due amichevoli di spessore contro Trento e Trieste, formazioni di categoria superiore. Fortitudo in Valtellina per un test d\u2019alta scuola"},"content":{"rendered":"<p>Pronti, partenza, via. Quattro giorni di ritiro attendo la <strong>Fortitudo<\/strong> che sale a Sondrio per prendere parte alla <strong>Valtellina Summer League<\/strong>. Da oggi a venerd\u00ec sera la truppa di <strong>Demis Cavina<\/strong> sar\u00e0 impegnata nella competizione che la metter\u00e0 di fronte a due formazioni di serie A come Trento e Trieste. Per <strong>Matteo Fantinelli<\/strong> e compagni che stanno continuando a lavorare \u00e8 l\u2019occasione di testarsi dopo Tortona e Reggio Emilia, contro altre due avversarie di categoria superiore, campionato in cui qualit\u00e0 e sopratutto fisicit\u00e0 sono nettamente superiori a quelle di A2 che da met\u00e0 settembre vedr\u00e0 la Effe tra le protagoniste.<\/p>\n<p>Domani alle 19 a Livigno, qualche centinaio di biglietti ancora disponibile, la Flats Service tester\u00e0 la condizione contro Trento. La sfida contro la Dolomiti Energia arriva dopo un ciclo di 4 amichevoli che hanno messo in mostra pregi, tanti e difetti, qualcuno ma decisamente riparabile. Bene con Montecatini, benissimo con Tortona e Pistoia, la Effe ha subito difensivamente la fisicit\u00e0 di Reggio, ma \u00e8 normale quando ti misuri contro avversarie di categoria superiore.<\/p>\n<p>Le sfide con Trento e Trieste, con i giuliani si gioca venerd\u00ec alle 18 a Morbegno ed \u00e8 gi\u00e0 soldout, serviranno per trovare quella durezza difensiva e quella fisicit\u00e0 da mettere in campo necessaria per controbattere formazioni di categoria superiore, anche se nel caso di Trieste si parla di una squadra in piena fase di costruzione con qualche elemento di esperienza come gli ex Ruzzier e Candussi, un paio di stranieri di qualit\u00e0 e tanti giovani.<\/p>\n<p>Fortitudo che dovrebbe salire in Valtellina al completo con il possibile ritorno a disposizione anche di Todor Radonjic lasciato precauzionalmente a riposo nel confronto di sabato a Castelnovo ne\u2019 Monti con Reggio Emilia. La curiosit\u00e0 sar\u00e0 tutta per rivedere all\u2019opera Valerio Mazzola tornato in campo per 8\u2019 sabato e che sta bruciando i tempi per essere a disposizione di Cavina nel pi\u00f9 breve tempo possibile e farsi trovare pronto per l\u2019inizio della stagione.<\/p>\n","protected":false},"excerpt":{"rendered":"Pronti, partenza, via. Quattro giorni di ritiro attendo la Fortitudo che sale a Sondrio per prendere parte alla&hellip;\n","protected":false},"author":3,"featured_media":659863,"comment_status":"","ping_status":"","sticky":false,"template":"","format":"standard","meta":{"footnotes":"","_share_on_mastodon":"0"},"categories":[1453],"tags":[7554,7526,1756,1757,3080,32384,15120,1537,90,89,2061,1821,74683,245,244,9329,7548,6687,14779],"class_list":["post-659862","post","type-post","status-publish","format-standard","has-post-thumbnail","category-basket","tag-alta","tag-amichevoli","tag-basket","tag-basketball","tag-categoria","tag-formazioni","tag-fortitudo","tag-it","tag-italia","tag-italy","tag-scuola","tag-serie","tag-spessore","tag-sport","tag-sports","tag-superiore","tag-trento","tag-trieste","tag-valtellina"],"share_on_mastodon":{"url":"https:\/\/pubeurope.com\/@it\/117196361888890885","error":""},"_links":{"self":[{"href":"https:\/\/www.europesays.com\/it\/wp-json\/wp\/v2\/posts\/659862","targetHints":{"allow":["GET"]}}],"collection":[{"href":"https:\/\/www.europesays.com\/it\/wp-json\/wp\/v2\/posts"}],"about":[{"href":"https:\/\/www.europesays.com\/it\/wp-json\/wp\/v2\/types\/post"}],"author":[{"embeddable":true,"href":"https:\/\/www.europesays.com\/it\/wp-json\/wp\/v2\/users\/3"}],"replies":[{"embeddable":true,"href":"https:\/\/www.europesays.com\/it\/wp-json\/wp\/v2\/comments?post=659862"}],"version-history":[{"count":0,"href":"https:\/\/www.europesays.com\/it\/wp-json\/wp\/v2\/posts\/659862\/revisions"}],"wp:featuredmedia":[{"embeddable":true,"href":"https:\/\/www.europesays.com\/it\/wp-json\/wp\/v2\/media\/659863"}],"wp:attachment":[{"href":"https:\/\/www.europesays.com\/it\/wp-json\/wp\/v2\/media?parent=659862"}],"wp:term":[{"taxonomy":"category","embeddable":true,"href":"https:\/\/www.europesays.com\/it\/wp-json\/wp\/v2\/categories?post=659862"},{"taxonomy":"post_tag","embeddable":true,"href":"https:\/\/www.europesays.com\/it\/wp-json\/wp\/v2\/tags?post=659862"}],"curies":[{"name":"wp","href":"https:\/\/api.w.org\/{rel}","templated":true}]}}