{"id":659876,"date":"2026-09-01T15:02:16","date_gmt":"2026-09-01T15:02:16","guid":{"rendered":"https:\/\/www.europesays.com\/it\/659876\/"},"modified":"2026-09-01T15:02:16","modified_gmt":"2026-09-01T15:02:16","slug":"hellas-in-attacco-ce-ekuban-era-svincolato-dopo-cinque-stagioni-al-genoa","status":"publish","type":"post","link":"https:\/\/www.europesays.com\/it\/659876\/","title":{"rendered":"Hellas, in attacco c&#8217;\u00e8 Ekuban, era svincolato dopo cinque stagioni al Genoa"},"content":{"rendered":"<p>Si chiude. Marted\u00ec 1 settembre alle 20 finisce la lunga sessione di calciomercato, partita a rilento causa Mondiali e finita freneticamente a campionati iniziati.<\/p>\n<p>L&#8217;arrivo di Ekuban<\/p>\n<p><strong>Caleb Ekuban torna a Verona<\/strong>, questa volta per vestire la maglia dell\u2019Hellas.<strong> Attaccante classe 1994, \u00e8 nato proprio a Villafranca di Verona<\/strong> ed \u00e8 cresciuto nei settori giovanili <strong>di Mantova e Chievo<\/strong>. Dopo le prime esperienze tra S\u00fcdtirol, Lumezzane e Renate, esplode in Albania con il Partizani Tirana, segnando 17 reti in campionato. Nel 2017 passa al Leeds United, in Championship inglese, <strong>prima di trasferirsi in Turchia al Trabzonspor.<\/strong><\/p>\n<p>\u00c8 proprio sul Mar Nero che vive alcune delle stagioni migliori della carriera, arrivando complessivamente a 29 gol in 103 presenze con il club. Nel 2021 rientra in Italia firmando per il Genoa, con cui disputa cinque stagioni tra Serie A e Serie B.<strong> Nell\u2019ultimo campionato, 2025-26, ha collezionato 31 presenze e 4 reti in Serie A. P<\/strong>unta fisica e mobile, pu\u00f2 giocare sia da riferimento centrale sia muovendosi su tutto il fronte offensivo. Nato in Italia da famiglia ghanese, ha scelto di rappresentare il Ghana, con cui conta 13 presenze e 3 gol.<\/p>\n<p>\u00a0<\/p>\n<p>Ancora in ballo<\/p>\n<p>Dopo quella che ha portato all\u2019<a href=\"https:\/\/www.larena.it\/argomenti\/sport\/hellas-verona\/calciomercato-gabriele-zappa-e-un-giocatore-dell-hellas-1.13108046\" target=\"_blank\" rel=\"nofollow noopener\">arrivo in giallobl\u00f9 di Gabriele Zappa<\/a>, un\u2019altra operazione sottotraccia di Sean Sogliano consegna un rinforzo di peso al Verona: si tratta di <strong>Mattia Felici<\/strong>, esterno sinistro del Cagliari, in arrivo in prestito con obbligo di riscatto in caso di promozione in Serie A. Occhio che il suo arrivo potrebbe non escludere la cessione di <strong>Sarr<\/strong>.<\/p>\n<p>Nel reparto offensivo, si cerca ancora un vice Mulattieri. Diversi i nomi circolati in queste ore: le quotazioni di Lion<strong> Lauberbach<\/strong> del Venezia sono s cese a causa di un problema fisico, mentre restano stabili quelle di Silvio <strong>Merkaj<\/strong> (in gol contro il Benevento, per lui il S\u00fcdtirol chiede un milione di euro) e di Sandro <strong>Kulenovic<\/strong>, obiettivo giallobl\u00f9 anche lo scorso gennaio e che potrebbe arrivare dal Torino.<br \/>&#13;<br \/>\nResta poi l\u2019obiettivo pi\u00f9 agognato dal ds dell\u2019Hellas: si tratta di <strong>Luca Mazzitelli<\/strong>, centrocampista in uscita dal Como ma sul quale la concorrenza \u00e8 tanta: oltre al Monza, occhio al Palermo, che ha un portafoglio ricco e che dopo le due vittorie nelle prime due gare punta con ancor maggiore decisione alla Serie A.\u00a0<\/p>\n<p>Belghali al Toro, Oyegoke in Inghilterra<\/p>\n<p>Si era partiti da Juve, Inter e Napoli, si era arrivati a parlare di Marsiglia e Olympiakos. Alla fine <strong>Rafik Belghali<\/strong>, dopo aver rifiutato il passaggio al Sassuolo, va al Torino. Ieri le visite mediche, cessione che resta sotto i dieci milioni (<a href=\"https:\/\/www.larena.it\/argomenti\/sport\/hellas-verona\/hellas-verona-mercato-belghali-e-bowie-1.13064910\" target=\"_blank\" rel=\"nofollow noopener\">o addirittura 15<\/a>) ipotizzati dopo il Mondiale. La cifra della cessione a titolo definitivo dovrebbe attestarsi intorno ai 7 milioni.\u00a0<br \/>&#13;<br \/>\nIn uscita anche <strong>Daniel Oyegoke<\/strong>, spiazzato dall\u2019ingaggio di Zappa e accontentato nella richiesta di essere ceduto: per lui si prospetta un ritorno in Inghilterra, al Licoln City.<\/p>\n<p>\u00c8 anche arrivata la risoluzione consensuale del contratto dell&#8217;attaccante argentino <strong>Juan Manuel Cruz<\/strong>: per il figlio del \u00abJardinero\u00bb poche soddisfazioni e un grave infortunio nei suoi anni giallobl\u00f9. Potrebbe anche arrivare la cessione in prestito di <strong>Vermesan<\/strong>, mentre per<strong> Suslov<\/strong>, al momento fuori rosa, l\u2019ipotesi pi\u00f9 credibile \u00e8 la cessione in Turchia, dove il mercato chiude venerd\u00ec 4 settembre.<\/p>\n<p>Iannoni al Verona\u00a0<\/p>\n<p>Doveva entrare nell&#8217;affare Belghali, inizialmente indirizzato al Sassuolo, ma nonostante il cambio di destinazione<a href=\"https:\/\/www.larena.it\/argomenti\/sport\/hellas-verona\/iannoni-al-verona-arriva-in-prestito-con-opzione-dal-sassuolo-1.13111243\" target=\"_blank\" rel=\"nofollow noopener\"><strong> Edoardo Iannoni \u00e8 comunque un giocatore del Verona<\/strong><\/a>, a titolo definitivo.<\/p>\n<p>\u00a0<\/p>\n","protected":false},"excerpt":{"rendered":"Si chiude. Marted\u00ec 1 settembre alle 20 finisce la lunga sessione di calciomercato, partita a rilento causa Mondiali&hellip;\n","protected":false},"author":3,"featured_media":659877,"comment_status":"","ping_status":"","sticky":false,"template":"","format":"standard","meta":{"footnotes":"","_share_on_mastodon":"0"},"categories":[176],"tags":[1537,90,89,245,244],"class_list":["post-659876","post","type-post","status-publish","format-standard","has-post-thumbnail","category-sport","tag-it","tag-italia","tag-italy","tag-sport","tag-sports"],"share_on_mastodon":{"url":"https:\/\/pubeurope.com\/@it\/117196393282156602","error":""},"_links":{"self":[{"href":"https:\/\/www.europesays.com\/it\/wp-json\/wp\/v2\/posts\/659876","targetHints":{"allow":["GET"]}}],"collection":[{"href":"https:\/\/www.europesays.com\/it\/wp-json\/wp\/v2\/posts"}],"about":[{"href":"https:\/\/www.europesays.com\/it\/wp-json\/wp\/v2\/types\/post"}],"author":[{"embeddable":true,"href":"https:\/\/www.europesays.com\/it\/wp-json\/wp\/v2\/users\/3"}],"replies":[{"embeddable":true,"href":"https:\/\/www.europesays.com\/it\/wp-json\/wp\/v2\/comments?post=659876"}],"version-history":[{"count":0,"href":"https:\/\/www.europesays.com\/it\/wp-json\/wp\/v2\/posts\/659876\/revisions"}],"wp:featuredmedia":[{"embeddable":true,"href":"https:\/\/www.europesays.com\/it\/wp-json\/wp\/v2\/media\/659877"}],"wp:attachment":[{"href":"https:\/\/www.europesays.com\/it\/wp-json\/wp\/v2\/media?parent=659876"}],"wp:term":[{"taxonomy":"category","embeddable":true,"href":"https:\/\/www.europesays.com\/it\/wp-json\/wp\/v2\/categories?post=659876"},{"taxonomy":"post_tag","embeddable":true,"href":"https:\/\/www.europesays.com\/it\/wp-json\/wp\/v2\/tags?post=659876"}],"curies":[{"name":"wp","href":"https:\/\/api.w.org\/{rel}","templated":true}]}}