{"id":659890,"date":"2026-09-01T15:09:13","date_gmt":"2026-09-01T15:09:13","guid":{"rendered":"https:\/\/www.europesays.com\/it\/659890\/"},"modified":"2026-09-01T15:09:13","modified_gmt":"2026-09-01T15:09:13","slug":"taormina-vasto-incendio-minaccia-le-abitazioni-il-sindaco-de-luca-situazione-tragica-morto-un-26enne-nel-palermitano","status":"publish","type":"post","link":"https:\/\/www.europesays.com\/it\/659890\/","title":{"rendered":"Taormina, vasto incendio minaccia le abitazioni. Il sindaco De Luca: \u00abSituazione tragica\u00bb. Morto un 26enne nel Palermitano"},"content":{"rendered":"<p>    di<br \/>\n    Salvo Fallica<\/p>\n<p class=\"summary-art is-line-h-12\">Il sindaco di Taormina: \u00abSembra a tutti gli effetti un incendio di natura dolosa\u00bb. Fiamme anche nel Messinese e nell&#8217;Agrigentino<\/p>\n<p class=\"chapter-paragraph\">Non si placa l&#8217;<b>ondata di incendi in Sicilia<\/b>, oggi<b> le fiamme incombono sul centro abitato di Taormina\u00a0<\/b>&#8211; la capitale del turismo dello Ionio, famosa in tutto il mondo. Le fiamme lambiscono le abitazioni, <b>l&#8217;area pi\u00f9 colpita \u00e8 quella del quartiere Zappulla<\/b>. Secondo quanto emerge l&#8217;incendio si \u00e8 propagato dalla zona vicino a una casa di riposo e le fiamme hanno poi raggiunto la prima galleria Paramassi della via Garipoli, principale via di accesso dall\u2019A18 alla Perla dello Ionio. \u00c8 stato<b> bloccato l\u2019accesso ad alcune strade della zona<\/b> a partire dall\u2019Arco dei Cappuccini. Sono impegnati a domare le fiamme i vigili del fuoco.<\/p>\n<p class=\"chapter-paragraph\">L&#8217;incendio si \u00e8 poi ampliato sino a raggiungere<b> il territorio di Castelmola<\/b> (comune posto pi\u00f9 in alto rispetto a Taormina sul colle che domina il mar Ionio). \u00abStiamo intervenendo anche noi &#8211; ha detto il sindaco del centro collinare (Castelmola), Orlando Russo &#8211; ho dato disposizione di far convergere in contrada Tirone l&#8217;autobotte comunale\u00bb.<b> Le ricadute sul piano della viabilit\u00e0 sono notevoli<\/b>, in particolar modo disagi significativi vi sono nella via Luigi Pirandello di Taormina, che allo stato attuale \u00e8 l\u2019unica via di accesso al centro della Perla dello Ionio.    &#13;<br \/>\n&#13;<br \/>\n&#13;<br \/>\n&#13;<br \/>\n&#13;<br \/>\n&#13;<br \/>\n&#13;<br \/>\n&#13;<br \/>\n&#13;<br \/>\n&#13;<br \/>\n&#13;<br \/>\n&#13;<br \/>\n&#13;<br \/>\n&#13;<br \/>\n&#13;<br \/>\n&#13;<br \/>\n&#13;<br \/>\n&#13;<br \/>\n&#13;<br \/>\n&#13;<br \/>\n&#13;<br \/>\n&#13;<br \/>\n&#13;<br \/>\n&#13;<br \/>\n&#13;<br \/>\n&#13;<br \/>\n&#13;<br \/>\n&#13;<br \/>\n&#13;<br \/>\n&#13;<br \/>\n&#13;<br \/>\n&#13;<br \/>\n&#13;<br \/>\n&#13;<br \/>\n&#13;<br \/>\n&#13;<br \/>\n&#13;<br \/>\n&#13;<br \/>\n&#13;<br \/>\n&#13;<br \/>\n&#13;<br \/>\n&#13;<br \/>\n&#13;<br \/>\n&#13;<br \/>\n&#13;<br \/>\n&#13;<br \/>\n&#13;<br \/>\n&#13;<br \/>\n&#13;<br \/>\n&#13;<br \/>\n&#13;<br \/>\n&#13;<br \/>\n&#13;\n<\/p>\n<p class=\"chapter-paragraph\">Anche il sindaco di Taormina,  <b>Cateno De Luca, non nasconde la sua preoccupazione,<\/b> su Facebook lancia l&#8217;allarme: <b>\u00abTaormina brucia<\/b>. In contrada Zappulla la <b>situazione \u00e8 veramente tragica.<\/b> \u00c8 arrivato l&#8217;elicottero dei vigili del fuoco. Siamo in attesa del Canadair. Sembra a tutti gli effetti un incendio di natura dolosa\u00bb. E il sindaco aggiunge: \u00abLe fiamme hanno circondato una villa nel rione Tirone e stiamo intervenendo con la polizia locale per mettere in salvo una signora, che non vuole lasciare l&#8217;immobile, e i suoi cani\u00bb.<\/p>\n<p>    Morto un 26enne a Ciminna<\/p>\n<p class=\"chapter-paragraph\">Il giovane di 26 anni, Salvatore Giglia, che<a href=\"https:\/\/www.corriere.it\/cronache\/26_agosto_31\/incendi-in-sicilia-bruciati-piu-di-600-ettari-evacuazioni-nel-palermitano-e-nel-siracusano-grave-un-26enne-2e43eb6b-a183-4aa3-aada-c332e8e4axlk.shtml\" title=\"Incendi in Sicilia, bruciati pi\u00f9 di 600 ettari: evacuazioni nel Palermitano e nel Siracusano, grave un 26enne\" rel=\"nofollow noopener\" target=\"_blank\"> era rimasto gravemente ustionato mentre cercava di salvare la sua villetta<\/a> e la sua campagna a Ciminna, <b>\u00e8 morto nel reparto di Rianimazione dell\u2019ospedale Civico di Palermo<\/b>. Il sindaco Vito Filippo Barone afferma: \u00abLa nostra comunit\u00e0 \u00e8 oggi profondamente colpita dalla prematura scomparsa di Salvatore Giglia, giovane di appena 26 anni. Di fronte a una perdita cos\u00ec dolorosa e ingiusta, le parole sembrano non essere sufficienti. \u00c8 difficile accettare che una vita cos\u00ec giovane, con ancora tanti sogni, progetti e speranze davanti a s\u00e9, sia stata spezzata cos\u00ec presto. In questo momento di immenso dolore &#8211; aggiunge il primo cittadino &#8211; desideriamo esprimere la nostra pi\u00f9 sincera vicinanza alla famiglia, agli amici e a tutte le persone che gli hanno voluto bene e che oggi ne piangono la scomparsa, facendoci interpreti del dolore e della commozione dell\u2019intera comunit\u00e0\u00bb. Sar\u00e0 l\u2019Arcivescovo di Palermo, Corrado Lorefice, a presiedere i funerali di Salvatore Giglia. La celebrazione avr\u00e0 luogo domani, alle 16, nella parrocchia Santa Maria Maddalena &#8211; Chiesa Madre di Ciminna.<\/p>\n<p class=\"chapter-paragraph\">Ieri il sindaco di Ciminna, cos\u00ec come altri primi cittadini, aveva<b> criticato le carenze sul piano degli interventi d&#8217;emergenza<\/b> e sul piano della programmazione sul fronte della prevenzione degli incendi. Vito Filippo Barone aveva infatti denunciato la <b>\u00abscarsa presenza delle istituzioni, vi sono pochi mezzi a nostra disposizione<\/b>. Un volo soltanto di canadair e di elicotteri, nonostante i ripetuti appelli nei confronti di tutti i settori responsabili\u00bb. Una situazione che per il sindaco \u00ablascia l\u2019amaro in bocca, una sconfitta per lo Stato e per tutti noi\u00bb.<\/p>\n<p class=\"chapter-paragraph\"><b>Altri incendi colpiscono aree piene di verde nel Messinese, danni ingenti nell&#8217;Agrigentino, e a Siracusa<\/b> un incendio ha devastato parte delle Saline, un&#8217;area protetta dall&#8217;alto valore naturalistico. L&#8217;emergenza incendi continua, e si ripete ogni estate in Sicilia.<\/p>\n<p class=\"chapter-paragraph\">La segretaria generale della Uil Sicilia, Luisella Lionti, oltre ad esprimere \u00abprofondo cordoglio per la morte di Salvatore Giglia\u00bb sostiene che<b> \u00abnon possiamo pi\u00f9 raccontare questa stagione come una normale emergenza estiva<\/b> dietro ogni incendio c&#8217;\u00e8 un pezzo di Sicilia lasciato solo, senza prevenzione, senza controlli, senza una risposta coerente delle istituzioni. I vigili del fuoco, la Protezione civile e la Forestale fanno ogni giorno un lavoro straordinario ma non possono sopperire a scelte politiche assenti o tardive. Occorre passare dalle parole ai fatti\u00bb.<\/p>\n<p class=\"is-last-update\" datetime=\"2026-09-01T15:26:07+02:00\">1 settembre 2026 ( modifica il 1 settembre 2026 | 15:26)<\/p>\n<p class=\"is-copyright\">\n            \u00a9 RIPRODUZIONE RISERVATA\n        <\/p>\n","protected":false},"excerpt":{"rendered":"di Salvo Fallica Il sindaco di Taormina: \u00abSembra a tutti gli effetti un incendio di natura dolosa\u00bb. Fiamme&hellip;\n","protected":false},"author":3,"featured_media":659891,"comment_status":"","ping_status":"","sticky":false,"template":"","format":"standard","meta":{"footnotes":"","_share_on_mastodon":"0"},"categories":[6],"tags":[16246,2748,1237,364003,4197,841,12555,11634,364004,104,363556,19479,931,39927,14,277,6988,6258,1905,131791,2096,364005,364006,450,36631,10736,9435,363562,1346,783,364001,229,8,459,3411,364007,364008,64655,10751,1537,90,89,300,7,15,82,9,83,10,975,45141,364002,5991,19,786,5444,13,11,80,84,12,81,85,6162,6163],"class_list":["post-659890","post","type-post","status-publish","format-standard","has-post-thumbnail","category-ultime-notizie","tag-abitazioni","tag-accesso","tag-aggiunge","tag-agrigentino","tag-alto","tag-area","tag-barone","tag-canadair","tag-castelmola","tag-centro","tag-ciminna","tag-colpita","tag-comunita","tag-contrada","tag-cronaca","tag-de","tag-de-luca","tag-disposizione","tag-dolore","tag-dolosa","tag-effetti","tag-effetti-incendio","tag-effetti-incendio-natura","tag-emergenza","tag-esprimere","tag-fiamme","tag-filippo","tag-filippo-barone","tag-fronte","tag-fuoco","tag-giglia","tag-giovane","tag-headlines","tag-incendi","tag-incendio","tag-incendio-natura","tag-incendio-natura-dolosa","tag-intervenendo","tag-ionio","tag-it","tag-italia","tag-italy","tag-morto","tag-news","tag-notizie","tag-notizie-di-cronaca","tag-notizie-principali","tag-notiziedicronaca","tag-notizieprincipali","tag-piano","tag-salvatore","tag-salvatore-giglia","tag-sicilia","tag-sindaco","tag-situazione","tag-taormina","tag-titoli","tag-ultime-notizie","tag-ultime-notizie-di-cronaca","tag-ultime-notizie-e-news-di-oggi","tag-ultimenotizie","tag-ultimenotiziedicronaca","tag-ultimenotizieenewsdioggi","tag-vigili","tag-vigili-fuoco"],"share_on_mastodon":{"url":"","error":"Validation failed: Text character limit of 500 exceeded"},"_links":{"self":[{"href":"https:\/\/www.europesays.com\/it\/wp-json\/wp\/v2\/posts\/659890","targetHints":{"allow":["GET"]}}],"collection":[{"href":"https:\/\/www.europesays.com\/it\/wp-json\/wp\/v2\/posts"}],"about":[{"href":"https:\/\/www.europesays.com\/it\/wp-json\/wp\/v2\/types\/post"}],"author":[{"embeddable":true,"href":"https:\/\/www.europesays.com\/it\/wp-json\/wp\/v2\/users\/3"}],"replies":[{"embeddable":true,"href":"https:\/\/www.europesays.com\/it\/wp-json\/wp\/v2\/comments?post=659890"}],"version-history":[{"count":0,"href":"https:\/\/www.europesays.com\/it\/wp-json\/wp\/v2\/posts\/659890\/revisions"}],"wp:featuredmedia":[{"embeddable":true,"href":"https:\/\/www.europesays.com\/it\/wp-json\/wp\/v2\/media\/659891"}],"wp:attachment":[{"href":"https:\/\/www.europesays.com\/it\/wp-json\/wp\/v2\/media?parent=659890"}],"wp:term":[{"taxonomy":"category","embeddable":true,"href":"https:\/\/www.europesays.com\/it\/wp-json\/wp\/v2\/categories?post=659890"},{"taxonomy":"post_tag","embeddable":true,"href":"https:\/\/www.europesays.com\/it\/wp-json\/wp\/v2\/tags?post=659890"}],"curies":[{"name":"wp","href":"https:\/\/api.w.org\/{rel}","templated":true}]}}