{"id":659914,"date":"2026-09-01T15:30:16","date_gmt":"2026-09-01T15:30:16","guid":{"rendered":"https:\/\/www.europesays.com\/it\/659914\/"},"modified":"2026-09-01T15:30:16","modified_gmt":"2026-09-01T15:30:16","slug":"west-nile-paziente-ricoverato-da-20-giorni-a-villanova","status":"publish","type":"post","link":"https:\/\/www.europesays.com\/it\/659914\/","title":{"rendered":"West Nile, paziente ricoverato da 20 giorni a Villanova"},"content":{"rendered":"<p>VILLANOVA &#8211;\u00a0<strong>Un cittadino sarebbe ricoverato da una ventina di giorni<\/strong>, in condizioni serie, dopo avere contratto il <strong>West Nile virus<\/strong> in seguito a <strong>puntura di zanzara<\/strong>. Ma il <strong>Comune non \u00e8 stato informato<\/strong> n\u00e9 invitato a compiere cicli di disinfestazione aggiuntivi: trattandosi di <strong>virus ormai endemico<\/strong> in Italia e <strong>non trasmissibile da uomo a uomo<\/strong> n\u00e9 da uomo ad altre zanzare, non sono previsti <strong>interventi straordinari<\/strong> a differenza di quanto avviene per i casi di Dengue o per altre arbovirosi.<\/p>\n<p>A sollevare il problema <strong>via social<\/strong> \u2013 non senza polemiche \u2013 sono stati alcuni cittadini una volta appreso dell\u2019infezione che sarebbe stata contratta dal compaesano. Hanno domandato chiarimenti e a loro ha puntualmente risposto il <strong>vice sindaco Emanuele Emani<\/strong>, che ha riferito di <strong>non avere ricevuto comunicazioni<\/strong> dalle autorit\u00e0 sanitarie garantendo comunque che, a scopo precauzionale, l&#8217;ente programmer\u00e0 al pi\u00f9 presto <strong>disinfestazioni preventive<\/strong>.<\/p>\n<p>Chiarimenti sulla procedura sono infine arrivati proprio dall\u2019<strong>Ausl di Piacenza<\/strong>, che tuttavia per ragioni di privacy non conferma la localizzazione dei contagiati accertati: \u00abPer i <strong>quattro casi<\/strong> di infezione da <strong>West Nile virus<\/strong> confermati nella provincia di Piacenza (<strong>tre con sintomi neuro-invasivi<\/strong> e un donatore asintomatico, ndr) sono state avviate le <strong>normali indagini epidemiologiche<\/strong> previste dal <strong>Piano regionale di sorveglianza e controllo delle arbovirosi<\/strong>\u00bb.<\/p>\n<p>Viene poi ribadito che il <strong>virus \u00e8 ormai endemico<\/strong> e che nella maggior parte dei casi la <strong>malattia \u00e8 asintomatica<\/strong>: \u00ab<strong>Circa un paziente su cinque<\/strong> presenta sintomi leggeri come <strong>febbre, mal di testa, nausea, vomito<\/strong>, linfonodi ingrossati, manifestazioni cutanee \u2013 precisa l\u2019Ausl -. Questi sintomi possono durare pochi giorni, in rari casi qualche settimana e possono variare molto a seconda dell\u2019et\u00e0 della persona. Le <strong>forme neurologiche gravi<\/strong> sono rare, ma possono manifestarsi soprattutto nelle persone anziane o fragili e richiedere il <strong>ricovero ospedaliero<\/strong>\u00bb.<\/p>\n<p>\u00abA differenza dei protocolli adottati per i casi di <strong>Dengue, Chikungunya e Zika<\/strong>, in presenza di <strong>singoli casi<\/strong> di infezione da West Nile non sono previste <strong>disinfestazioni straordinarie<\/strong> nelle aree di residenza dei pazienti colpiti. Ad oggi, in Italia, l&#8217;<strong>unico vettore accertato<\/strong> di West Nile Virus \u00e8 <strong>Culex pipiens<\/strong>, cio\u00e8 la zanzara comune. Sul territorio piacentino \u00e8 in ogni caso attivo un <strong>monitoraggio costante<\/strong> per individuare precocemente il virus negli insetti e negli animali \u2018serbatoio\u2019, integrando la sorveglianza sull\u2019infezione asintomatica nei <strong>donatori di sangue<\/strong> e le segnalazioni di malattia nell\u2019uomo. Prosegue l\u2019indicazione all\u2019attivit\u00e0 ordinaria di disinfestazione\u00bb. Ai cittadini viene infine consigliato l\u2019<strong>uso di repellenti<\/strong>.<\/p>\n<p>    <a href=\"https:\/\/www.laprovinciacr.it\/news\/cronaca\/587813\/contagi-in-aumento-21-casi-nel-cremonese.html?utm_source=VCMS_correlati\" class=\"vc_cont_image\" rel=\"nofollow noopener\" target=\"_blank\"><img decoding=\"async\" class=\"vc_image\" src=\"https:\/\/www.europesays.com\/it\/wp-content\/uploads\/2026\/09\/1440056931792.jpg--contagi_in_aumento__21_casi_nel_cremonese.webp\"\/><\/a><\/p>\n","protected":false},"excerpt":{"rendered":"VILLANOVA &#8211;\u00a0Un cittadino sarebbe ricoverato da una ventina di giorni, in condizioni serie, dopo avere contratto il West&hellip;\n","protected":false},"author":3,"featured_media":659915,"comment_status":"","ping_status":"","sticky":false,"template":"","format":"standard","meta":{"footnotes":"","_share_on_mastodon":"0"},"categories":[175],"tags":[364018,7280,332034,24071,364017,239,1537,90,89,22526,240,48798,17706,352140],"class_list":["post-659914","post","type-post","status-publish","format-standard","has-post-thumbnail","category-salute","tag-ausl-di-piacenza","tag-chikungunya","tag-culex-pipiens","tag-dengue","tag-emanuele-emani","tag-health","tag-it","tag-italia","tag-italy","tag-piacenza","tag-salute","tag-villanova","tag-west-nile-virus","tag-zika"],"share_on_mastodon":{"url":"https:\/\/pubeurope.com\/@it\/117196504709077889","error":""},"_links":{"self":[{"href":"https:\/\/www.europesays.com\/it\/wp-json\/wp\/v2\/posts\/659914","targetHints":{"allow":["GET"]}}],"collection":[{"href":"https:\/\/www.europesays.com\/it\/wp-json\/wp\/v2\/posts"}],"about":[{"href":"https:\/\/www.europesays.com\/it\/wp-json\/wp\/v2\/types\/post"}],"author":[{"embeddable":true,"href":"https:\/\/www.europesays.com\/it\/wp-json\/wp\/v2\/users\/3"}],"replies":[{"embeddable":true,"href":"https:\/\/www.europesays.com\/it\/wp-json\/wp\/v2\/comments?post=659914"}],"version-history":[{"count":0,"href":"https:\/\/www.europesays.com\/it\/wp-json\/wp\/v2\/posts\/659914\/revisions"}],"wp:featuredmedia":[{"embeddable":true,"href":"https:\/\/www.europesays.com\/it\/wp-json\/wp\/v2\/media\/659915"}],"wp:attachment":[{"href":"https:\/\/www.europesays.com\/it\/wp-json\/wp\/v2\/media?parent=659914"}],"wp:term":[{"taxonomy":"category","embeddable":true,"href":"https:\/\/www.europesays.com\/it\/wp-json\/wp\/v2\/categories?post=659914"},{"taxonomy":"post_tag","embeddable":true,"href":"https:\/\/www.europesays.com\/it\/wp-json\/wp\/v2\/tags?post=659914"}],"curies":[{"name":"wp","href":"https:\/\/api.w.org\/{rel}","templated":true}]}}