{"id":659935,"date":"2026-09-01T15:49:14","date_gmt":"2026-09-01T15:49:14","guid":{"rendered":"https:\/\/www.europesays.com\/it\/659935\/"},"modified":"2026-09-01T15:49:14","modified_gmt":"2026-09-01T15:49:14","slug":"fantacalcio-perche-comprare-e-perche-no-josip-sutalo","status":"publish","type":"post","link":"https:\/\/www.europesays.com\/it\/659935\/","title":{"rendered":"Fantacalcio, perch\u00e9 comprare (e perch\u00e9 no) Josip Sutalo"},"content":{"rendered":"<p>&#8220;Far\u00f2 del mio meglio per renderli orgogliosi e felici&#8221;, con queste parole si \u00e8 presentato <strong>Josip Sutalo<\/strong> in casa Lazio.\u00a0<\/p>\n<p>Chi \u00e8 Josip Sutalo\u00a0<\/p>\n<p><strong>Josip Sutalo<\/strong> (\u010capljina, 28 febbraio 2000) \u00e8 un calciatore croato, difensore della Lazio, in prestito dall&#8217;Ajax, e della nazionale croata.<\/p>\n<p>Cresciuto nel Neretva Metkovi\u0107, nel 2014 si trasferisce nelle giovanili della Dinamo Zagabria. Il 30 ottobre 2019 arriva l&#8217;esordio con il club croata nella prima squadra, con Sutalo che gioca gli ottavi di finale di Coppa di Croazia contro l&#8217;Opatija.<\/p>\n<p>Il 20 agosto 2023, dopo un prestito all&#8217;Istria nel 2021, viene ceduto per 20,5 milioni di euro pi\u00f9 3 di bonus all\u2019Ajax.<\/p>\n<p>Poi il passaggio cruciale nell&#8217;agosto di quest&#8217;anno, con Sutalo che arriva in prestito con diritto di riscatto dalla Lazio.<\/p>\n<p>Il ruolo di Josip Sutalo\u00a0<\/p>\n<p>Sutalo \u00e8 un difensore centrale di piede destro, adatto sia al ruolo di braccetto in una linea a tre che in una difesa a quattro.\u00a0<\/p>\n<p>Altezza considerevole (184 cm) che non ne placa in alcun modo agilit\u00e0 e velocit\u00e0, risultando allo stesso tempo un difensore molto roccioso e ben strutturato fisicamente.\u00a0<\/p>\n<p>Nella gestione del possesso risulta sempre un elemento molto lucido, anche nell&#8217;uno contro uno non tende a temporeggiare.\u00a0<br \/>\u00a0<br \/><strong>Il suo ruolo al Fantacalcio Classic \u00e8 D, per il Mantra ovviamente parliamo Dc.\u00a0<\/strong><\/p>\n<p>Perch\u00e9 comprare Josip Sutalo al Fantacalcio<\/p>\n<p>Sutalo \u00e8 un giocatore di grande esperienza, affidabile. Le possibilit\u00e0 di portare a casa partite a voto sono concrete, e se acquistato a determinate cifre pu\u00f2 davvero considerarsi un colpo interessante per rapporto qualit\u00e0-prezzo.\u00a0<\/p>\n<p>Perch\u00e9 non comprare Josip Sutalo al Fantacalcio<\/p>\n<p>I grandi dubbi riguardano il ballottaggio serrato con Doekhi, aspetto che non permette di poterlo ritenere un titolare inamovibile. Ci sar\u00e0 da sudare per strappare la titolarit\u00e0 con continuit\u00e0 nel corso della stagione. Altro aspetto da tenere in considerazione \u00e8 anche quello legato ai cartellini. \u00a0<\/p>\n<p>Josip Sutalo, le statistiche<\/p>\n<p>Lo scorso anno, con la maglia dell&#8217;Ajax, Sutalo ha raccolto 31 presenze tra campionato e coppe (compresa la Champions League), registrando un solo cartellino giallo, niente gol e niente assist. In totale, con la maglia degli olandesi, ha giocato ben 76 partite in 4 stagioni: 3 gol all&#8217;attivo e 6 cartellini gialli.\u00a0<\/p>\n","protected":false},"excerpt":{"rendered":"&#8220;Far\u00f2 del mio meglio per renderli orgogliosi e felici&#8221;, con queste parole si \u00e8 presentato Josip Sutalo in&hellip;\n","protected":false},"author":3,"featured_media":659936,"comment_status":"","ping_status":"","sticky":false,"template":"","format":"standard","meta":{"footnotes":"","_share_on_mastodon":"0"},"categories":[1452],"tags":[721,719,720,1740,1537,90,89,251,1739,245,244],"class_list":["post-659935","post","type-post","status-publish","format-standard","has-post-thumbnail","category-calcio","tag-calcio","tag-fanta","tag-fantacalcio","tag-football","tag-it","tag-italia","tag-italy","tag-serie-a","tag-soccer","tag-sport","tag-sports"],"share_on_mastodon":{"url":"https:\/\/pubeurope.com\/@it\/117196578455705579","error":""},"_links":{"self":[{"href":"https:\/\/www.europesays.com\/it\/wp-json\/wp\/v2\/posts\/659935","targetHints":{"allow":["GET"]}}],"collection":[{"href":"https:\/\/www.europesays.com\/it\/wp-json\/wp\/v2\/posts"}],"about":[{"href":"https:\/\/www.europesays.com\/it\/wp-json\/wp\/v2\/types\/post"}],"author":[{"embeddable":true,"href":"https:\/\/www.europesays.com\/it\/wp-json\/wp\/v2\/users\/3"}],"replies":[{"embeddable":true,"href":"https:\/\/www.europesays.com\/it\/wp-json\/wp\/v2\/comments?post=659935"}],"version-history":[{"count":0,"href":"https:\/\/www.europesays.com\/it\/wp-json\/wp\/v2\/posts\/659935\/revisions"}],"wp:featuredmedia":[{"embeddable":true,"href":"https:\/\/www.europesays.com\/it\/wp-json\/wp\/v2\/media\/659936"}],"wp:attachment":[{"href":"https:\/\/www.europesays.com\/it\/wp-json\/wp\/v2\/media?parent=659935"}],"wp:term":[{"taxonomy":"category","embeddable":true,"href":"https:\/\/www.europesays.com\/it\/wp-json\/wp\/v2\/categories?post=659935"},{"taxonomy":"post_tag","embeddable":true,"href":"https:\/\/www.europesays.com\/it\/wp-json\/wp\/v2\/tags?post=659935"}],"curies":[{"name":"wp","href":"https:\/\/api.w.org\/{rel}","templated":true}]}}