{"id":659946,"date":"2026-09-01T15:56:15","date_gmt":"2026-09-01T15:56:15","guid":{"rendered":"https:\/\/www.europesays.com\/it\/659946\/"},"modified":"2026-09-01T15:56:15","modified_gmt":"2026-09-01T15:56:15","slug":"parma-e-cremonese-bernabe-non-giochera-debutta-fabbian-video-la-formazione-dei-crociati-il-commento-di-sandro-piovani","status":"publish","type":"post","link":"https:\/\/www.europesays.com\/it\/659946\/","title":{"rendered":"Parma e Cremonese: Bernab\u00e9 non giocher\u00e0, debutta Fabbian &#8211; Video: la formazione dei crociati, il commento di Sandro Piovani"},"content":{"rendered":"<p>Non ci sono ancora le formazioni ufficiali di <strong>Parma-Cremonese<\/strong> di <strong>Coppa<\/strong> ma \u00e8 arrivata la notizia dell&#8217;<strong>indisponibilit\u00e0 di Bernab\u00e9<\/strong> per <strong>lieve affaticamento<\/strong>, lo <strong>staff medico crociato<\/strong> lavora per averlo a disposizione <strong>domenica col Monza<\/strong>.<\/p>\n<p><strong>I sedicesimi di finale di Coppa Italia<\/strong> mettono difronte due formazioni deluse: il <strong>Parma<\/strong> e la <strong>Cremonese<\/strong> infatti arrivano, nei rispettivi campionati, da due gare ufficiali e da altrettante sconfitte. Certo, non \u00e8 uno stato di crisi acclarato ma certamente una \u00ab<strong>brutta<\/strong>\u00bb eliminazione non aiuterebbe a risollevare il morale. Cos\u00ec sul far della sera (<strong>stadio Tardini ore 18, diretta tv su Canale 20<\/strong>) <strong>Parma<\/strong> e <strong>Cremonese<\/strong> cercheranno di cancellare questo inizio di stagione non certo esaltante.<\/p>\n<p>Anche perch\u00e9 domenica il <strong>Parma<\/strong> affronter\u00e0 il <strong>Monza<\/strong> (stadio Tardini, ore 15) e la <strong>Cremonese<\/strong>, sempre in casa, il <strong>Padova<\/strong>. Insomma una partita che ha qualcosa di pi\u00f9, in palio, che la <strong>qualificazione agli ottavi di Coppa Italia<\/strong>. Che comunque si giocheranno, per chi passer\u00e0 il turno, contro una delle otto squadre meglio piazzate nel ranking del campionato scorso: in questo caso il <strong>Como<\/strong>, naturalmente in riva al lago.<\/p>\n<p>Sin qui la cosiddetta posta in palio. C&#8217;\u00e8 un altro aspetto che domani sar\u00e0 interessante verificare. Come giocher\u00e0 il <strong>Parma<\/strong>? E chi scender\u00e0 in campo? Beh, vien da dire che di primo acchito, potrebbero giocare i \u00ab<strong>nuovi<\/strong>\u00bb. In particolare <strong>Daffara, Fabbian, Romero e Frigan<\/strong>. Certo quest&#8217;ultimo non \u00e8 un acquisto estivo ma \u00e8 di fatto alla sua <strong>prima vera stagione<\/strong> nel <strong>Parma<\/strong> dopo lo stop di un anno dovuto all&#8217;<strong>infortunio<\/strong> patito nell&#8217;estate scorsa. Ma potrebbe essere anche il momento di rimettere in campo <strong>Ndiaye e Carboni<\/strong> in difesa, <strong>Cremaschi<\/strong> a centrocampo dal primo minuto. Tornando a <strong>Daffara<\/strong>, nella passata stagione <strong>Cuesta<\/strong> lasci\u00f2 sempre in campo <strong>Suzuki<\/strong> anche in Coppa Italia e <strong>Corvi<\/strong> gioc\u00f2 soltanto dopo l&#8217;infortunio del giapponese. Vedremo cosa decider\u00e0 quest&#8217;anno.<\/p>\n<p>Poi il sistema di gioco: contro la Juventus <strong>Cuesta<\/strong> \u00e8 tornato al <strong>5-3-2<\/strong>, certamente <strong>pi\u00f9 frizzante e propositivo<\/strong> rispetto alla passata stagione. Ma, una volta in svantaggio, \u00e8 tornato ad un <strong>4-3-3<\/strong> pi\u00f9 offensivo nel tentativo di recuperare. <strong>Romero<\/strong> di fatto, nei venti minuti in cui ha giocato, \u00e8 riuscito a tirare in porta per tre volte, con altrettante parate di <strong>Vicario<\/strong> (due decisive). Praticamente i primi tre tiri nello specchio della porta del campionato del <strong>Parma<\/strong>. E in una gara dove c&#8217;\u00e8 da far gioco pi\u00f9 che pensare a difendere, ecco che \u00e8 plausibile il ritorno al <strong>4-3-3<\/strong>.<\/p>\n<p>Non resta che aspettare questa sera: si giocano i <strong>90 minuti<\/strong> e in caso di parit\u00e0, subito i <strong>calci di rigore<\/strong>. <strong>Poi ci si rituffa in campionato.<\/strong><\/p>\n","protected":false},"excerpt":{"rendered":"Non ci sono ancora le formazioni ufficiali di Parma-Cremonese di Coppa ma \u00e8 arrivata la notizia dell&#8217;indisponibilit\u00e0 di&hellip;\n","protected":false},"author":3,"featured_media":659947,"comment_status":"","ping_status":"","sticky":false,"template":"","format":"standard","meta":{"footnotes":"","_share_on_mastodon":"0"},"categories":[176],"tags":[3705,5006,6297,15733,1537,90,89,558,11121,9839,6301,39994,245,244,123078],"class_list":["post-659946","post","type-post","status-publish","format-standard","has-post-thumbnail","category-sport","tag-como","tag-coppa-italia","tag-cremonese","tag-daffara","tag-it","tag-italia","tag-italy","tag-juventus","tag-monza","tag-padova","tag-parma","tag-romero","tag-sport","tag-sports","tag-stadio-tardini"],"share_on_mastodon":{"url":"https:\/\/pubeurope.com\/@it\/117196605718654979","error":""},"_links":{"self":[{"href":"https:\/\/www.europesays.com\/it\/wp-json\/wp\/v2\/posts\/659946","targetHints":{"allow":["GET"]}}],"collection":[{"href":"https:\/\/www.europesays.com\/it\/wp-json\/wp\/v2\/posts"}],"about":[{"href":"https:\/\/www.europesays.com\/it\/wp-json\/wp\/v2\/types\/post"}],"author":[{"embeddable":true,"href":"https:\/\/www.europesays.com\/it\/wp-json\/wp\/v2\/users\/3"}],"replies":[{"embeddable":true,"href":"https:\/\/www.europesays.com\/it\/wp-json\/wp\/v2\/comments?post=659946"}],"version-history":[{"count":0,"href":"https:\/\/www.europesays.com\/it\/wp-json\/wp\/v2\/posts\/659946\/revisions"}],"wp:featuredmedia":[{"embeddable":true,"href":"https:\/\/www.europesays.com\/it\/wp-json\/wp\/v2\/media\/659947"}],"wp:attachment":[{"href":"https:\/\/www.europesays.com\/it\/wp-json\/wp\/v2\/media?parent=659946"}],"wp:term":[{"taxonomy":"category","embeddable":true,"href":"https:\/\/www.europesays.com\/it\/wp-json\/wp\/v2\/categories?post=659946"},{"taxonomy":"post_tag","embeddable":true,"href":"https:\/\/www.europesays.com\/it\/wp-json\/wp\/v2\/tags?post=659946"}],"curies":[{"name":"wp","href":"https:\/\/api.w.org\/{rel}","templated":true}]}}