{"id":659964,"date":"2026-09-01T16:11:16","date_gmt":"2026-09-01T16:11:16","guid":{"rendered":"https:\/\/www.europesays.com\/it\/659964\/"},"modified":"2026-09-01T16:11:16","modified_gmt":"2026-09-01T16:11:16","slug":"roger-federer-e-mirka-lamore-oltre-il-tennis-per-i-nostri-gemelli-era-pronto-a-smettere-di-giocare","status":"publish","type":"post","link":"https:\/\/www.europesays.com\/it\/659964\/","title":{"rendered":"Roger Federer e Mirka, l\u2019amore oltre il tennis: \u00abPer i nostri gemelli era pronto a smettere di giocare\u00bb"},"content":{"rendered":"<p>    di<br \/>\n    Gaia Piccardi<\/p>\n<p class=\"summary-art is-line-h-12\">Il racconto della moglie: \u00abQuando scoprii che aspettavamo dei gemelli gli  dissi che non avrei potuto pi\u00f9 seguirlo ovunque. Mi rispose &#8220;allora rester\u00f2 a casa anch\u2019io e non giocher\u00f2 pi\u00f9&#8221;\u00bb<\/p>\n<p class=\"chapter-paragraph\">Sydney 2000, prima Olimpiade del nuovo millennio. Lei \u00e8 <b><a href=\"https:\/\/video.corriere.it\/sport\/federer-entra-nella-hall-of-fame-e-le-parole-di-sua-moglie-mirka-lo-commuovono\/f683d4f0-13f3-43a3-81e8-94c61a907xlk\" title=\"Federer entra nella Hall of Fame e le parole di sua moglie Mirka lo commuovono\" rel=\"nofollow noopener\" target=\"_blank\">Miroslava Vavrinec detta Mirka<\/a><\/b>, ceca naturalizzata svizzera, mai oltre il n.76 della classifica. Lui \u00e8<a href=\"https:\/\/www.corriere.it\/sport\/tennis\/26_agosto_27\/federer-esibizione-us-open-dd8fde37-37ab-4547-b6aa-ccee08f7bxlk.shtml\" title=\"L&#039;infinito tour estivo di Federer: anche nell&#039;era dei predestinati Sinner e Alcaraz, \u00e8 ancora lui il pi\u00f9 amato\" rel=\"nofollow noopener\" target=\"_blank\"> Roger Federer<\/a>, tre anni pi\u00f9 giovane, capelli lunghi raccolti in un codino, la tendenza a lanciare per terra la racchetta quando le cose si mettono male, segni particolari: <b>futuro fuoriclasse.<\/b> \u00abAveva 18 anni, io 21. A quanto pare, Roger decise subito che<b> l\u2019et\u00e0 era soltanto un numero<\/b>. A Sydney cominci\u00f2 a corteggiarmi. E, per fortuna, fu perseverante. Aveva zero titoli Atp all\u2019attivo: sarei stata presente a tutti i 103 che sarebbero seguiti\u00bb.<\/p>\n<p class=\"chapter-paragraph\"><b>La love story pi\u00f9 longeva del tennis <\/b>ha festeggiato le nozze d\u2019argento su uno dei campi in erba pi\u00f9 nobili del circuito: a Newport, nel Rhode Island, \u00e8 stata Mirka Federer a introdurre il marito nella Hall of Fame, facendo un discorso che \u00e8 stato una vera e propria dichiarazione d\u2019amore. Come <a href=\"https:\/\/www.corriere.it\/cronache\/26_luglio_10\/corinna-schumacher-ritratto-formula-1-ad625880-6014-45f1-9099-38c25b3e7xlk.shtml\" title=\"Corinna Schumacher, la moglie del campione che ha scelto di restare: \u00abMichael mi manca, ma \u00e8 qui insieme a me\u00bb\" rel=\"nofollow noopener\" target=\"_blank\">Corinna Schumacher<\/a>, Mrs Federer non ha mai dato interviste: non parlava in pubblico dalla Hopman Cup 2002, giocata al fianco di Roger quando erano coppia da poco.  All\u2019epoca, succedeva che aiutasse il boyfriend a registrare i colpi prima di una finale: \u00abAnch\u2019io ho giocato a livello professionistico, quindi Roger pensava che potessi aiutarlo a prepararsi. Ricordo ancora <a href=\"https:\/\/www.corriere.it\/sport\/cards\/20-slam-vinti-10-persi-leggenda-federer-raccontata-sue-30-finali-piu-una\/wimbledon-2019-sfida-djokovic_principale.shtml\" title=\"20 Slam vinti (e 10 persi): la leggenda di Federer raccontata dalle sue 30 finali (pi\u00f9 una)\" rel=\"nofollow noopener\" target=\"_blank\">Andy Roddick<\/a> che, scherzando dopo la finale di Cincinnati, disse: non posso credere di aver appena perso contro uno che si \u00e8 fatto riscaldare dalla morosa&#8230;\u00bb.    &#13;<br \/>\n&#13;<br \/>\n&#13;<br \/>\n&#13;<br \/>\n&#13;<br \/>\n&#13;<br \/>\n&#13;<br \/>\n&#13;<br \/>\n&#13;<br \/>\n&#13;<br \/>\n&#13;<br \/>\n&#13;<br \/>\n&#13;<br \/>\n&#13;<br \/>\n&#13;<br \/>\n&#13;<br \/>\n&#13;<br \/>\n&#13;<br \/>\n&#13;<br \/>\n&#13;<br \/>\n&#13;<br \/>\n&#13;<br \/>\n&#13;<br \/>\n&#13;<br \/>\n&#13;<br \/>\n&#13;<br \/>\n&#13;<br \/>\n&#13;<br \/>\n&#13;<br \/>\n&#13;<br \/>\n&#13;<br \/>\n&#13;<br \/>\n&#13;<br \/>\n&#13;<br \/>\n&#13;<br \/>\n&#13;<br \/>\n&#13;<br \/>\n&#13;<br \/>\n&#13;<br \/>\n&#13;<br \/>\n&#13;<br \/>\n&#13;<br \/>\n&#13;<br \/>\n&#13;<br \/>\n&#13;<br \/>\n&#13;<br \/>\n&#13;<br \/>\n&#13;<br \/>\n&#13;<br \/>\n&#13;<br \/>\n&#13;<br \/>\n&#13;<br \/>\n&#13;\n<\/p>\n<p class=\"chapter-paragraph\">Si sarebbe ritirata presto Mirka, avviata allo sport da Martina Navratilova che le regal\u00f2 la prima racchetta: colpa di un infortunio al piede. Contemporaneamente, <b>con il fiorire dell\u2019amore con la collega decolla la carriera dell\u2019uomo dei 20 titoli Slam.<\/b> La prima vittoria \u00e8 del 2001 (Milano), il primo Slam del 2003 (Wimbledon); la prima coppia di gemelle, Myla e Charlene, arriva nel 2009, Leo e Lennart nascono nel 2014. Erano tutti presenti, a Newport, l\u2019altra sera, con le lacrime agli occhi e un sorriso grande cos\u00ec. \u00abUna delle prime cose che ho capito di Roger \u00e8 che <b>desidera sempre avere vicino le persone che ama <\/b>\u2014 ha detto Mirka \u2014. \u00c8 una delle qualit\u00e0 che ho ammirato di pi\u00f9 in lui, non soltanto come tennista, ma come persona\u00bb.  E poi l\u2019aneddoto che lo conferma: \u00abQuando scoprii che aspettavamo dei gemelli per la prima volta, dissi a Roger che probabilmente i miei giorni da globetrotter erano finiti. <b>Senza esitare, mi rispose: beh allora rester\u00f2 a casa anch\u2019io e non giocher\u00f2 pi\u00f9<\/b>. Non stava facendo il drammatico: lo pensava davvero. Questo \u00e8 Roger. La sua famiglia viene prima di tutto\u00bb.<\/p>\n<p class=\"chapter-paragraph\">Hanno viaggiato con i passeggini, le pappe, i nonni e le tate, i Federer. E adesso che hanno 48 (lei) e 45 anni (lui), possono guardarsi alle spalle come se le pagine pi\u00f9 belle di questa storia fossero ancora da scrivere. La parola a Federer: \u00abTra il \u201898, quando ho iniziato il mio percorso, e il ritiro nel 2022, <b>ho indossato pi\u00f9 di 5.000 fasce per la testa<\/b>. Pi\u00f9 di Borg e McEnroe messi insieme.  E se questo vi sembra impressionante, sappiate che ho indossato pi\u00f9 di 7.000 paia di calze. Forse il doppio dei miei avversari, perch\u00e9 avevo l\u2019abitudine di metterne due paia. Una volta, al primo turno di Wimbledon, ero cos\u00ec nervoso che ne indossai addirittura tre paia. Me ne accorsi solo dopo la partita&#8230; Per me sono state <b>incordate circa 10.000 racchette in cinque lustri<\/b>. A 13 anni ero gi\u00e0 innamorato del tennis da un decennio. I miei genitori mi raccontano che presi in mano una racchetta a tre anni: era di legno, di mio padre, e le palle erano ancora bianche.   La chiamano Hall of Fame, ma la fama non \u00e8 mai stata il mio obiettivo. <b>Sono un bambino di Basilea che sognava di vivere la vita facendo la cosa che amo di pi\u00f9<\/b>\u00bb. Dopo Mirka.<\/p>\n<p class=\"is-last-update\" datetime=\"2026-08-31T21:41:48+02:00\">1 settembre 2026<\/p>\n<p class=\"is-copyright\">\n            \u00a9 RIPRODUZIONE RISERVATA\n        <\/p>\n","protected":false},"excerpt":{"rendered":"di Gaia Piccardi Il racconto della moglie: \u00abQuando scoprii che aspettavamo dei gemelli gli dissi che non avrei&hellip;\n","protected":false},"author":3,"featured_media":659965,"comment_status":"","ping_status":"","sticky":false,"template":"","format":"standard","meta":{"footnotes":"","_share_on_mastodon":"0"},"categories":[1457],"tags":[20628,364032,87,29778,364024,39637,364025,364026,2235,122,41999,778,19877,1426,11463,364027,72517,54777,174815,4055,31368,1537,90,89,71627,327385,633,174816,225077,46593,1919,142922,364028,364029,44796,14052,15585,232007,364030,364031,3423,245,244,11049,1273,13,1274],"class_list":["post-659964","post","type-post","status-publish","format-standard","has-post-thumbnail","category-tennis","tag-abitudine","tag-abitudine-metterne","tag-amore","tag-anch","tag-anch-giochero","tag-aspettavamo","tag-aspettavamo-gemelli","tag-aspettavamo-gemelli-dissi","tag-coppia","tag-cose","tag-dissi","tag-fame","tag-federer","tag-finale","tag-gemelli","tag-gemelli-dissi","tag-giochero","tag-hall","tag-hall-of","tag-hall-of-fame","tag-indossato","tag-it","tag-italia","tag-italy","tag-mirka","tag-newport","tag-of","tag-of-fame","tag-paia","tag-pensava","tag-racchetta","tag-restero","tag-restero-anch","tag-restero-anch-giochero","tag-rispose","tag-roger","tag-roger-federer","tag-scoprii","tag-scoprii-aspettavamo","tag-scoprii-aspettavamo-gemelli","tag-slam","tag-sport","tag-sports","tag-sydney","tag-tennis","tag-titoli","tag-wimbledon"],"share_on_mastodon":{"url":"","error":""},"_links":{"self":[{"href":"https:\/\/www.europesays.com\/it\/wp-json\/wp\/v2\/posts\/659964","targetHints":{"allow":["GET"]}}],"collection":[{"href":"https:\/\/www.europesays.com\/it\/wp-json\/wp\/v2\/posts"}],"about":[{"href":"https:\/\/www.europesays.com\/it\/wp-json\/wp\/v2\/types\/post"}],"author":[{"embeddable":true,"href":"https:\/\/www.europesays.com\/it\/wp-json\/wp\/v2\/users\/3"}],"replies":[{"embeddable":true,"href":"https:\/\/www.europesays.com\/it\/wp-json\/wp\/v2\/comments?post=659964"}],"version-history":[{"count":0,"href":"https:\/\/www.europesays.com\/it\/wp-json\/wp\/v2\/posts\/659964\/revisions"}],"wp:featuredmedia":[{"embeddable":true,"href":"https:\/\/www.europesays.com\/it\/wp-json\/wp\/v2\/media\/659965"}],"wp:attachment":[{"href":"https:\/\/www.europesays.com\/it\/wp-json\/wp\/v2\/media?parent=659964"}],"wp:term":[{"taxonomy":"category","embeddable":true,"href":"https:\/\/www.europesays.com\/it\/wp-json\/wp\/v2\/categories?post=659964"},{"taxonomy":"post_tag","embeddable":true,"href":"https:\/\/www.europesays.com\/it\/wp-json\/wp\/v2\/tags?post=659964"}],"curies":[{"name":"wp","href":"https:\/\/api.w.org\/{rel}","templated":true}]}}