{"id":659993,"date":"2026-09-01T16:29:15","date_gmt":"2026-09-01T16:29:15","guid":{"rendered":"https:\/\/www.europesays.com\/it\/659993\/"},"modified":"2026-09-01T16:29:15","modified_gmt":"2026-09-01T16:29:15","slug":"paura-al-conca-doro-per-un-incendio-evacuato-il-centro-commerciale-in-azione-un-elicottero","status":"publish","type":"post","link":"https:\/\/www.europesays.com\/it\/659993\/","title":{"rendered":"Paura al Conca d&#8217;Oro per un incendio: evacuato il centro commerciale, in azione un elicottero"},"content":{"rendered":"<p>Incendio al centro commerciale Conca d&#8217;Oro. Il rogo si \u00e8 sviluppato sul tetto della struttura di fondo Raffo. Dall&#8217;incendio si \u00e8 levata un&#8217;alta e densa colonna di fumo, visibile anche a chilometri di distanza da quasi tutta la citt\u00e0. Subito \u00e8 scattato il piano di emergenza, con l&#8217;evacuazione delle persone che si trovavano all&#8217;interno del centro commerciale.\u00a0<\/p>\n<p><a href=\"https:\/\/www.palermotoday.it\/cronaca\/incendio-centro-commerciale-conca-d-oro-video.html\" rel=\"nofollow noopener\" target=\"_blank\">Le fiamme, il controsoffitto che crolla e la gente che scappa: le immagini dell&#8217;incendio | Video<\/a><\/p>\n<p>Testimoni riferiscono di un distacco della luce in concomitanza con l&#8217;incendio. Non si conoscono ancora le cause che hanno innescato le fiamme. Secondo quanto comunicato dai vigili del fuoco nell&#8217;incendio non risultano coinvolte persone. &#8220;Il personale dei vigili del fuoco &#8211; si legge in una nota &#8211; sta operando sia sul tetto per lo spegnimento diretto sia all&#8217;interno per assicurarsi che l&#8217;incendio non si propaghi all&#8217;interno. Il centro commerciale \u00e8 stato completamente evacuato&#8221;.<\/p>\n<p>Sul posto dieci squadre dei vigili del fuoco e i carabinieri. In azione anche un elicottero che ha prelevato acqua sia da Mondello sia dalla piscina del Conca d&#8217;Oro, per accelerare le operazioni di spegnimento. &#8220;Eravamo a tavola &#8211; racconta una giovane donna presente al momento dell&#8217;incendio &#8211; quando \u00e8 scattato l&#8217;allarme: siamo scappati. Penso e spero che tutti siano riusciti a uscire dal centro commerciale&#8221;.\u00a0<\/p>\n<p>\u201cEsprimo la massima solidariet\u00e0 ai lavoratori del centro commerciale Conca d\u2019Oro, colpito in queste ore da un drammatico incendio. Siamo profondamente addolorati e preoccupati per le immagini a cui abbiamo assistito\u201d. Lo afferma in una nota Ida Saja, segretario generale della Uiltucs Sicilia. Il sindacato ha messo a disposizione la propria struttura per offrire assistenza e sostegno a tutti i lavoratori coinvolti in queste ore cos\u00ec difficili: &#8220;Auspichiamo che vengano accertate al pi\u00f9 presto le cause dell\u2019incendio, l\u2019entit\u00e0 dei danni e le eventuali responsabilit\u00e0. I dipendenti ci riferiscono scene di grande paura: alcuni si sarebbero resi conto di quanto stava accadendo soltanto vedendo il fuggi fuggi generale. La Uiltucs Sicilia esprime la propria vicinanza ai lavoratori e alle loro famiglie e chiede alle istituzioni un intervento urgente per fronteggiare le pesanti conseguenze occupazionali che questo incendio rischia di determinare, mettendo in seria difficolt\u00e0 centinaia di famiglie&#8221;.\u00a0<\/p>\n<p>Anche la Filcams Cgil esprime preoccupazione per il grave incendio scoppiato oggi al centro commerciale Conca d\u2019Oro: \u201cIn questo momento abbiamo notizia che buona parte del centro commerciale sia stata interessata dal rogo. L\u2019incendio ha colpito dopo il tetto dell\u2019area ristoro il negozio Risparmio casa, tra i primi aggrediti dalla fiamme, poi il tetto della galleria, col crollo di parte del tetto. I lavoratori, oltre al grande spavento, sono preoccupatissimi e aspettano di capire il tempo che ci vorr\u00e0 perch\u00e9 il centro possa tornare a lavorare. Le attivit\u00e0 in questo momento sono tutte chiuse. In attesa di conoscere le cause di quest\u2019incendio, e di capire se ci saranno attivit\u00e0 ferme e spazi interdetti, esprimiamo solidariet\u00e0 ai lavoratori coinvolti e ci faremo parte attivit\u00e0 per venire incontro alle loro necessit\u00e0. Siamo pronti a dare supporto per l\u2019eventuale chiusura di attivit\u00e0 con la richiesta degli ammortizzatori sociali affinch\u00e9 i lavoratori non perdano il loro salario. Chiediamo che venga fatta chiarezza sui motivi del rogo, partito dalla copertura della struttura, forse per un radiatore andato in fiamme, e chiediamo che le attivit\u00e0 possano riprendere a pieno ritmo al pi\u00f9 presto. Rivolgiamo un appello alla politica e alle istituzioni affinch\u00e9 sostengano e coordinino gli sforzi per far s\u00ec che il centro torni a vivere con le sue attivit\u00e0 e con il lavoro il prima possibile\u201d.<\/p>\n","protected":false},"excerpt":{"rendered":"Incendio al centro commerciale Conca d&#8217;Oro. Il rogo si \u00e8 sviluppato sul tetto della struttura di fondo Raffo.&hellip;\n","protected":false},"author":3,"featured_media":659994,"comment_status":"","ping_status":"","sticky":false,"template":"","format":"standard","meta":{"footnotes":"","_share_on_mastodon":"0"},"categories":[79],"tags":[14,93,94,459,1537,90,89,7,15,11,84,91,12,85,92],"class_list":["post-659993","post","type-post","status-publish","format-standard","has-post-thumbnail","category-italia","tag-cronaca","tag-cronaca-italiana","tag-cronacaitaliana","tag-incendi","tag-it","tag-italia","tag-italy","tag-news","tag-notizie","tag-ultime-notizie","tag-ultime-notizie-e-news-di-oggi","tag-ultime-notizie-italia","tag-ultimenotizie","tag-ultimenotizieenewsdioggi","tag-ultimenotizieitalia"],"share_on_mastodon":{"url":"https:\/\/pubeurope.com\/@it\/117196735628313569","error":""},"_links":{"self":[{"href":"https:\/\/www.europesays.com\/it\/wp-json\/wp\/v2\/posts\/659993","targetHints":{"allow":["GET"]}}],"collection":[{"href":"https:\/\/www.europesays.com\/it\/wp-json\/wp\/v2\/posts"}],"about":[{"href":"https:\/\/www.europesays.com\/it\/wp-json\/wp\/v2\/types\/post"}],"author":[{"embeddable":true,"href":"https:\/\/www.europesays.com\/it\/wp-json\/wp\/v2\/users\/3"}],"replies":[{"embeddable":true,"href":"https:\/\/www.europesays.com\/it\/wp-json\/wp\/v2\/comments?post=659993"}],"version-history":[{"count":0,"href":"https:\/\/www.europesays.com\/it\/wp-json\/wp\/v2\/posts\/659993\/revisions"}],"wp:featuredmedia":[{"embeddable":true,"href":"https:\/\/www.europesays.com\/it\/wp-json\/wp\/v2\/media\/659994"}],"wp:attachment":[{"href":"https:\/\/www.europesays.com\/it\/wp-json\/wp\/v2\/media?parent=659993"}],"wp:term":[{"taxonomy":"category","embeddable":true,"href":"https:\/\/www.europesays.com\/it\/wp-json\/wp\/v2\/categories?post=659993"},{"taxonomy":"post_tag","embeddable":true,"href":"https:\/\/www.europesays.com\/it\/wp-json\/wp\/v2\/tags?post=659993"}],"curies":[{"name":"wp","href":"https:\/\/api.w.org\/{rel}","templated":true}]}}