{"id":659995,"date":"2026-09-01T16:30:14","date_gmt":"2026-09-01T16:30:14","guid":{"rendered":"https:\/\/www.europesays.com\/it\/659995\/"},"modified":"2026-09-01T16:30:14","modified_gmt":"2026-09-01T16:30:14","slug":"pensioni-di-settembre-2026-il-calendario-dei-pagamenti","status":"publish","type":"post","link":"https:\/\/www.europesays.com\/it\/659995\/","title":{"rendered":"Pensioni di settembre 2026: il calendario dei pagamenti"},"content":{"rendered":"<p>Con l\u2019arrivo del nuovo mese, milioni di pensionati italiani si preparano a ricevere il consueto <strong>pagamento mensile<\/strong> erogato dall\u2019Inps. L\u2019Istituto ha ufficializzato il calendario per l\u2019accredito delle pensioni di settembre 2026, confermando che l\u2019erogazione avverr\u00e0 per tutti nel primo giorno bancabile utile, sia per chi si affida a Poste Italiane sia per chi ha scelto il versamento sul conto corrente bancario.<\/p>\n<p>Il calendario non \u00e8 l\u2019unica informazione essenziale di questa mensilit\u00e0: il cedolino Inps di settembre porta con s\u00e9 diverse novit\u00e0. Tra le voci che andranno a modificare l\u2019importo figurano <strong>conguagli fiscali<\/strong> derivanti dalla dichiarazione dei redditi e trattenute specifiche destinate a chi non ha regolarizzato le comunicazioni reddituali pregresse.\n<\/p>\n<p>Quando arriva la pensione di settembre 2026?<\/p>\n<p>Il pagamento delle prestazioni previdenziali, come <a href=\"https:\/\/quifinanza.it\/fisco-tasse\/bonus-fiscali\/calendario-pagamenti-inps-settembre-2026\/1013557\/\" rel=\"nofollow noopener\" target=\"_blank\">tutti gli altri pagamenti Inps<\/a>, seguir\u00e0 il calendario ordinario e le somme saranno rese disponibili a partire <strong>da marted\u00ec 1\u00b0 settembre 2026<\/strong>, primo giorno bancabile del mese. Questa data accomuna sia le persone che ricevono l\u2019importo sul conto corrente bancario, sia coloro che hanno l\u2019accredito su libretto di risparmio o conto BancoPosta.<\/p>\n<p>C\u2019\u00e8 un\u2019eccezione che riguarda chi preferisce il<strong> ritiro in contanti<\/strong> presso gli sportelli postali. Per garantire un servizio efficiente ed evitare assembramenti, Poste Italiane mantiene il sistema di turnazione scaglionato basato sull\u2019ordine alfabetico dei cognomi.<\/p>\n<p>Il <strong>calendario<\/strong> specifico per il ritiro in filiale a settembre 2026:<\/p>\n<ul>\n<li>marted\u00ec 1\u00b0 settembre 2026 per i cognomi dalla lettera A alla B;<\/li>\n<li>mercoled\u00ec 2 settembre 2026 per i cognomi dalla lettera C alla D;<\/li>\n<li>gioved\u00ec 3 settembre 2026 per i cognomi dalla lettera E alla K;<\/li>\n<li>venerd\u00ec 4 settembre 2026 per i cognomi dalla lettera L alla O;<\/li>\n<li>sabato 5 settembre 2026 (solo la mattina) per i cognomi dalla lettera P alla R;<\/li>\n<li>luned\u00ec 7 settembre 2026 per i cognomi dalla lettera S alla Z.<\/li>\n<\/ul>\n<p>Valore assegno con conguagli e trattenute<\/p>\n<p>Il mese in corso prevede una serie di ricalcoli che andranno a variare la cifra netta sul cedolino. Chi ha indicato l\u2019Inps come sostituto d\u2019imposta trover\u00e0 applicati i <strong>conguagli fiscali Irpef<\/strong>.<\/p>\n<p>Come spiega Inps, e operazioni, gi\u00e0 iniziate con il rateo di agosto per milioni di persone, determinano l\u2019accredito degli <strong>eventuali rimborsi a credito<\/strong> o l\u2019applicazione delle <strong>trattenute<\/strong> per i debiti d\u2019imposta. Se il pensionato ha richiesto una rateizzazione del debito, l\u2019Inps precisa che le trattenute dovranno comunque concludersi entro il mese di novembre.<\/p>\n<p>Attenzione: per chi percepisce prestazioni collegate al reddito ma non ha comunicato i dati riferiti al 2022 scatta una trattenuta immediata <a href=\"https:\/\/quifinanza.it\/pensioni\/pensione-trattenuta-5-settembre-2026\/1012860\/\" rel=\"nofollow noopener\" target=\"_blank\">pari al 5% dell\u2019importo<\/a> corrisposto a luglio.<\/p>\n<p>Infine, sull\u2019assegno di settembre proseguiranno le trattenute (gi\u00e0 partite ad agosto) per i pensionati della Gestione privata integrata che nel 2021 hanno ricevuto in via provvisoria la quattordicesima e l\u2019importo aggiuntivo di 154,94 euro, risultati poi non spettanti dopo le verifiche reddituali. Il <strong>recupero<\/strong> avverr\u00e0 in 24 rate mensili per la quattordicesima e in 12 rate per l\u2019importo aggiuntivo.<\/p>\n<p>Come consultare il cedolino?<\/p>\n<p>\u00c8 possibile consultare il cedolino per conoscere tutte le voci dell\u2019assegno pensionistico. Basta accedere all\u2019area riservata con le proprie credenziali delle <a href=\"https:\/\/quifinanza.it\/economia\/imprese-pmi\/identita-digitale-spid-cie-cns\/833423\/\" rel=\"nofollow noopener\" target=\"_blank\">identit\u00e0 digitali<\/a>\u00a0di SPID, CIE o CNS.<\/p>\n<p>Ecco come fare:<\/p>\n<ul>\n<li>accedere al portale Inps e selezionare \u201cTutti i servizi\u201d;<\/li>\n<li>entrare nella sezione \u201cCedolino pensione e servizi collegati\u201d;<\/li>\n<li>inserire le credenziali di accesso (SPID, CIE o CNS);<\/li>\n<li>visualizzare il cedolino di marzo 2025, verificando l\u2019importo lordo e tutte le voci che lo compongono.<\/li>\n<\/ul>\n","protected":false},"excerpt":{"rendered":"Con l\u2019arrivo del nuovo mese, milioni di pensionati italiani si preparano a ricevere il consueto pagamento mensile erogato&hellip;\n","protected":false},"author":3,"featured_media":659996,"comment_status":"","ping_status":"","sticky":false,"template":"","format":"standard","meta":{"footnotes":"","_share_on_mastodon":"0"},"categories":[6],"tags":[14,8,7710,1537,90,89,7,15,82,9,83,10,7711,4156,9236,13,11,80,84,12,81,85],"class_list":["post-659995","post","type-post","status-publish","format-standard","has-post-thumbnail","category-ultime-notizie","tag-cronaca","tag-headlines","tag-inps","tag-it","tag-italia","tag-italy","tag-news","tag-notizie","tag-notizie-di-cronaca","tag-notizie-principali","tag-notiziedicronaca","tag-notizieprincipali","tag-pensioni","tag-poste-italiane","tag-retribuzioni","tag-titoli","tag-ultime-notizie","tag-ultime-notizie-di-cronaca","tag-ultime-notizie-e-news-di-oggi","tag-ultimenotizie","tag-ultimenotiziedicronaca","tag-ultimenotizieenewsdioggi"],"share_on_mastodon":{"url":"https:\/\/pubeurope.com\/@it\/117196739640192182","error":""},"_links":{"self":[{"href":"https:\/\/www.europesays.com\/it\/wp-json\/wp\/v2\/posts\/659995","targetHints":{"allow":["GET"]}}],"collection":[{"href":"https:\/\/www.europesays.com\/it\/wp-json\/wp\/v2\/posts"}],"about":[{"href":"https:\/\/www.europesays.com\/it\/wp-json\/wp\/v2\/types\/post"}],"author":[{"embeddable":true,"href":"https:\/\/www.europesays.com\/it\/wp-json\/wp\/v2\/users\/3"}],"replies":[{"embeddable":true,"href":"https:\/\/www.europesays.com\/it\/wp-json\/wp\/v2\/comments?post=659995"}],"version-history":[{"count":0,"href":"https:\/\/www.europesays.com\/it\/wp-json\/wp\/v2\/posts\/659995\/revisions"}],"wp:featuredmedia":[{"embeddable":true,"href":"https:\/\/www.europesays.com\/it\/wp-json\/wp\/v2\/media\/659996"}],"wp:attachment":[{"href":"https:\/\/www.europesays.com\/it\/wp-json\/wp\/v2\/media?parent=659995"}],"wp:term":[{"taxonomy":"category","embeddable":true,"href":"https:\/\/www.europesays.com\/it\/wp-json\/wp\/v2\/categories?post=659995"},{"taxonomy":"post_tag","embeddable":true,"href":"https:\/\/www.europesays.com\/it\/wp-json\/wp\/v2\/tags?post=659995"}],"curies":[{"name":"wp","href":"https:\/\/api.w.org\/{rel}","templated":true}]}}