{"id":660007,"date":"2026-09-01T16:45:15","date_gmt":"2026-09-01T16:45:15","guid":{"rendered":"https:\/\/www.europesays.com\/it\/660007\/"},"modified":"2026-09-01T16:45:15","modified_gmt":"2026-09-01T16:45:15","slug":"contemporanea-nuovo-bando-per-tre-mesi-di-ricerca-e-curatela-nello-spazio-monitor-p-dellacquario-romano","status":"publish","type":"post","link":"https:\/\/www.europesays.com\/it\/660007\/","title":{"rendered":"Contemporanea. Nuovo bando per tre mesi di ricerca e curatela nello spazio Monitor P dell&#8217;Acquario Romano"},"content":{"rendered":"<p>Dopo la prima edizione, che ha portato alla realizzazione di Grand Tour Contemporaneo. Roma attraverso lo sguardo delle Accademie straniere, progetto curato da Federica Andreoni e Maite M\u00e9ndez in collaborazione con la Real Academia de Espa\u00f1a en Roma, la <strong>Casa dell&#8217;Architettura di Roma<\/strong> lancia una nuova<strong> call for proposal <\/strong>nell&#8217;ambito di\u00a0<a href=\"https:\/\/www.professionearchitetto.it\/mostre\/notizie\/33671\/la-casa-dell-architettura-presenta-contemporanea\" target=\"_blank\" rel=\"nofollow noopener\"><strong>CONTEMPORANEA<\/strong><\/a>, la rassegna triennale che promuove ricerche e riflessioni inedite sull&#8217;architettura contemporanea.<\/p>\n<p>Architetti, pianificatori, paesaggisti e conservatori potranno candidarsi, singolarmente o in gruppo, con <strong>un progetto di ricerca sperimentale<\/strong> da sviluppare tra <strong>ottobre e dicembre 2026 <\/strong>nello spazio <strong>Monitor P<\/strong> dell&#8217;Acquario Romano.<\/p>\n<p>La proposta dovr\u00e0 interpretare il tema annuale <strong>Contaminazioni \/ Contaminations<\/strong> come una <strong>pratica progettuale consapevole<\/strong>, fondata sull&#8217;incontro tra discipline, tempi, pratiche e saperi differenti. La ricerca potr\u00e0 combinare approcci interdisciplinari, sperimentazione progettuale e processi di ricerca applicata, coinvolgendo anche <strong>artisti e professionisti<\/strong> provenienti da altri ambiti per ampliare metodi e linguaggi.<\/p>\n<p>Il programma dovr\u00e0 comprendere:<\/p>\n<ul>&#13;<\/p>\n<li style=\"font-weight: bold;\"><strong>1 evento di apertura<\/strong><\/li>\n<p>&#13;<\/p>\n<li><strong>1 workshop<\/strong> della durata di 3-5 giorni<\/li>\n<p>&#13;<\/p>\n<li><strong>2 convegni o incontri pubblici <\/strong>con relatori nazionali o internazionali<\/li>\n<p>&#13;<\/p>\n<li><strong>1 mostra finale<\/strong>, accompagnata da una conferenza conclusiva per la presentazione dei risultati della ricerca e del workshop<\/li>\n<p>&#13;\n<\/ul>\n<p>Il professionista o il gruppo selezionato seguir\u00e0<strong> tutte le fasi di sviluppo e realizzazione del progetto curatoriale<\/strong>: dalla direzione tecnica alla produzione e al coordinamento dei contenuti, dalla scelta di relatori e tutor all&#8217;allestimento e al disallestimento degli eventi, fino alla redazione di un dossier finale sulle attivit\u00e0 svolte.<\/p>\n<p>Documentazione richiesta<\/p>\n<p>Gli interessati dovranno trasmettere all&#8217;indirizzo call@casadellarchitettura.it &#8211; entro il 24 settembre 2026- un <strong>dossier<\/strong> in formato A4 contenente: \u00a0<\/p>\n<ul>&#13;<\/p>\n<li>titolo, autore e abstract della proposta curatoriale, per un massimo di 2.500 battute, spazi inclusi<\/li>\n<p>&#13;<\/p>\n<li>raccolta di immagini rappresentative, per un massimo di quattro<\/li>\n<p>&#13;<\/p>\n<li>palinsesto delle attivit\u00e0 previste durante i tre mesi, in una pagina A4<\/li>\n<p>&#13;<\/p>\n<li>stima dei costi, in una pagina A4, con l&#8217;eventuale indicazione di sponsor o partner<\/li>\n<p>&#13;\n<\/ul>\n<p>I risultati saranno pubblicati il <strong>9 ottobre 2026<\/strong>, mentre l&#8217;avvio del progetto \u00e8 previsto nello stesso mese.<\/p>\n<p>Giuria<\/p>\n<ul>&#13;<\/p>\n<li><strong>Arch. Michela Carla Falcone<\/strong> (docente presso l&#8217;Architectural Association)<\/li>\n<p>&#13;<\/p>\n<li><strong>Arch. Ph.D Federica Morgia<\/strong> (professoressa associata in Progettazione architettonica)<\/li>\n<p>&#13;<\/p>\n<li><strong>Arch. Ph.D Valerio Palmieri<\/strong> (professore ordinario in Progettazione architettonica)<\/li>\n<p>&#13;<\/p>\n<li><strong>Arch. Ph.D Claudia Ricciardi<\/strong> (direttrice della Casa dell&#8217;Architettura)<\/li>\n<p>&#13;<\/p>\n<li><strong>M. Arch. \/ Ph.D Gianpiero Venturini <\/strong>(direttore di New Generations)<\/li>\n<p>&#13;\n<\/ul>\n<p>Rimborsi<\/p>\n<p>\u00c8 previsto un <strong>contributo economico<\/strong> (onnicomprensivo di IVA e di ogni altro onere di legge) di 8.000 euro destinato esclusivamente alla realizzazione del progetto e gestito direttamente dalla Casa dell&#8217;Architettura.<\/p>\n<p>La somma comprende le attivit\u00e0 di progettazione, produzione e organizzazione, gli eventuali inviti ai relatori e le operazioni di allestimento e disallestimento. Nel budget potr\u00e0 essere previsto anche un compenso per l&#8217;attivit\u00e0 di curatela. Il contributo potr\u00e0 essere integrato attraverso sponsor o partnership, da dichiarare nella proposta.<\/p>\n<p class=\"allegato spaceup\"><a href=\"https:\/\/casadellarchitettura.it\/call-for-proposal-ii\/\" target=\"_blank\" rel=\"nofollow noopener\">Call for Proposal<\/a> | <a href=\"https:\/\/casadellarchitettura.it\/wp-content\/uploads\/2026\/08\/contemporanea_CALL_FOR_PROPOSAL_05_ita.pdf\" target=\"_blank\" rel=\"nofollow noopener\">Regolamento<\/a> | <a href=\"https:\/\/casadellarchitettura.it\/wp-content\/uploads\/2026\/07\/Monitor-P_Scheda-tecnica.docx-1.pdf\" target=\"_blank\" rel=\"nofollow noopener\">Documentazione tecnica<\/a><br \/>[ casadellarchitettura.it ]<\/p>\n<p style=\"font-size:0.8em; margin-top:2rem;\">Le date di scadenza visualizzate sono frutto di attivit\u00e0 redazionale. Le uniche date ufficiali sono quelle contenute nel testo del bando e\/o sul sito web di chi organizza o promuove il concorso. Controllarne sempre la validit\u00e0 presso l&#8217;Ente banditore.<\/p>\n<p>pubblicato il: 01\/09\/2026 <\/p>\n","protected":false},"excerpt":{"rendered":"Dopo la prima edizione, che ha portato alla realizzazione di Grand Tour Contemporaneo. Roma attraverso lo sguardo delle&hellip;\n","protected":false},"author":3,"featured_media":660008,"comment_status":"","ping_status":"","sticky":false,"template":"","format":"standard","meta":{"footnotes":"","_share_on_mastodon":"0"},"categories":[1446],"tags":[1615,1613,1614,1611,1610,1612,203,204,1537,90,89],"class_list":["post-660007","post","type-post","status-publish","format-standard","has-post-thumbnail","category-arte-e-design","tag-arte","tag-arte-e-design","tag-arteedesign","tag-arts","tag-arts-and-design","tag-design","tag-entertainment","tag-intrattenimento","tag-it","tag-italia","tag-italy"],"share_on_mastodon":{"url":"https:\/\/pubeurope.com\/@it\/117196798449039844","error":""},"_links":{"self":[{"href":"https:\/\/www.europesays.com\/it\/wp-json\/wp\/v2\/posts\/660007","targetHints":{"allow":["GET"]}}],"collection":[{"href":"https:\/\/www.europesays.com\/it\/wp-json\/wp\/v2\/posts"}],"about":[{"href":"https:\/\/www.europesays.com\/it\/wp-json\/wp\/v2\/types\/post"}],"author":[{"embeddable":true,"href":"https:\/\/www.europesays.com\/it\/wp-json\/wp\/v2\/users\/3"}],"replies":[{"embeddable":true,"href":"https:\/\/www.europesays.com\/it\/wp-json\/wp\/v2\/comments?post=660007"}],"version-history":[{"count":0,"href":"https:\/\/www.europesays.com\/it\/wp-json\/wp\/v2\/posts\/660007\/revisions"}],"wp:featuredmedia":[{"embeddable":true,"href":"https:\/\/www.europesays.com\/it\/wp-json\/wp\/v2\/media\/660008"}],"wp:attachment":[{"href":"https:\/\/www.europesays.com\/it\/wp-json\/wp\/v2\/media?parent=660007"}],"wp:term":[{"taxonomy":"category","embeddable":true,"href":"https:\/\/www.europesays.com\/it\/wp-json\/wp\/v2\/categories?post=660007"},{"taxonomy":"post_tag","embeddable":true,"href":"https:\/\/www.europesays.com\/it\/wp-json\/wp\/v2\/tags?post=660007"}],"curies":[{"name":"wp","href":"https:\/\/api.w.org\/{rel}","templated":true}]}}