{"id":66001,"date":"2025-08-24T11:09:34","date_gmt":"2025-08-24T11:09:34","guid":{"rendered":"https:\/\/www.europesays.com\/it\/66001\/"},"modified":"2025-08-24T11:09:34","modified_gmt":"2025-08-24T11:09:34","slug":"madonna-compleanno-a-siena-chi-e-lo-chef-della-cena-al-continental-ecco-il-menu-della-serata-la-citta-mi-ha-toccato-il-cuore","status":"publish","type":"post","link":"https:\/\/www.europesays.com\/it\/66001\/","title":{"rendered":"Madonna, compleanno a Siena: chi \u00e8 lo chef della cena al Continental, ecco il men\u00f9 della serata. &#8220;La citt\u00e0 mi ha toccato il cuore&#8221;"},"content":{"rendered":"<p class=\"x_MsoNormal\">\u201c\u00c8 un <strong>sogno<\/strong>, non credevo esistesse un posto cos\u00ec <strong>bello<\/strong>\u201d. Nelle parole della popstar <strong>Madonna<\/strong> c\u2019\u00e8 tutto lo stupore davanti alla storia millenaria di <strong>Siena<\/strong>, al <strong>Palio<\/strong> e alla sua identit\u00e0. La cantante, nel giorno del suo 67esimo compleanno, \u00e8 stata travolta dalla passione della <strong>Festa dell\u2019Assunta<\/strong>, lasciando a sua volta nei senesi un\u2019emozione irripetibile. Due giorni fa la leggenda della musica internazionale si \u00e8 affacciata a una delle finestre dello storico palazzo <strong>Pannocchieschi d\u2019Elci<\/strong> in <strong>Piazza del Campo<\/strong>, fazzoletto dell\u2019Aquila tra le mani, sotto gli occhi increduli di oltre ventimila persone tra contradaioli e turisti. La cantante \u00e8 rimasta incantata dal <strong>Corteo Storico<\/strong>, poi si \u00e8 fatta elettrizzare dalle lunghe fasi della mossa, partecipando con entusiasmo all\u2019attesa e all\u2019esplosione di gioia per la vittoria del <strong>Valdimontone<\/strong>. Dopo il trionfo e il Palio portato verso il <strong>Duomo<\/strong>, Madonna \u00e8 uscita dal portone di via di Citt\u00e0 43 insieme ai figli <strong>Rocco Ritchie<\/strong> e <strong>David Banda<\/strong>, al fidanzato <strong>Akeem Morris<\/strong>, all\u2019attrice <strong>Debi Mazar<\/strong>, al cantante <strong>Sting<\/strong> e a sua moglie <strong>Trudie Styler<\/strong>. Nessuna auto, solo una passeggiata a piedi tra le strade medievali di Siena, circondata da fan, forze dell\u2019ordine e bodyguard, fino al <strong>Grand Hotel Continental Starhotels Collezione<\/strong> diretto da Nathalie Beaugonin, dove ha festeggiato il suo compleanno con una cerchia ristretta di invitati.<\/p>\n<p>    <a href=\"https:\/\/corrieredisiena.it\/news\/cronaca\/379206\/madonna-incantata-da-siena-un-sogno-non-credevo-esistesse-un-posto-cosi-bello.html\" class=\"vc_cont_image\" rel=\"nofollow noopener\" target=\"_blank\"><img decoding=\"async\" class=\"vc_image\" src=\"https:\/\/corrieredisiena.it\/resizer\/150\/-1\/true\/2025_08_17\/madonna_alla_finestra-1755447085397.PNG--madonna_in_piazza_del_campo.PNG?1755447085488\"\/><\/a><\/p>\n<p class=\"x_MsoNormal\"><strong>Madonna<\/strong> era arrivata a <strong>Palazzo Pannocchieschi d\u2019Elci<\/strong> intorno alle 17, salutando le tantissime persone che affollavano le vie del centro, visibilmente colpita dalla <strong>bellezza autentica<\/strong> della citt\u00e0. Nessun programma prestabilito: la scelta di Siena come luogo per celebrare il compleanno \u00e8 nata solo pochi giorni prima, ma si \u00e8 trasformata in un evento <strong>unico<\/strong> tra tradizione, eleganza e applausi. \u201c<strong>Siena<\/strong> mi ha toccato il cuore. Qui si sente la storia, la passione, la vita\u201d, ha confidato la popstar, secondo quanto riportato da AdnKronos, subito dopo aver assistito al Palio.<\/p>\n<p><img loading=\"lazy\" decoding=\"async\" src=\"https:\/\/www.europesays.com\/it\/wp-content\/uploads\/2025\/08\/screen_madonna_2-1755515857140.PNG\" alt=\"\" width=\"337\" height=\"602\"\/><\/p>\n<p class=\"x_MsoNormal\">Niente balli sfrenati, ma una <strong>bellissima cena esclusiva<\/strong> preparata dallo chef <strong>Luca Ciaffaraf\u00e0<\/strong> alla presenza di musicisti ed un pianoforte posizionato all\u2019interno dello splendido <strong>Salone delle Feste<\/strong> del Continental &#8211; riservato per l\u2019occasione &#8211; che ha fatto da sottofondo alla festa ed animato la serata con il coinvolgimento della popstar. Secondo alcune indiscrezioni, tra le portate sono stati ordinati, tra gli altri, il \u201c<strong>risotto all\u2019ortica, scaglie di tartufo estivo, mantecato con olio evo<\/strong> e non <strong>formaggio di anacardi<\/strong>\u201d e come secondo \u201c<strong>sinfonia di zucca e zucchini, ricotta vegana e confettura di finocchi<\/strong>\u201d. Non sono mancati i classici <strong>ricciarelli<\/strong> e i <strong>vini rossi locali<\/strong>, a sottolineare l\u2019omaggio alla tradizione senese.<\/p>\n<p class=\"x_MsoNormal\"><img loading=\"lazy\" decoding=\"async\" src=\"https:\/\/www.europesays.com\/it\/wp-content\/uploads\/2025\/08\/screen_madonna_1-1755515870602.PNG\" alt=\"\" width=\"336\" height=\"606\"\/><\/p>\n<p>    <a href=\"https:\/\/corrieredisiena.it\/news\/cultura--spettacoli-e-tv\/379150\/madonna-festeggia-il-compleanno-a-siena-l-uscita-dall-hotel-continental-la-cantante-acclamata-dai-fan.html\" class=\"vc_cont_image\" rel=\"nofollow noopener\" target=\"_blank\"><img decoding=\"async\" class=\"vc_image\" src=\"https:\/\/corrieredisiena.it\/resizer\/150\/-1\/true\/2025_08_17\/madonna_albergo-1755386640335.jpeg--madonna_al_continental.jpeg?1755386640403\"\/><\/a><\/p>\n<p class=\"x_MsoNormal\">Poco prima dell\u2019una, <strong>Madonna<\/strong> \u00e8 uscita dall\u2019ingresso centrale di <strong>Banchi di Sopra<\/strong>, coprendosi il volto con un grande ventaglio per proteggersi dai flash e concedendo, per\u00f2, un <strong>bacio<\/strong> ai fan prima di salire sul van diretto probabilmente a <strong>Firenze<\/strong>, dove sarebbe tornata ospite dell\u2019amica <strong>Debi Mazar<\/strong>. Tra le poche immagini condivise sui social, un video su TikTok con la <strong>Torre del Mangia<\/strong> sullo sfondo. <strong>Siena immortale<\/strong> ha conquistato anche la regina del pop.<\/p>\n","protected":false},"excerpt":{"rendered":"\u201c\u00c8 un sogno, non credevo esistesse un posto cos\u00ec bello\u201d. Nelle parole della popstar Madonna c\u2019\u00e8 tutto lo&hellip;\n","protected":false},"author":3,"featured_media":66002,"comment_status":"","ping_status":"","sticky":false,"template":"","format":"standard","meta":{"footnotes":""},"categories":[1443],"tags":[51345,51344,51346,203,204,1537,90,89,11163,1538,1539,51342,27056,39246,51343,11909,30417],"class_list":{"0":"post-66001","1":"post","2":"type-post","3":"status-publish","4":"format-standard","5":"has-post-thumbnail","7":"category-musica","8":"tag-akeem-morris","9":"tag-david-banda","10":"tag-debi-mazar","11":"tag-entertainment","12":"tag-intrattenimento","13":"tag-it","14":"tag-italia","15":"tag-italy","16":"tag-madonna","17":"tag-music","18":"tag-musica","19":"tag-palazzo-pannocchieschi-delci","20":"tag-palio","21":"tag-piazza-del-campo","22":"tag-rocco-ritchie","23":"tag-siena","24":"tag-sting"},"share_on_mastodon":{"url":"","error":""},"_links":{"self":[{"href":"https:\/\/www.europesays.com\/it\/wp-json\/wp\/v2\/posts\/66001","targetHints":{"allow":["GET"]}}],"collection":[{"href":"https:\/\/www.europesays.com\/it\/wp-json\/wp\/v2\/posts"}],"about":[{"href":"https:\/\/www.europesays.com\/it\/wp-json\/wp\/v2\/types\/post"}],"author":[{"embeddable":true,"href":"https:\/\/www.europesays.com\/it\/wp-json\/wp\/v2\/users\/3"}],"replies":[{"embeddable":true,"href":"https:\/\/www.europesays.com\/it\/wp-json\/wp\/v2\/comments?post=66001"}],"version-history":[{"count":0,"href":"https:\/\/www.europesays.com\/it\/wp-json\/wp\/v2\/posts\/66001\/revisions"}],"wp:featuredmedia":[{"embeddable":true,"href":"https:\/\/www.europesays.com\/it\/wp-json\/wp\/v2\/media\/66002"}],"wp:attachment":[{"href":"https:\/\/www.europesays.com\/it\/wp-json\/wp\/v2\/media?parent=66001"}],"wp:term":[{"taxonomy":"category","embeddable":true,"href":"https:\/\/www.europesays.com\/it\/wp-json\/wp\/v2\/categories?post=66001"},{"taxonomy":"post_tag","embeddable":true,"href":"https:\/\/www.europesays.com\/it\/wp-json\/wp\/v2\/tags?post=66001"}],"curies":[{"name":"wp","href":"https:\/\/api.w.org\/{rel}","templated":true}]}}