{"id":660047,"date":"2026-09-01T17:17:19","date_gmt":"2026-09-01T17:17:19","guid":{"rendered":"https:\/\/www.europesays.com\/it\/660047\/"},"modified":"2026-09-01T17:17:19","modified_gmt":"2026-09-01T17:17:19","slug":"calciomercato-juventus-acquisti-e-cessioni-le-news-di-oggi","status":"publish","type":"post","link":"https:\/\/www.europesays.com\/it\/660047\/","title":{"rendered":"Calciomercato Juventus, acquisti e cessioni: le news di oggi"},"content":{"rendered":"<p>\\n  <\/p>\n<li>Dopo l&#8217;arrivo di ieri, ecco l&#8217;ufficialit\u00e0 per Pape Matar <strong>Sarr<\/strong>: prestito con obbligo di riscatto.<\/li>\n<p>\\n  <\/p>\n<li>Le prime parole di <strong>Sarr <\/strong>in bianconero: \\&#8221;Il mio modello \u00e8 <strong>Pogba<\/strong>\\&#8221;<\/li>\n<p>\\n  <\/p>\n<li>Visite mediche per <strong>Woltemade<\/strong>: l&#8217;attaccante arriva dal Newcastle in prestito secco senza diritto di riscatto a 5 milioni di euro<\/li>\n<p>\\n  <\/p>\n<li>Intanto, <strong>Jonathan David<\/strong> \u00e8 a Madrid: questa mattina presto, un volo privato lo attendeva a Caselle. Firmer\u00e0 con l&#8217;Atletico Madrid<\/li>\n<p>\\n  <\/p>\n<li>A Madrid va anche <strong>Gil<\/strong>: il difensore della Next Gen si trasferisce all&#8217;Atletico B<\/li>\n<p>\\n  <\/p>\n<li>Non semplice la cessione di <strong>Cabal <\/strong>all&#8217;Atalanta: le parti stanno discutendo ma non si trova l&#8217;accordo<\/li>\n<p>\\n\\n<\/p>\n<p><strong>Questo il mercato della Juventus fin qui:<\/strong><\/p>\n<p>\\n<\/p>\n<ul>\\n  <\/p>\n<li><strong>Acquisti<\/strong>: Openda (a, Lipsia) riscatto; Boga (a, Nizza) riscatto; Ekhator (a, Genoa); Celik (d, svincolato); Alajbegovic (a, Bayer Leverkusen); Kolo Muani (a, Psg); Lucumi (d, Bologna); Vicario (p, Tottenham); Grabara (p, Wolfsburg); Pape Sarr (c, Tottenham)<\/li>\n<p>\\n  <\/p>\n<li><strong>Cessioni<\/strong>: Vlahovic (a, svincolato); Pietrelli (c, Vicenza); Faticanti (c, Avellino); Openda (a, Lione); Rouhi (d, Carrarese); Adzic (a, Sassuolo); Joao Mario (d, Fiorentina); Di Gregorio (p, Bournemouth); Perin (p, Palermo)<\/li>\n<p>\\n<\/ul>\n<p>\\n\\n&#8221;,&#8221;postId&#8221;:&#8221;a7c266dc-6e96-4891-af2c-2cecfea23200&#8243;,&#8221;postLink&#8221;:{&#8220;title&#8221;:&#8221;&#8221;,&#8221;url&#8221;:&#8221;&#8221;,&#8221;imageSrc&#8221;:&#8221;&#8221;}}],&#8221;posts&#8221;:[{&#8220;timestamp&#8221;:&#8221;2026-09-01T17:14:01.570Z&#8221;,&#8221;timestampUtcIt&#8221;:&#8221;2026-09-01T19:14:01+0200&#8243;,&#8221;altBackground&#8221;:false,&#8221;title&#8221;:&#8221;Ufficiale l&#8217;arrivo di Woltemade&#8221;,&#8221;content&#8221;:&#8221;<\/p>\n<p>La Juventus ha ufficialmente preso Woltemade. Arriva in prestito secco per 5 milioni di euro: depositato il contratto, come conferma la Lega Calcio<\/p>\n<p>&#8220;,&#8221;postId&#8221;:&#8221;45d5fb39-7a46-4c06-9c9a-6d42d5243d85&#8243;,&#8221;postLink&#8221;:{&#8220;title&#8221;:&#8221;&#8221;,&#8221;url&#8221;:&#8221;&#8221;,&#8221;imageSrc&#8221;:&#8221;&#8221;}},{&#8220;timestamp&#8221;:&#8221;2026-09-01T16:02:56.999Z&#8221;,&#8221;timestampUtcIt&#8221;:&#8221;2026-09-01T18:02:56+0200&#8243;,&#8221;altBackground&#8221;:false,&#8221;title&#8221;:&#8221;Sarr si presenta: \\&#8221;Il mio modello \u00e8 Pogba\\&#8221;&#8221;,&#8221;content&#8221;:&#8221;<\/p>\n<p>\\&#8221;<strong>Arrivo in un grande club, il pi\u00f9 titolato in Italia: sono contento di iniziare questa avventura<\/strong>\\&#8221;: sonole prime parole in bianco e nero del nuovo centrocampista della Juventus, <strong>Pape Sarr, che si \u00e8 presentato ai canali ufficiali del club<\/strong>. \\&#8221;Da qui sono passati grandi nomi come Zidane e Platini,<strong> il mio modello \u00e8 Pogba e l&#8217;obiettivo \u00e8 entrare nelle dinamiche della squadra<\/strong>: penseremo a una partita per volta e a vincerne il pi\u00f9 possibile, poi vedremo dove saremo arrivati\\&#8221;. Sulle sue caratteristiche, Sarr aggiunge: \\&#8221;<strong>Mi definisco un giocatore box to box<\/strong>, mi piace fare gol ma anche difendere e dare protezione alla squadra\\&#8221;.<\/p>\n<p>&#8220;,&#8221;postId&#8221;:&#8221;8ef14f60-3ddf-409a-9d7d-a44a12dcfc51&#8243;,&#8221;postLink&#8221;:{&#8220;title&#8221;:&#8221;&#8221;,&#8221;url&#8221;:&#8221;&#8221;,&#8221;imageSrc&#8221;:&#8221;&#8221;}},{&#8220;timestamp&#8221;:&#8221;2026-09-01T15:17:38.608Z&#8221;,&#8221;timestampUtcIt&#8221;:&#8221;2026-09-01T17:17:38+0200&#8243;,&#8221;altBackground&#8221;:false,&#8221;title&#8221;:&#8221;Sta sfumando Cabal all&#8217;Atalanta&#8221;,&#8221;content&#8221;:&#8221;<\/p>\n<p>A poco meno di tre ore dalla fine del mercato <strong>continua a non esserci accordo fra Juve e Atalanta<\/strong> per <strong>Juan Cabal<\/strong>, che dunque sembra destinato a rimanere a Torino<\/p>\n<p>&#8220;,&#8221;postId&#8221;:&#8221;f528b691-8a32-4845-9e1b-4f3a848bf4ef&#8221;,&#8221;postLink&#8221;:{&#8220;title&#8221;:&#8221;&#8221;,&#8221;url&#8221;:&#8221;&#8221;,&#8221;imageSrc&#8221;:&#8221;&#8221;}},{&#8220;timestamp&#8221;:&#8221;2026-09-01T14:46:36.110Z&#8221;,&#8221;timestampUtcIt&#8221;:&#8221;2026-09-01T16:46:36+0200&#8243;,&#8221;altBackground&#8221;:false,&#8221;title&#8221;:&#8221;Ora manca l&#8217;ufficialit\u00e0 di Woltemade&#8221;,&#8221;content&#8221;:&#8221;<\/p>\n<p>Attesa a breve l&#8217;ufficialit\u00e0 anche di Woltemade. L&#8217;attaccante sta ultimando le visite mediche<\/p>\n<p>&#8220;,&#8221;postId&#8221;:&#8221;2041f5ae-b6e8-43d6-9121-9abc636d5630&#8243;,&#8221;postLink&#8221;:{&#8220;title&#8221;:&#8221;&#8221;,&#8221;url&#8221;:&#8221;&#8221;,&#8221;imageSrc&#8221;:&#8221;&#8221;}},{&#8220;timestamp&#8221;:&#8221;2026-09-01T14:33:23.542Z&#8221;,&#8221;timestampUtcIt&#8221;:&#8221;2026-09-01T16:33:23+0200&#8243;,&#8221;altBackground&#8221;:false,&#8221;title&#8221;:&#8221;Primi scatti di Sarr alla Juventus&#8221;,&#8221;content&#8221;:&#8221;<\/p>\n<p>Anche la Juventus ufficializza Sarr. Prime foto per il centrocampista<\/p>\n<p>&#8220;,&#8221;social&#8221;:{&#8220;socialType&#8221;:&#8221;twitter&#8221;,&#8221;src&#8221;:&#8221;https:\/\/twitter.com\/juventusfc\/status\/2094795150992027835&#8243;,&#8221;cookieAllowed&#8221;:true},&#8221;postId&#8221;:&#8221;09e992cb-e714-41c7-a9c0-fb9411b8e762&#8243;,&#8221;postLink&#8221;:{&#8220;title&#8221;:&#8221;&#8221;,&#8221;url&#8221;:&#8221;&#8221;,&#8221;imageSrc&#8221;:&#8221;&#8221;}},{&#8220;timestamp&#8221;:&#8221;2026-09-01T13:28:00.636Z&#8221;,&#8221;timestampUtcIt&#8221;:&#8221;2026-09-01T15:28:00+0200&#8243;,&#8221;altBackground&#8221;:false,&#8221;title&#8221;:&#8221;Si allontana Cabal. E Tagliafico&#8230;&#8221;,&#8221;content&#8221;:&#8221;<\/p>\n<p>Pi\u00f9 passa il tempo, meno \u00e8 probabile che Cabal vada all&#8217;Atalanta. Manca l&#8217;accordo tra i club e Tagliafico \u00e8 tentato da una proposta dell&#8217;Atletico Madrid, che \u00e8 pronto ad accettare<\/p>\n<p>&#8220;,&#8221;postId&#8221;:&#8221;de6a5dcf-8745-4359-bce0-c46b4c55672e&#8221;,&#8221;postLink&#8221;:{&#8220;title&#8221;:&#8221;&#8221;,&#8221;url&#8221;:&#8221;&#8221;,&#8221;imageSrc&#8221;:&#8221;&#8221;}},{&#8220;timestamp&#8221;:&#8221;2026-09-01T12:19:27.499Z&#8221;,&#8221;timestampUtcIt&#8221;:&#8221;2026-09-01T14:19:27+0200&#8243;,&#8221;altBackground&#8221;:false,&#8221;title&#8221;:&#8221;La situazione su Cabal&#8221;,&#8221;content&#8221;:&#8221;<\/p>\n<p>La Roma ha fatto un tentativo per il giocatore in prestito, ma la Juve valuta solo la cessione a titolo defintivo. La richiesta \u00e8 di 12 milioni, l&#8217;Atalanta c&#8217;\u00e8 sempre ma non vuole spendere quella cifra<\/p>\n<p>&#8220;,&#8221;postId&#8221;:&#8221;0fc49f10-498e-4517-90de-bf9f156c4589&#8243;,&#8221;postLink&#8221;:{&#8220;title&#8221;:&#8221;&#8221;,&#8221;url&#8221;:&#8221;&#8221;,&#8221;imageSrc&#8221;:&#8221;&#8221;}},{&#8220;timestamp&#8221;:&#8221;2026-09-01T12:03:39.507Z&#8221;,&#8221;timestampUtcIt&#8221;:&#8221;2026-09-01T14:03:39+0200&#8243;,&#8221;altBackground&#8221;:false,&#8221;title&#8221;:&#8221;Lega Calcio: ufficiale l&#8217;arrivo di Sarr alla Juventus&#8221;,&#8221;content&#8221;:&#8221;<\/p>\n<p>Pape Sarr \u00e8 un nuovo giocatore della Juventus. Lo ufficializza la Lega Calcio: prestito con obbligo di riscatto<\/p>\n<p>&#8220;,&#8221;postId&#8221;:&#8221;40fdca71-0f9f-41b6-8503-9deabc9f902c&#8221;,&#8221;postLink&#8221;:{&#8220;title&#8221;:&#8221;&#8221;,&#8221;url&#8221;:&#8221;&#8221;,&#8221;imageSrc&#8221;:&#8221;&#8221;}},{&#8220;timestamp&#8221;:&#8221;2026-09-01T11:12:40.313Z&#8221;,&#8221;timestampUtcIt&#8221;:&#8221;2026-09-01T13:12:40+0200&#8243;,&#8221;video&#8221;:{&#8220;videoId&#8221;:&#8221;1121286&#8243;,&#8221;videoDescription&#8221;:&#8221;Woltemade a Torino&#8221;,&#8221;videoPageUrl&#8221;:&#8221;https:\/\/video.sky.it\/sport\/calciomercato\/serie-a\/video\/woltemade-juventus-torino-news-1121286&#8243;},&#8221;altBackground&#8221;:true,&#8221;title&#8221;:&#8221;Woltemade a Torino: il video&#8221;,&#8221;content&#8221;:&#8221;<\/p>\n<p>Ecco il video dell&#8217;arrivo di Woltemade a Torino (fonte: Mattia Picchialepri)<\/p>\n<p>&#8220;,&#8221;postId&#8221;:&#8221;168c33e6-9788-42f1-aa77-5e18b686319d&#8221;,&#8221;postLink&#8221;:{&#8220;title&#8221;:&#8221;&#8221;,&#8221;url&#8221;:&#8221;&#8221;,&#8221;imageSrc&#8221;:&#8221;&#8221;}},{&#8220;timestamp&#8221;:&#8221;2026-09-01T11:08:48.193Z&#8221;,&#8221;timestampUtcIt&#8221;:&#8221;2026-09-01T13:08:48+0200&#8243;,&#8221;image&#8221;:{&#8220;imgSrc&#8221;:&#8221;https:\/\/www.europesays.com\/it\/wp-content\/uploads\/2026\/09\/WhatsApp Image 2026-09-01 at 13.09.01.jpeg&#8221;,&#8221;imgAlt&#8221;:&#8221;Woltemade a Torino&#8221;,&#8221;imgCredits&#8221;:null,&#8221;imgCaption&#8221;:null},&#8221;altBackground&#8221;:true,&#8221;title&#8221;:&#8221;Woltemade a Torino: arrivato ora in citt\u00e0&#8221;,&#8221;content&#8221;:&#8221;<\/p>\n<p>Woltemade \u00e8 arrivato a Torino in questi minuti. Ora le visite mediche \u00a0e le firme<\/p>\n<p>&#8220;,&#8221;postId&#8221;:&#8221;af743b8d-ef6f-40f7-a0eb-23b05b2bcabd&#8221;,&#8221;postLink&#8221;:{&#8220;title&#8221;:&#8221;&#8221;,&#8221;url&#8221;:&#8221;&#8221;,&#8221;imageSrc&#8221;:&#8221;&#8221;}},{&#8220;timestamp&#8221;:&#8221;2026-09-01T10:48:05.872Z&#8221;,&#8221;timestampUtcIt&#8221;:&#8221;2026-09-01T12:48:05+0200&#8243;,&#8221;altBackground&#8221;:false,&#8221;title&#8221;:&#8221;Si complica Cabal all&#8217;Atalanta&#8221;,&#8221;content&#8221;:&#8221;<\/p>\n<p>Stop alla trattativa per Cabal all&#8217;Atalanta: non riescono a quadrare i numeri. Le parti si riaggiorneranno, ma pista in salita<\/p>\n<p>&#8220;,&#8221;postId&#8221;:&#8221;882ba4e5-f7ab-4b40-95e4-0f8bc07d7f6b&#8221;,&#8221;postLink&#8221;:{&#8220;title&#8221;:&#8221;&#8221;,&#8221;url&#8221;:&#8221;&#8221;,&#8221;imageSrc&#8221;:&#8221;&#8221;}},{&#8220;timestamp&#8221;:&#8221;2026-09-01T10:47:32.984Z&#8221;,&#8221;timestampUtcIt&#8221;:&#8221;2026-09-01T12:47:32+0200&#8243;,&#8221;altBackground&#8221;:false,&#8221;title&#8221;:&#8221;Woltemade in viaggio ora&#8221;,&#8221;content&#8221;:&#8221;<\/p>\n<p>A breve previsto l&#8217;arrivo di Woltemade a Torino. L&#8217;attaccante \u00e8 in viaggio in questo momento<\/p>\n<p>&#8220;,&#8221;postId&#8221;:&#8221;da813744-55bf-4e1a-9b38-2ec4a16e7a18&#8243;,&#8221;postLink&#8221;:{&#8220;title&#8221;:&#8221;&#8221;,&#8221;url&#8221;:&#8221;&#8221;,&#8221;imageSrc&#8221;:&#8221;&#8221;}},{&#8220;timestamp&#8221;:&#8221;2026-09-01T10:13:30.649Z&#8221;,&#8221;timestampUtcIt&#8221;:&#8221;2026-09-01T12:13:30+0200&#8243;,&#8221;altBackground&#8221;:false,&#8221;title&#8221;:&#8221;A breve attesa l&#8217;ufficialit\u00e0 d Sarr&#8221;,&#8221;content&#8221;:&#8221;<\/p>\n<p>Per Pape Matar Sarr alla Juve manca soltanto l&#8217;ufficialit\u00e0. Arriva in prestito con obbligo condizionato, ha sostenuto ieri le visite mediche<\/p>\n<p>&#8220;,&#8221;postId&#8221;:&#8221;4a7b7355-e7f6-4dc7-ab9a-e6e9f03e1ebc&#8221;,&#8221;postLink&#8221;:{&#8220;title&#8221;:&#8221;&#8221;,&#8221;url&#8221;:&#8221;&#8221;,&#8221;imageSrc&#8221;:&#8221;&#8221;}},{&#8220;timestamp&#8221;:&#8221;2026-09-01T10:02:57.496Z&#8221;,&#8221;timestampUtcIt&#8221;:&#8221;2026-09-01T12:02:57+0200&#8243;,&#8221;altBackground&#8221;:false,&#8221;title&#8221;:&#8221;Ancora contatti con l&#8217;Atalanta per Cabal&#8221;,&#8221;content&#8221;:&#8221;<\/p>\n<p>Nuovi contatti tra Atalanta e Juventus per Cabal: trattativa in corso per portare in nerazzurro il difensore che piace molto a Giuntoli<\/p>\n<p>&#8220;,&#8221;postId&#8221;:&#8221;f6b239d2-a001-47b6-9f53-fe1fcb6fdb22&#8243;,&#8221;postLink&#8221;:{&#8220;title&#8221;:&#8221;&#8221;,&#8221;url&#8221;:&#8221;&#8221;,&#8221;imageSrc&#8221;:&#8221;&#8221;}},{&#8220;timestamp&#8221;:&#8221;2026-09-01T09:24:07.814Z&#8221;,&#8221;timestampUtcIt&#8221;:&#8221;2026-09-01T11:24:07+0200&#8243;,&#8221;altBackground&#8221;:false,&#8221;title&#8221;:&#8221;Gil si trasferisce all&#8217;Atletico B&#8221;,&#8221;content&#8221;:&#8221;<\/p>\n<p>Non solo David, c&#8217;\u00e8 un altro giocatore della Juve che si trasferisce in Spagna: si tratta di Gil, difensore della Next Gen. Operazione chiusa: prestito con diritto di riscatto<\/p>\n<p>&#8220;,&#8221;postId&#8221;:&#8221;b7a2e3dd-aa01-4846-adf1-e0a810d21c36&#8243;,&#8221;postLink&#8221;:{&#8220;title&#8221;:&#8221;&#8221;,&#8221;url&#8221;:&#8221;&#8221;,&#8221;imageSrc&#8221;:&#8221;&#8221;}},{&#8220;timestamp&#8221;:&#8221;2026-09-01T09:10:00.079Z&#8221;,&#8221;timestampUtcIt&#8221;:&#8221;2026-09-01T11:10:00+0200&#8243;,&#8221;altBackground&#8221;:false,&#8221;title&#8221;:&#8221;La Juve deve fare i conti con gli stop di Yildiz ed Ekhator&#8221;,&#8221;content&#8221;:&#8221;<\/p>\n<p>Non solo mercato per la Juventus, che deve fare i conti anche con due infortuni. <strong>Kenan Yildiz \u00e8 stato operato per la frattura del quinto metatarso del piede sinistro:<\/strong> l&#8217;intervento \u00e8 perfettamente riuscito e inizier\u00e0 subito il programma riabilitativo, con rientro previsto dopo la sosta di novembre. <strong>Stop anche per Jeff Ekhator, che ha riportato una lesione di medio grado del muscolo semitendinoso della coscia destra. <\/strong>Tra due settimane verr\u00e0 sottoposto a nuovi controlli per definire meglio i tempi di recupero.<\/p>\n<p>&#8220;,&#8221;postId&#8221;:&#8221;e89c6135-406d-4228-8051-db1e77e7724b&#8221;,&#8221;postLink&#8221;:{&#8220;title&#8221;:&#8221;Juventus, Yildiz \u00e8 stato operato: quali e quante partite salta per infortunio&#8221;,&#8221;url&#8221;:&#8221;https:\/\/sport.sky.it\/calcio\/serie-a\/2026\/08\/28\/yildiz-juve-infortunio-partite-serie-a-europa-league&#8221;,&#8221;imageSrc&#8221;:&#8221;https:\/\/sport.sky.it\/assets\/images\/76d25322372a70822ec051cde0df15b59ecd86d2\/skysport\/it\/calcio\/serie-a\/2026\/08\/08\/inter-juventus-risultato-gol-amichevole\/yildiz_juventus_ipa.jpg?im=Resize,width=1218&#8243;}},{&#8220;timestamp&#8221;:&#8221;2026-09-01T09:03:04.287Z&#8221;,&#8221;timestampUtcIt&#8221;:&#8221;2026-09-01T11:03:04+0200&#8243;,&#8221;altBackground&#8221;:false,&#8221;title&#8221;:&#8221;David \u00e8 in viaggio per Madrid&#8221;,&#8221;content&#8221;:&#8221;<\/p>\n<p>Tutto fatto: Jonathan David \u00e8 in viaggio per firmare con l&#8217;Atletico Madrid. Oggi l&#8217;ufficialit\u00e0<\/p>\n<p>&#8220;,&#8221;postId&#8221;:&#8221;ffb73012-b99d-4c01-bf25-1dc9c6668ef4&#8243;,&#8221;postLink&#8221;:{&#8220;title&#8221;:&#8221;&#8221;,&#8221;url&#8221;:&#8221;&#8221;,&#8221;imageSrc&#8221;:&#8221;&#8221;}},{&#8220;timestamp&#8221;:&#8221;2026-09-01T09:00:00.944Z&#8221;,&#8221;timestampUtcIt&#8221;:&#8221;2026-09-01T11:00:00+0200&#8243;,&#8221;altBackground&#8221;:false,&#8221;title&#8221;:&#8221;Chi vincer\u00e0 lo Scudetto secondo il Supercomputer?&#8221;,&#8221;content&#8221;:&#8221;<\/p>\n<p><strong>Dalla lotta per il titolo alla corsa Champions<\/strong>, fino alla zona retrocessione: ecco le previsioni del Supercomputer Opta per la nuova Serie A, con le percentuali assegnate a ogni squadra.<\/p>\n<p>&#8220;,&#8221;postId&#8221;:&#8221;b6c3e000-8211-4825-8ca4-293a008e324d&#8221;,&#8221;postLink&#8221;:{&#8220;title&#8221;:&#8221;Chi vince lo Scudetto? La classifica della Serie A secondo il Supercomputer Opta&#8221;,&#8221;url&#8221;:&#8221;https:\/\/sport.sky.it\/calcio\/serie-a\/2026\/08\/20\/serie-a-2026-2027-scudetto-campionato-previsioni-opta&#8221;,&#8221;imageSrc&#8221;:&#8221;https:\/\/sport.sky.it\/assets\/images\/6c959e863be6a22f4570b0c5e269d2ce62d9d83d\/skysport\/it\/calcio\/serie-a\/2026\/08\/20\/serie-a-2026-2027-scudetto-campionato-previsioni-opta\/ipa_inter_juventus_bonny_bremer.jpg?im=Resize,width=1218&#8243;}},{&#8220;timestamp&#8221;:&#8221;2026-09-01T08:50:00.741Z&#8221;,&#8221;timestampUtcIt&#8221;:&#8221;2026-09-01T10:50:00+0200&#8243;,&#8221;altBackground&#8221;:false,&#8221;title&#8221;:&#8221;Sarri su Cabal: \\&#8221;Se dovesse arrivare, sarei contento\\&#8221;&#8221;,&#8221;content&#8221;:&#8221;<\/p>\n<p><strong>Maurizio Sarri<\/strong> ha parlato a Sky Sport dopo Atalanta-Bologna: \\&#8221;Cabal? L&#8217;ultimo pensiero oggi era chiamare Giuntoli per il mercato. Kristensen in questo momento \u00e8 infortunato, Hien \u00e8 una storia lunga, altrimenti non avremmo bisogno di difensori. <strong>Se arriva Cabal ovviamente sono contento\\&#8221;.<\/strong><\/p>\n<p>&#8220;,&#8221;postId&#8221;:&#8221;b969a400-0669-481e-a34e-d81acaff652a&#8221;,&#8221;postLink&#8221;:{&#8220;title&#8221;:&#8221;&#8221;,&#8221;url&#8221;:&#8221;&#8221;,&#8221;imageSrc&#8221;:&#8221;&#8221;}},{&#8220;timestamp&#8221;:&#8221;2026-09-01T08:40:00.000Z&#8221;,&#8221;timestampUtcIt&#8221;:&#8221;2026-09-01T10:40:00+0200&#8243;,&#8221;altBackground&#8221;:false,&#8221;title&#8221;:&#8221;Juventus tra le maggiori protagoniste del mercato: \u00e8 il settimo club ad aver speso di pi\u00f9&#8221;,&#8221;content&#8221;:&#8221;<\/p>\n<p>La Juventus \u00e8 stata una delle protagoniste del mercato estivo, anche sul fronte degli investimenti: i bianconeri occupano il <strong>7\u00b0 posto nella classifica delle squadre che hanno speso di pi\u00f9<\/strong>. Qui sotto la graduatoria completa, con tutti i club ordinati in base alle cifre investite in questa sessione di mercato.<\/p>\n<p>&#8220;,&#8221;postId&#8221;:&#8221;2b74ce81-6a64-46ae-864c-9b7a2e1a84e2&#8243;,&#8221;postLink&#8221;:{&#8220;title&#8221;:&#8221;Chi ha speso di pi\u00f9 finora sul mercato: Tottenham 2\u00b0&#8221;,&#8221;url&#8221;:&#8221;https:\/\/sport.sky.it\/calciomercato\/calciomercato-2026-squadre-acquisti-spese-sessione-estiva-classifica&#8221;,&#8221;imageSrc&#8221;:&#8221;https:\/\/sport.sky.it\/assets\/images\/fe2856f12f6aee0cbec8745156da4834e9c92388\/skysport\/it\/calcio\/calciomercato\/calciomercato-2026-squadre-acquisti-spese-sessione-estiva-classifica\/savinho_tottenham_2.jpg?im=Resize,width=1218&#8243;}},{&#8220;timestamp&#8221;:&#8221;2026-09-01T08:30:00.000Z&#8221;,&#8221;timestampUtcIt&#8221;:&#8221;2026-09-01T10:30:00+0200&#8243;,&#8221;altBackground&#8221;:false,&#8221;title&#8221;:&#8221;Alla scoperta di Nick Woltemade&#8221;,&#8221;content&#8221;:&#8221;<\/p>\n<p><strong>Nick Woltemade \u00e8 un attaccante tedesco classe 2002<\/strong>, alto 1,98 metri ma dotato di grande tecnica e mobilit\u00e0. Cresciuto nel Werder Brema, \u00e8 esploso prima all&#8217;Elversberg e poi allo Stoccarda, dove ha segnato 12 gol. Agli Europei U21 del 2025 ha realizzato <strong>6 reti<\/strong>, prima del trasferimento al Newcastle per 75 milioni di euro. Nella prima stagione in Inghilterra ha chiuso con <strong>11 gol in 51 presenze<\/strong>. A Stoccarda era stato soprannominato \\&#8221;Woltemessi\\&#8221; per la qualit\u00e0 palla al piede<\/p>\n<p>&#8220;,&#8221;postId&#8221;:&#8221;3de4224b-b04e-4661-872c-ada20abb0c8b&#8221;,&#8221;postLink&#8221;:{&#8220;title&#8221;:&#8221;&#8221;,&#8221;url&#8221;:&#8221;&#8221;,&#8221;imageSrc&#8221;:&#8221;&#8221;}},{&#8220;timestamp&#8221;:&#8221;2026-09-01T08:20:00.000Z&#8221;,&#8221;timestampUtcIt&#8221;:&#8221;2026-09-01T10:20:00+0200&#8243;,&#8221;altBackground&#8221;:false,&#8221;title&#8221;:&#8221;Non solo mercato: il calendario della Juve in Europa League&#8221;,&#8221;content&#8221;:&#8221;<\/p>\n<p>Il programma delle partite dei bianconeri in Europa League (tutta da vivere in diretta su Sky Sport)<\/p>\n<p>&#8220;,&#8221;postId&#8221;:&#8221;623c9644-d008-4e06-af2a-a5fb805e8f30&#8243;,&#8221;postLink&#8221;:{&#8220;title&#8221;:&#8221;Europa League, il calendario e il cammino di Milan e Juventus&#8221;,&#8221;url&#8221;:&#8221;https:\/\/sport.sky.it\/calcio\/europa-league\/calendario-europa-league-2026-2027-giornate-partite&#8221;,&#8221;imageSrc&#8221;:&#8221;https:\/\/sport.sky.it\/assets\/images\/d44856b130071c8a0b60093a7e69685cfd19b67a\/skysport\/it\/calcio\/europa-league\/europa-league-2026-2027-fasce-regolamento-sorteggio\/ansa_amorim_spalletti.jpg?im=Resize,width=1218&#8243;}},{&#8220;timestamp&#8221;:&#8221;2026-09-01T08:10:00.000Z&#8221;,&#8221;timestampUtcIt&#8221;:&#8221;2026-09-01T10:10:00+0200&#8243;,&#8221;altBackground&#8221;:false,&#8221;title&#8221;:&#8221;Un ex Juve torna in Serie A: Mbangula al Bologna&#8221;,&#8221;content&#8221;:&#8221;<\/p>\n<p>Il Bologna ha scelto <strong>Samuel Mbangula<\/strong> per sostituire Jonathan Rowe. L&#8217;attaccante arriver\u00e0 dal Werder Brema in <strong>prestito oneroso da 2 milioni di euro<\/strong>, con <strong>diritto di riscatto fissato a 12,5 milioni<\/strong>. Il giocatore \u00e8 atteso oggi in citt\u00e0 per sostenere le visite mediche e poi firmare con il club rossobl\u00f9<\/p>\n<p>&#8220;,&#8221;postId&#8221;:&#8221;b0bc3243-d0be-4714-98cf-a843f5fce2c0&#8243;,&#8221;postLink&#8221;:{&#8220;title&#8221;:&#8221;&#8221;,&#8221;url&#8221;:&#8221;&#8221;,&#8221;imageSrc&#8221;:&#8221;&#8221;}},{&#8220;timestamp&#8221;:&#8221;2026-09-01T08:00:00.000Z&#8221;,&#8221;timestampUtcIt&#8221;:&#8221;2026-09-01T10:00:00+0200&#8243;,&#8221;altBackground&#8221;:false,&#8221;title&#8221;:&#8221;Da Sky Sport Insider: la scheda tecnica di Sarr&#8221;,&#8221;content&#8221;:&#8221;<\/p>\n<p>Stesso cluster, ma interpretazione del ruolo tutta diversa: P<strong>ape Sarr non pu\u00f2 essere considerato l&#8217;alternativa di Kessi\u00e9,<\/strong> ma un&#8217;occasione di mercato che la Juventus ha voluto cogliere per regalare a Spalletti un centrocampista che gli mancava. C<strong>osa porter\u00e0 ai bianconeri<\/strong><\/p>\n<p>&#8220;,&#8221;postId&#8221;:&#8221;9b519da5-6986-415f-8ce1-a722f1d0b1a7&#8243;,&#8221;postLink&#8221;:{&#8220;title&#8221;:&#8221;Alter ego a met\u00e0: cosa cambia da Kessi\u00e9 a Sarr per la Juventus&#8221;,&#8221;url&#8221;:&#8221;https:\/\/sport.sky.it\/calciomercato\/2026\/08\/31\/juventus-sarr-caratteristiche-tecniche-confronto-kessie&#8221;,&#8221;imageSrc&#8221;:&#8221;https:\/\/sport.sky.it\/assets\/images\/ec64395334965027bd315f02e44d2eafadc75ffc\/skysport\/it\/calcio\/calciomercato\/2026\/08\/31\/juventus-sarr-caratteristiche-tecniche-confronto-kessie\/pape_sarr_GETTY_copertina.jpg?im=Resize,width=1218&#8243;}},{&#8220;timestamp&#8221;:&#8221;2026-09-01T07:50:00.000Z&#8221;,&#8221;timestampUtcIt&#8221;:&#8221;2026-09-01T09:50:00+0200&#8243;,&#8221;altBackground&#8221;:false,&#8221;title&#8221;:&#8221;Cabal-Atalanta, Tagliafico resta in attesa&#8221;,&#8221;content&#8221;:&#8221;<\/p>\n<p>Restano vivi i contatti tra <strong>Juventus e Atalanta per Juan Cabal<\/strong>. La sua eventuale cessione potrebbe sbloccare l&#8217;ultima operazione dei bianconeri sulle fasce: in quel caso la Juve sarebbe pronta a chiudere per <strong>Nicolas Tagliafico del Lione<\/strong><\/p>\n<p>&#8220;,&#8221;postId&#8221;:&#8221;ca9c7526-45dc-4607-a40e-4a0bb1906096&#8243;,&#8221;postLink&#8221;:{&#8220;title&#8221;:&#8221;&#8221;,&#8221;url&#8221;:&#8221;&#8221;,&#8221;imageSrc&#8221;:&#8221;&#8221;}},{&#8220;timestamp&#8221;:&#8221;2026-09-01T07:40:00.000Z&#8221;,&#8221;timestampUtcIt&#8221;:&#8221;2026-09-01T09:40:00+0200&#8243;,&#8221;video&#8221;:{&#8220;videoId&#8221;:&#8221;1121178&#8243;,&#8221;videoPageUrl&#8221;:&#8221;https:\/\/video.sky.it\/sport\/calciomercato\/serie-a\/video\/juventus-pape-sarr-calciomercato-arrivo-video-1121178&#8243;},&#8221;altBackground&#8221;:true,&#8221;title&#8221;:&#8221;Sarr \u00e8 gi\u00e0 arrivato a Torino&#8221;,&#8221;content&#8221;:&#8221;<\/p>\n<p>Intanto <strong>Pape Sarr \u00e8 gi\u00e0 arrivato a Torino<\/strong>. Il centrocampista del Tottenham si trasferir\u00e0 alla Juventus con la formula del <strong>prestito con obbligo di riscatto condizionato<\/strong>. Ora gli ultimi passaggi prima dell&#8217;ufficialit\u00e0 del suo arrivo in bianconero<\/p>\n<p>&#8220;,&#8221;postId&#8221;:&#8221;b857aed9-547a-43e3-8d6f-9fa1bcb10dcc&#8221;,&#8221;postLink&#8221;:{&#8220;title&#8221;:&#8221;&#8221;,&#8221;url&#8221;:&#8221;&#8221;,&#8221;imageSrc&#8221;:&#8221;&#8221;}},{&#8220;timestamp&#8221;:&#8221;2026-09-01T07:30:00.000Z&#8221;,&#8221;timestampUtcIt&#8221;:&#8221;2026-09-01T09:30:00+0200&#8243;,&#8221;altBackground&#8221;:false,&#8221;title&#8221;:&#8221;David verso l&#8217;Atletico Madrid: i dettagli&#8221;,&#8221;content&#8221;:&#8221;<\/p>\n<p><strong>Jonathan David \u00e8 vicino al trasferimento all&#8217;Atletico Madrid<\/strong>. Juventus e club spagnolo hanno raggiunto l&#8217;accordo per un <strong>prestito con diritto di riscatto fissato a 25 milioni di euro<\/strong>. Giocatore in partenza questa mattina per la Spagna<\/p>\n<p>&#8220;,&#8221;postId&#8221;:&#8221;c3ccc122-6249-4571-890a-6bdef6f2704a&#8221;,&#8221;postLink&#8221;:{&#8220;title&#8221;:&#8221;&#8221;,&#8221;url&#8221;:&#8221;&#8221;,&#8221;imageSrc&#8221;:&#8221;&#8221;}},{&#8220;timestamp&#8221;:&#8221;2026-09-01T07:20:00.000Z&#8221;,&#8221;timestampUtcIt&#8221;:&#8221;2026-09-01T09:20:00+0200&#8243;,&#8221;image&#8221;:{&#8220;imgSrc&#8221;:&#8221;https:\/\/www.europesays.com\/it\/wp-content\/uploads\/2026\/09\/woltemade_germania_getty.jpg&#8221;,&#8221;imgAlt&#8221;:&#8221;woltemade&#8221;,&#8221;imgCredits&#8221;:null,&#8221;imgCaption&#8221;:null},&#8221;altBackground&#8221;:true,&#8221;title&#8221;:&#8221;Woltemade in prestito secco oneroso da 5 milioni di euro&#8221;,&#8221;content&#8221;:&#8221;<\/p>\n<p>\u00c8 fatta per <strong>Nick Woltemade alla Juventus<\/strong>. Dopo l&#8217;intesa con il Newcastle \u00e8 arrivato anche l&#8217;ok dell&#8217;attaccante tedesco, atteso oggi a Torino per visite mediche e firma. Operazione in <strong>prestito secco oneroso da 5 milioni di euro<\/strong>, senza diritto di riscatto<\/p>\n<p>&#8220;,&#8221;postId&#8221;:&#8221;3f917ca4-9e53-4237-903c-6e5927f15969&#8243;,&#8221;postLink&#8221;:{&#8220;title&#8221;:&#8221;&#8221;,&#8221;url&#8221;:&#8221;&#8221;,&#8221;imageSrc&#8221;:&#8221;&#8221;}},{&#8220;timestamp&#8221;:&#8221;2026-09-01T07:10:00.000Z&#8221;,&#8221;timestampUtcIt&#8221;:&#8221;2026-09-01T09:10:00+0200&#8243;,&#8221;altBackground&#8221;:false,&#8221;title&#8221;:&#8221;Chi \u00e8 arrivato alla Juve in questa sessione&#8221;,&#8221;content&#8221;:&#8221;<\/p>\n<p>La Juventus ha gi\u00e0 cambiato molto in questa sessione estiva. Sono arrivati <strong>Vicario e Grabara<\/strong> per la porta, <strong>Lucum\u00ed e Celik<\/strong> in difesa, <strong>Ekhator<\/strong> e soprattutto <strong>Alajbegovic e Kolo Muani<\/strong> per l&#8217;attacco. Sono stati inoltre riscattati <strong>Openda e Boga<\/strong>. Nelle ultime ore sono poi attese le ufficialit\u00e0 di <strong>Pape Sarr<\/strong> e <strong>Nick Woltemade<\/strong>, pronti a completare ulteriormente la rosa di Spalletti<\/p>\n<p>&#8220;,&#8221;postId&#8221;:&#8221;187d7ef0-b406-4b88-a62c-9ae0f6d94509&#8243;,&#8221;postLink&#8221;:{&#8220;title&#8221;:&#8221;&#8221;,&#8221;url&#8221;:&#8221;&#8221;,&#8221;imageSrc&#8221;:&#8221;&#8221;}},{&#8220;timestamp&#8221;:&#8221;2026-09-01T07:00:00.000Z&#8221;,&#8221;timestampUtcIt&#8221;:&#8221;2026-09-01T09:00:00+0200&#8243;,&#8221;altBackground&#8221;:false,&#8221;title&#8221;:&#8221;Cosa aspettarsi dall&#8217;ultimo giorno della Juve&#8221;,&#8221;content&#8221;:&#8221;<\/p>\n<p>La <strong>Juventus <\/strong>arriva all&#8217;ultimo giorno di mercato con diverse operazioni da formalizzare. In entrata sono attese le ufficialit\u00e0 di <strong>Nick Woltemade<\/strong>, che arriver\u00e0 dal Newcastle in prestito secco oneroso da 5 milioni di euro, e di <strong>Pape Sarr<\/strong>, gi\u00e0 arrivato a Torino dal Tottenham in prestito con obbligo condizionato. In uscita va invece completato il trasferimento di <strong>Jonathan David all&#8217;Atletico Madrid<\/strong>, in prestito con diritto di riscatto fissato a 25 milioni. Resta poi aperto il capitolo terzini: <strong>Cabal<\/strong> \u00e8 nel mirino dell&#8217;Atalanta e la sua eventuale cessione potrebbe sbloccare l&#8217;arrivo di <strong>Nicolas Tagliafico dal Lione<\/strong>.<\/p>\n<p>&#8220;,&#8221;postId&#8221;:&#8221;3f273469-adc4-4de1-bc02-d37ae87b257c&#8221;,&#8221;postLink&#8221;:{&#8220;title&#8221;:&#8221;&#8221;,&#8221;url&#8221;:&#8221;&#8221;,&#8221;imageSrc&#8221;:&#8221;&#8221;}},{&#8220;timestamp&#8221;:&#8221;2026-09-01T06:55:00.695Z&#8221;,&#8221;timestampUtcIt&#8221;:&#8221;2026-09-01T08:55:00+0200&#8243;,&#8221;altBackground&#8221;:false,&#8221;title&#8221;:&#8221;Juventus, le news di oggi live&#8221;,&#8221;content&#8221;:&#8221;<\/p>\n<ul>\\n  <\/p>\n<li>Fatta per l&#8217;arrivo di <strong>Woltemade <\/strong>(Newcastle): prestito secco oneroso da 5 milioni di euro. Attesa per visite mediche e firma<\/li>\n<p>\\n  <\/p>\n<li><strong>David <\/strong>all&#8217;Atletico Madrid: prestito con diritto a 25 milioni di euro. Parte in mattinata direzione Spagna<\/li>\n<p>\\n  <\/p>\n<li><strong>Pape Sarr<\/strong> del Tottenham \u00e8 arrivato a Torino: operazione in prestito con obbligo condizionato. Attesa l&#8217;ufficialit\u00e0<\/li>\n<p>\\n  <\/p>\n<li>Sulle fasce si segue <strong>Tagliafico <\/strong>(in caso di uscita di <strong>Cabal <\/strong>sul quale c&#8217;\u00e8 il pressing dell&#8217;Atalanta)<\/li>\n<p>\\n  <\/p>\n<li><a href=\"\\&quot;https:\/\/sport.sky.it\/calciomercato\/juventus\\&quot;\" data-intcmp=\"\\&quot;skysport_liveblog_interlink_text\\&quot;\">Il tabellone mercato della Juventus<\/a><\/li>\n<p>\\n<\/ul>\n<p>&#8220;,&#8221;postId&#8221;:&#8221;96c4df59-8668-4df1-a75d-3fe193ca2e91&#8243;,&#8221;postLink&#8221;:{&#8220;title&#8221;:&#8221;&#8221;,&#8221;url&#8221;:&#8221;&#8221;,&#8221;imageSrc&#8221;:&#8221;&#8221;}}]}&#8221; query='{&#8220;configurationName&#8221;:&#8221;LIVEBLOG_CONTAINER_WIDGET&#8221;,&#8221;liveblogId&#8221;:&#8221;c6e7678e-a435-402c-8841-4df14200c460&#8243;,&#8221;tenant&#8221;:&#8221;sport&#8221;,&#8221;limit&#8221;:800}&#8217; config='{&#8220;live&#8221;:true,&#8221;isWebView&#8221;:false,&#8221;postsPerPageMobile&#8221;:10,&#8221;postsPerPageDesktop&#8221;:10}&#8217;&gt;<br \/>\n          Juventus, cosa \u00e8 successo nell&#8217;ultimo giorno di calciomercato<\/p>\n<ul>\n<li>Dopo l&#8217;arrivo di ieri, ecco l&#8217;ufficialit\u00e0 per Pape Matar <strong>Sarr<\/strong>: prestito con obbligo di riscatto.<\/li>\n<li>Le prime parole di <strong>Sarr <\/strong>in bianconero: &#8220;Il mio modello \u00e8 <strong>Pogba<\/strong>&#8220;<\/li>\n<li>Visite mediche per <strong>Woltemade<\/strong>: l&#8217;attaccante arriva dal Newcastle in prestito secco senza diritto di riscatto a 5 milioni di euro<\/li>\n<li>Intanto, <strong>Jonathan David<\/strong> \u00e8 a Madrid: questa mattina presto, un volo privato lo attendeva a Caselle. Firmer\u00e0 con l&#8217;Atletico Madrid<\/li>\n<li>A Madrid va anche <strong>Gil<\/strong>: il difensore della Next Gen si trasferisce all&#8217;Atletico B<\/li>\n<li>Non semplice la cessione di <strong>Cabal <\/strong>all&#8217;Atalanta: le parti stanno discutendo ma non si trova l&#8217;accordo<\/li>\n<\/ul>\n<p><strong>Questo il mercato della Juventus fin qui:<\/strong><\/p>\n<ul>\n<li><strong>Acquisti<\/strong>: Openda (a, Lipsia) riscatto; Boga (a, Nizza) riscatto; Ekhator (a, Genoa); Celik (d, svincolato); Alajbegovic (a, Bayer Leverkusen); Kolo Muani (a, Psg); Lucumi (d, Bologna); Vicario (p, Tottenham); Grabara (p, Wolfsburg); Pape Sarr (c, Tottenham)<\/li>\n<li><strong>Cessioni<\/strong>: Vlahovic (a, svincolato); Pietrelli (c, Vicenza); Faticanti (c, Avellino); Openda (a, Lione); Rouhi (d, Carrarese); Adzic (a, Sassuolo); Joao Mario (d, Fiorentina); Di Gregorio (p, Bournemouth); Perin (p, Palermo)<\/li>\n<\/ul>\n<p>Leggi di pi\u00f9 <\/p>\n<p>1 minuto fa<\/p>\n<p>Ufficiale l&#8217;arrivo di Woltemade<\/p>\n<p>La Juventus ha ufficialmente preso Woltemade. Arriva in prestito secco per 5 milioni di euro: depositato il contratto, come conferma la Lega Calcio<\/p>\n<p>18:02<\/p>\n<p>Sarr si presenta: &#8220;Il mio modello \u00e8 Pogba&#8221;<\/p>\n<p>&#8220;<strong>Arrivo in un grande club, il pi\u00f9 titolato in Italia: sono contento di iniziare questa avventura<\/strong>&#8220;: sonole prime parole in bianco e nero del nuovo centrocampista della Juventus, <strong>Pape Sarr, che si \u00e8 presentato ai canali ufficiali del club<\/strong>. &#8220;Da qui sono passati grandi nomi come Zidane e Platini,<strong> il mio modello \u00e8 Pogba e l&#8217;obiettivo \u00e8 entrare nelle dinamiche della squadra<\/strong>: penseremo a una partita per volta e a vincerne il pi\u00f9 possibile, poi vedremo dove saremo arrivati&#8221;. Sulle sue caratteristiche, Sarr aggiunge: &#8220;<strong>Mi definisco un giocatore box to box<\/strong>, mi piace fare gol ma anche difendere e dare protezione alla squadra&#8221;.<\/p>\n<p>Leggi di pi\u00f9 <\/p>\n<p>17:17<\/p>\n<p>Sta sfumando Cabal all&#8217;Atalanta<\/p>\n<p>A poco meno di tre ore dalla fine del mercato <strong>continua a non esserci accordo fra Juve e Atalanta<\/strong> per <strong>Juan Cabal<\/strong>, che dunque sembra destinato a rimanere a Torino<\/p>\n<p>16:46<\/p>\n<p>Ora manca l&#8217;ufficialit\u00e0 di Woltemade<\/p>\n<p>Attesa a breve l&#8217;ufficialit\u00e0 anche di Woltemade. L&#8217;attaccante sta ultimando le visite mediche<\/p>\n<p>16:33<\/p>\n<p>Primi scatti di Sarr alla Juventus<\/p>\n<p>Anche la Juventus ufficializza Sarr. Prime foto per il centrocampista<\/p>\n<p>15:28<\/p>\n<p>Si allontana Cabal. E Tagliafico&#8230;<\/p>\n<p>Pi\u00f9 passa il tempo, meno \u00e8 probabile che Cabal vada all&#8217;Atalanta. Manca l&#8217;accordo tra i club e Tagliafico \u00e8 tentato da una proposta dell&#8217;Atletico Madrid, che \u00e8 pronto ad accettare<\/p>\n<p>14:19<\/p>\n<p>La situazione su Cabal<\/p>\n<p>La Roma ha fatto un tentativo per il giocatore in prestito, ma la Juve valuta solo la cessione a titolo defintivo. La richiesta \u00e8 di 12 milioni, l&#8217;Atalanta c&#8217;\u00e8 sempre ma non vuole spendere quella cifra<\/p>\n<p>14:03<\/p>\n<p>Lega Calcio: ufficiale l&#8217;arrivo di Sarr alla Juventus<\/p>\n<p>Pape Sarr \u00e8 un nuovo giocatore della Juventus. Lo ufficializza la Lega Calcio: prestito con obbligo di riscatto<\/p>\n<p>13:12<\/p>\n<p>Woltemade a Torino: il video<\/p>\n<p>Ecco il video dell&#8217;arrivo di Woltemade a Torino (fonte: Mattia Picchialepri)<\/p>\n<p>13:08<\/p>\n<p>Woltemade a Torino: arrivato ora in citt\u00e0<\/p>\n<p>Woltemade \u00e8 arrivato a Torino in questi minuti. Ora le visite mediche \u00a0e le firme<\/p>\n<p><img decoding=\"async\" src=\"https:\/\/www.europesays.com\/it\/wp-content\/uploads\/2026\/09\/WhatsApp Image 2026-09-01 at 13.09.01.jpeg\" alt=\"Woltemade a Torino\" loading=\"lazy\"\/><\/p>\n<p>12:48<\/p>\n<p>Si complica Cabal all&#8217;Atalanta<\/p>\n<p>Stop alla trattativa per Cabal all&#8217;Atalanta: non riescono a quadrare i numeri. Le parti si riaggiorneranno, ma pista in salita<\/p>\n<p>12:47<\/p>\n<p>Woltemade in viaggio ora<\/p>\n<p>A breve previsto l&#8217;arrivo di Woltemade a Torino. L&#8217;attaccante \u00e8 in viaggio in questo momento<\/p>\n<p>12:13<\/p>\n<p>A breve attesa l&#8217;ufficialit\u00e0 d Sarr<\/p>\n<p>Per Pape Matar Sarr alla Juve manca soltanto l&#8217;ufficialit\u00e0. Arriva in prestito con obbligo condizionato, ha sostenuto ieri le visite mediche<\/p>\n<p>12:02<\/p>\n<p>Ancora contatti con l&#8217;Atalanta per Cabal<\/p>\n<p>Nuovi contatti tra Atalanta e Juventus per Cabal: trattativa in corso per portare in nerazzurro il difensore che piace molto a Giuntoli<\/p>\n<p>11:24<\/p>\n<p>Gil si trasferisce all&#8217;Atletico B<\/p>\n<p>Non solo David, c&#8217;\u00e8 un altro giocatore della Juve che si trasferisce in Spagna: si tratta di Gil, difensore della Next Gen. Operazione chiusa: prestito con diritto di riscatto<\/p>\n<p>11:10<\/p>\n<p>La Juve deve fare i conti con gli stop di Yildiz ed Ekhator<\/p>\n<p>Non solo mercato per la Juventus, che deve fare i conti anche con due infortuni. <strong>Kenan Yildiz \u00e8 stato operato per la frattura del quinto metatarso del piede sinistro:<\/strong> l&#8217;intervento \u00e8 perfettamente riuscito e inizier\u00e0 subito il programma riabilitativo, con rientro previsto dopo la sosta di novembre. <strong>Stop anche per Jeff Ekhator, che ha riportato una lesione di medio grado del muscolo semitendinoso della coscia destra. <\/strong>Tra due settimane verr\u00e0 sottoposto a nuovi controlli per definire meglio i tempi di recupero.<\/p>\n<p><a href=\"https:\/\/sport.sky.it\/calcio\/serie-a\/2026\/08\/28\/yildiz-juve-infortunio-partite-serie-a-europa-league\" title=\"Juventus, Yildiz \u00e8 stato operato: quali e quante partite salta per infortunio\" class=\"lvbg-post-link\" data-intcmp=\"skysport_liveblog_liveblog-preview_null\" data-analytics-element=\"liveblog-preview\" rel=\"nofollow noopener\" target=\"_blank\"><img alt=\"Juventus, Yildiz \u00e8 stato operato: quali e quante partite salta per infortunio\" style=\"opacity:0;transition:opacity 0.3s\" class=\"lvbg-post-link__image\"\/>Juventus, Yildiz \u00e8 stato operato: quali e quante partite salta per infortunioVai al contenuto <\/a><\/p>\n<p>11:03<\/p>\n<p>David \u00e8 in viaggio per Madrid<\/p>\n<p>Tutto fatto: Jonathan David \u00e8 in viaggio per firmare con l&#8217;Atletico Madrid. Oggi l&#8217;ufficialit\u00e0<\/p>\n<p>11:00<\/p>\n<p>Chi vincer\u00e0 lo Scudetto secondo il Supercomputer?<\/p>\n<p><strong>Dalla lotta per il titolo alla corsa Champions<\/strong>, fino alla zona retrocessione: ecco le previsioni del Supercomputer Opta per la nuova Serie A, con le percentuali assegnate a ogni squadra.<\/p>\n<p><a href=\"https:\/\/sport.sky.it\/calcio\/serie-a\/2026\/08\/20\/serie-a-2026-2027-scudetto-campionato-previsioni-opta\" title=\"Chi vince lo Scudetto? La classifica della Serie A secondo il Supercomputer Opta\" class=\"lvbg-post-link\" data-intcmp=\"skysport_liveblog_liveblog-preview_null\" data-analytics-element=\"liveblog-preview\" rel=\"nofollow noopener\" target=\"_blank\"><img alt=\"Chi vince lo Scudetto? La classifica della Serie A secondo il Supercomputer Opta\" style=\"opacity:0;transition:opacity 0.3s\" class=\"lvbg-post-link__image\"\/>Chi vince lo Scudetto? La classifica della Serie A secondo il Supercomputer OptaVai al contenuto <\/a><\/p>\n<p>10:50<\/p>\n<p>Sarri su Cabal: &#8220;Se dovesse arrivare, sarei contento&#8221;<\/p>\n<p><strong>Maurizio Sarri<\/strong> ha parlato a Sky Sport dopo Atalanta-Bologna: &#8220;Cabal? L&#8217;ultimo pensiero oggi era chiamare Giuntoli per il mercato. Kristensen in questo momento \u00e8 infortunato, Hien \u00e8 una storia lunga, altrimenti non avremmo bisogno di difensori. <strong>Se arriva Cabal ovviamente sono contento&#8221;.<\/strong><\/p>\n<p>10:40<\/p>\n<p>Juventus tra le maggiori protagoniste del mercato: \u00e8 il settimo club ad aver speso di pi\u00f9<\/p>\n<p>La Juventus \u00e8 stata una delle protagoniste del mercato estivo, anche sul fronte degli investimenti: i bianconeri occupano il <strong>7\u00b0 posto nella classifica delle squadre che hanno speso di pi\u00f9<\/strong>. Qui sotto la graduatoria completa, con tutti i club ordinati in base alle cifre investite in questa sessione di mercato.<\/p>\n<p><a href=\"https:\/\/sport.sky.it\/calciomercato\/calciomercato-2026-squadre-acquisti-spese-sessione-estiva-classifica\" title=\"Chi ha speso di pi\u00f9 finora sul mercato: Tottenham 2\u00b0\" class=\"lvbg-post-link\" data-intcmp=\"skysport_liveblog_liveblog-preview_null\" data-analytics-element=\"liveblog-preview\" rel=\"nofollow noopener\" target=\"_blank\"><img alt=\"Chi ha speso di pi\u00f9 finora sul mercato: Tottenham 2\u00b0\" style=\"opacity:0;transition:opacity 0.3s\" class=\"lvbg-post-link__image\"\/>Chi ha speso di pi\u00f9 finora sul mercato: Tottenham 2\u00b0Vai al contenuto <\/a><\/p>\n<p>10:30<\/p>\n<p>Alla scoperta di Nick Woltemade<\/p>\n<p><strong>Nick Woltemade \u00e8 un attaccante tedesco classe 2002<\/strong>, alto 1,98 metri ma dotato di grande tecnica e mobilit\u00e0. Cresciuto nel Werder Brema, \u00e8 esploso prima all&#8217;Elversberg e poi allo Stoccarda, dove ha segnato 12 gol. Agli Europei U21 del 2025 ha realizzato <strong>6 reti<\/strong>, prima del trasferimento al Newcastle per 75 milioni di euro. Nella prima stagione in Inghilterra ha chiuso con <strong>11 gol in 51 presenze<\/strong>. A Stoccarda era stato soprannominato &#8220;Woltemessi&#8221; per la qualit\u00e0 palla al piede<\/p>\n<p>10:20<\/p>\n<p>Non solo mercato: il calendario della Juve in Europa League<\/p>\n<p>Il programma delle partite dei bianconeri in Europa League (tutta da vivere in diretta su Sky Sport)<\/p>\n<p><a href=\"https:\/\/sport.sky.it\/calcio\/europa-league\/calendario-europa-league-2026-2027-giornate-partite\" title=\"Europa League, il calendario e il cammino di Milan e Juventus\" class=\"lvbg-post-link\" data-intcmp=\"skysport_liveblog_liveblog-preview_null\" data-analytics-element=\"liveblog-preview\" rel=\"nofollow noopener\" target=\"_blank\"><img alt=\"Europa League, il calendario e il cammino di Milan e Juventus\" style=\"opacity:0;transition:opacity 0.3s\" class=\"lvbg-post-link__image\"\/>Europa League, il calendario e il cammino di Milan e JuventusVai al contenuto <\/a><\/p>\n<p>10:10<\/p>\n<p>Un ex Juve torna in Serie A: Mbangula al Bologna<\/p>\n<p>Il Bologna ha scelto <strong>Samuel Mbangula<\/strong> per sostituire Jonathan Rowe. L&#8217;attaccante arriver\u00e0 dal Werder Brema in <strong>prestito oneroso da 2 milioni di euro<\/strong>, con <strong>diritto di riscatto fissato a 12,5 milioni<\/strong>. Il giocatore \u00e8 atteso oggi in citt\u00e0 per sostenere le visite mediche e poi firmare con il club rossobl\u00f9<\/p>\n<p>10:00<\/p>\n<p>Da Sky Sport Insider: la scheda tecnica di Sarr<\/p>\n<p>Stesso cluster, ma interpretazione del ruolo tutta diversa: P<strong>ape Sarr non pu\u00f2 essere considerato l&#8217;alternativa di Kessi\u00e9,<\/strong> ma un&#8217;occasione di mercato che la Juventus ha voluto cogliere per regalare a Spalletti un centrocampista che gli mancava. C<strong>osa porter\u00e0 ai bianconeri<\/strong><\/p>\n<p><a href=\"https:\/\/sport.sky.it\/calciomercato\/2026\/08\/31\/juventus-sarr-caratteristiche-tecniche-confronto-kessie\" title=\"Alter ego a met\u00e0: cosa cambia da Kessi\u00e9 a Sarr per la Juventus\" class=\"lvbg-post-link\" data-intcmp=\"skysport_liveblog_liveblog-preview_null\" data-analytics-element=\"liveblog-preview\" rel=\"nofollow noopener\" target=\"_blank\"><img alt=\"Alter ego a met\u00e0: cosa cambia da Kessi\u00e9 a Sarr per la Juventus\" style=\"opacity:0;transition:opacity 0.3s\" class=\"lvbg-post-link__image\"\/>Alter ego a met\u00e0: cosa cambia da Kessi\u00e9 a Sarr per la JuventusVai al contenuto <\/a><\/p>\n<p>09:50<\/p>\n<p>Cabal-Atalanta, Tagliafico resta in attesa<\/p>\n<p>Restano vivi i contatti tra <strong>Juventus e Atalanta per Juan Cabal<\/strong>. La sua eventuale cessione potrebbe sbloccare l&#8217;ultima operazione dei bianconeri sulle fasce: in quel caso la Juve sarebbe pronta a chiudere per <strong>Nicolas Tagliafico del Lione<\/strong><\/p>\n<p>09:40<\/p>\n<p>Sarr \u00e8 gi\u00e0 arrivato a Torino<\/p>\n<p>Intanto <strong>Pape Sarr \u00e8 gi\u00e0 arrivato a Torino<\/strong>. Il centrocampista del Tottenham si trasferir\u00e0 alla Juventus con la formula del <strong>prestito con obbligo di riscatto condizionato<\/strong>. Ora gli ultimi passaggi prima dell&#8217;ufficialit\u00e0 del suo arrivo in bianconero<\/p>\n<p>09:30<\/p>\n<p>David verso l&#8217;Atletico Madrid: i dettagli<\/p>\n<p><strong>Jonathan David \u00e8 vicino al trasferimento all&#8217;Atletico Madrid<\/strong>. Juventus e club spagnolo hanno raggiunto l&#8217;accordo per un <strong>prestito con diritto di riscatto fissato a 25 milioni di euro<\/strong>. Giocatore in partenza questa mattina per la Spagna<\/p>\n<p>09:20<\/p>\n<p>Woltemade in prestito secco oneroso da 5 milioni di euro<\/p>\n<p>\u00c8 fatta per <strong>Nick Woltemade alla Juventus<\/strong>. Dopo l&#8217;intesa con il Newcastle \u00e8 arrivato anche l&#8217;ok dell&#8217;attaccante tedesco, atteso oggi a Torino per visite mediche e firma. Operazione in <strong>prestito secco oneroso da 5 milioni di euro<\/strong>, senza diritto di riscatto<\/p>\n<p><img decoding=\"async\" src=\"https:\/\/www.europesays.com\/it\/wp-content\/uploads\/2026\/09\/woltemade_germania_getty.jpg\" alt=\"woltemade\" loading=\"lazy\"\/><\/p>\n<p>09:10<\/p>\n<p>Chi \u00e8 arrivato alla Juve in questa sessione<\/p>\n<p>La Juventus ha gi\u00e0 cambiato molto in questa sessione estiva. Sono arrivati <strong>Vicario e Grabara<\/strong> per la porta, <strong>Lucum\u00ed e Celik<\/strong> in difesa, <strong>Ekhator<\/strong> e soprattutto <strong>Alajbegovic e Kolo Muani<\/strong> per l&#8217;attacco. Sono stati inoltre riscattati <strong>Openda e Boga<\/strong>. Nelle ultime ore sono poi attese le ufficialit\u00e0 di <strong>Pape Sarr<\/strong> e <strong>Nick Woltemade<\/strong>, pronti a completare ulteriormente la rosa di Spalletti<\/p>\n<p>09:00<\/p>\n<p>Cosa aspettarsi dall&#8217;ultimo giorno della Juve<\/p>\n<p>La <strong>Juventus <\/strong>arriva all&#8217;ultimo giorno di mercato con diverse operazioni da formalizzare. In entrata sono attese le ufficialit\u00e0 di <strong>Nick Woltemade<\/strong>, che arriver\u00e0 dal Newcastle in prestito secco oneroso da 5 milioni di euro, e di <strong>Pape Sarr<\/strong>, gi\u00e0 arrivato a Torino dal Tottenham in prestito con obbligo condizionato. In uscita va invece completato il trasferimento di <strong>Jonathan David all&#8217;Atletico Madrid<\/strong>, in prestito con diritto di riscatto fissato a 25 milioni. Resta poi aperto il capitolo terzini: <strong>Cabal<\/strong> \u00e8 nel mirino dell&#8217;Atalanta e la sua eventuale cessione potrebbe sbloccare l&#8217;arrivo di <strong>Nicolas Tagliafico dal Lione<\/strong>.<\/p>\n<p>Leggi di pi\u00f9 <\/p>\n<p>08:55<\/p>\n<p>Juventus, le news di oggi live<\/p>\n<ul>\n<li>Fatta per l&#8217;arrivo di <strong>Woltemade <\/strong>(Newcastle): prestito secco oneroso da 5 milioni di euro. Attesa per visite mediche e firma<\/li>\n<li><strong>David <\/strong>all&#8217;Atletico Madrid: prestito con diritto a 25 milioni di euro. Parte in mattinata direzione Spagna<\/li>\n<li><strong>Pape Sarr<\/strong> del Tottenham \u00e8 arrivato a Torino: operazione in prestito con obbligo condizionato. Attesa l&#8217;ufficialit\u00e0<\/li>\n<li>Sulle fasce si segue <strong>Tagliafico <\/strong>(in caso di uscita di <strong>Cabal <\/strong>sul quale c&#8217;\u00e8 il pressing dell&#8217;Atalanta)<\/li>\n<li><a href=\"https:\/\/sport.sky.it\/calciomercato\/juventus\" data-intcmp=\"skysport_liveblog_interlink_text\" rel=\"nofollow noopener\" target=\"_blank\">Il tabellone mercato della Juventus<\/a><\/li>\n<\/ul>\n<p>      <script async src=\"https:\/\/platform.twitter.com\/widgets.js\" charset=\"utf-8\"><\/script><\/p>\n","protected":false},"excerpt":{"rendered":"\\n Dopo l&#8217;arrivo di ieri, ecco l&#8217;ufficialit\u00e0 per Pape Matar Sarr: prestito con obbligo di riscatto. \\n Le&hellip;\n","protected":false},"author":3,"featured_media":660048,"comment_status":"","ping_status":"","sticky":false,"template":"","format":"standard","meta":{"footnotes":"","_share_on_mastodon":"0"},"categories":[176],"tags":[6293,1537,90,89,558,245,244],"class_list":["post-660047","post","type-post","status-publish","format-standard","has-post-thumbnail","category-sport","tag-calciomercato-serie-a","tag-it","tag-italia","tag-italy","tag-juventus","tag-sport","tag-sports"],"share_on_mastodon":{"url":"https:\/\/pubeurope.com\/@it\/117196924255424476","error":""},"_links":{"self":[{"href":"https:\/\/www.europesays.com\/it\/wp-json\/wp\/v2\/posts\/660047","targetHints":{"allow":["GET"]}}],"collection":[{"href":"https:\/\/www.europesays.com\/it\/wp-json\/wp\/v2\/posts"}],"about":[{"href":"https:\/\/www.europesays.com\/it\/wp-json\/wp\/v2\/types\/post"}],"author":[{"embeddable":true,"href":"https:\/\/www.europesays.com\/it\/wp-json\/wp\/v2\/users\/3"}],"replies":[{"embeddable":true,"href":"https:\/\/www.europesays.com\/it\/wp-json\/wp\/v2\/comments?post=660047"}],"version-history":[{"count":0,"href":"https:\/\/www.europesays.com\/it\/wp-json\/wp\/v2\/posts\/660047\/revisions"}],"wp:featuredmedia":[{"embeddable":true,"href":"https:\/\/www.europesays.com\/it\/wp-json\/wp\/v2\/media\/660048"}],"wp:attachment":[{"href":"https:\/\/www.europesays.com\/it\/wp-json\/wp\/v2\/media?parent=660047"}],"wp:term":[{"taxonomy":"category","embeddable":true,"href":"https:\/\/www.europesays.com\/it\/wp-json\/wp\/v2\/categories?post=660047"},{"taxonomy":"post_tag","embeddable":true,"href":"https:\/\/www.europesays.com\/it\/wp-json\/wp\/v2\/tags?post=660047"}],"curies":[{"name":"wp","href":"https:\/\/api.w.org\/{rel}","templated":true}]}}