{"id":660080,"date":"2026-09-01T17:45:17","date_gmt":"2026-09-01T17:45:17","guid":{"rendered":"https:\/\/www.europesays.com\/it\/660080\/"},"modified":"2026-09-01T17:45:17","modified_gmt":"2026-09-01T17:45:17","slug":"morbillo-negli-usa-anche-i-morti-diventano-terreno-di-scontro-litalia-ha-una-legge-da-difendere","status":"publish","type":"post","link":"https:\/\/www.europesays.com\/it\/660080\/","title":{"rendered":"Morbillo, negli Usa anche i morti diventano terreno di scontro. L\u2019Italia ha una legge da difendere"},"content":{"rendered":"<p>Il morbillo torna, ma negli Stati Uniti il problema non \u00e8 pi\u00f9 soltanto il virus. \u00c8 diventato anche capire se cittadini, politica e istituzioni sanitarie riescano ancora a condividere gli stessi fatti.<\/p>\n<p>In Pennsylvania il Dipartimento della Salute ha registrato <strong>due decessi associati al morbillo<\/strong>, entrambi in persone non vaccinate: i primi nello Stato da 35 anni. Al 31 agosto i casi confermati nel 2026 erano gi\u00e0 <strong>497 in 34 contee, con 87 ricoveri<\/strong>. (pa.gov)<\/p>\n<p>Ma quei due morti hanno aperto una battaglia nazionale.<\/p>\n<p>Il segretario alla Salute <strong>Robert F. Kennedy Jr.<\/strong>, da anni protagonista delle campagne critiche verso i vaccini, \u00e8 arrivato a ipotizzare che i decessi potessero essere stati addirittura \u201cfabricated\u201d, fabbricati. Il governatore democratico <strong>Josh Shapiro<\/strong> e la responsabile sanitaria della Pennsylvania <strong>Debra Bogen<\/strong> hanno invece confermato l\u2019esistenza dei due casi. (FactCheck.org)<\/p>\n<p><strong>Morti \u201cper\u201d morbillo o \u201ccon\u201d il morbillo?<\/strong><\/p>\n<p>Una domanda scientificamente legittima esiste.<\/p>\n<p>In almeno uno dei casi, quello di un <strong>neonato risultato positivo al morbillo<\/strong>, il medico legale ha indicato come causa primaria una <strong>lacerazione della milza<\/strong> e non ha ritenuto dimostrato un ruolo causale dell\u2019infezione.<\/p>\n<p>Per questo il <strong>CDC<\/strong>, su decisione della nuova direttrice <strong>Erica Schwartz<\/strong>, non ha ancora inserito i due decessi nel conteggio nazionale. L\u2019agenzia ha spiegato che le informazioni disponibili non permettono per ora di stabilire se il morbillo abbia causato o contribuito alle morti oppure fosse semplicemente presente. Secondo il <strong>Washington Post<\/strong> \u00e8 una scelta inusuale rispetto alla prassi con cui il CDC recepisce normalmente le classificazioni degli Stati. (The Washington Post)<\/p>\n<p>\u00c8 proprio qui il punto. <strong>Chiedere rigore nell\u2019attribuzione di una causa di morte \u00e8 buona epidemiologia.<\/strong> <strong>Trasformare l\u2019incertezza scientifica in sospetto sistematico verso vaccini e istituzioni \u00e8 tutt\u2019altra cosa.<\/strong><\/p>\n<p>E accade mentre gli Stati Uniti stanno vivendo la pi\u00f9 grave recrudescenza del morbillo da decenni. Gi\u00e0 il 6 agosto il <strong>CDC<\/strong> registrava <strong>2.465 casi nel 2026<\/strong> e segnalava una copertura MMR nei bambini all\u2019ingresso a scuola scesa dal <strong>95,2% del 2019-20 al 92,5% del 2024-25<\/strong>. (CDC)<\/p>\n<p><strong>Italia: una legge quasi ottimale che non va indebolita<\/strong><\/p>\n<p>Da questo punto di vista l\u2019Italia ha fatto una scelta molto pi\u00f9 netta.<\/p>\n<p>Il decreto-legge <strong>73\/2017<\/strong>, convertito nella <strong>legge 119\/2017<\/strong>, prevede dieci vaccinazioni obbligatorie e gratuite tra 0 e 16 anni, compresa quella contro il morbillo. Per nidi e scuole dell\u2019infanzia l\u2019adempimento vaccinale \u00e8 requisito di accesso; dalla scuola primaria in avanti il diritto all\u2019istruzione resta garantito, ma la ASL attiva il recupero e sono previste sanzioni amministrative. (Ministero della Salute)<\/p>\n<p><strong>Come architettura di sanit\u00e0 pubblica \u00e8 una legislazione sostanzialmente ottimale:<\/strong> combina gratuit\u00e0, obbligo, recupero attivo e tutela della frequenza scolastica, proteggendo allo stesso tempo chi non pu\u00f2 essere vaccinato per ragioni mediche.<\/p>\n<p>Non significa per\u00f2 che il problema italiano sia risolto. Per il morbillo occorre <strong>mantenere coperture molto elevate e omogenee<\/strong> e alcune aree del Paese restano sotto i livelli necessari. (Epicentro)<\/p>\n<p>La vicenda americana lascia quindi una lezione anche a noi: <strong>le buone leggi sanitarie funzionano finch\u00e9 vengono applicate e finch\u00e9 la fiducia nella scienza non viene trasformata in terreno di battaglia politica.<\/strong><\/p>\n<p>Sul morbillo l\u2019Italia non ha bisogno di tornare indietro. Ha bisogno di far funzionare fino in fondo ci\u00f2 che ha gi\u00e0 costruito.<\/p>\n<p><img loading=\"lazy\" decoding=\"async\" src=\"https:\/\/www.europesays.com\/it\/wp-content\/uploads\/2026\/09\/ChatGPT_Image_1_set_2026,_14_02_35-1788264177297.webp\" alt=\"\" width=\"1200\" height=\"960\" caption=\"false\"\/><\/p>\n<p><strong>Fonti:<\/strong><\/p>\n<ul>&#13;<\/p>\n<li><strong>Pennsylvania Department of Health<\/strong>, aggiornamento morbillo, 31 agosto 2026. (gov)<\/li>\n<p>&#13;<\/p>\n<li><strong>Pennsylvania Department of Health<\/strong>, Two Measles-Associated Deaths, 25 agosto 2026. (gov)<\/li>\n<p>&#13;<\/p>\n<li><strong>CDC<\/strong>, Measles Cases and Outbreaks, aggiornamento agosto 2026. (CDC)<\/li>\n<p>&#13;<\/p>\n<li><strong>The Washington Post<\/strong>, 31 agosto 2026, decisione CDC sui due decessi. (The Washington Post)<\/li>\n<p>&#13;<\/p>\n<li><strong>FactCheck.org<\/strong>, 28-31 agosto 2026. (FactCheck.org)<\/li>\n<p>&#13;<\/p>\n<li><strong>Ministero della Salute<\/strong>, Legge vaccini \u2013 DL 73\/2017 e legge 119\/2017. (Ministero della Salute)<\/li>\n<p>&#13;<\/p>\n<li><strong>ISS\/EpiCentro<\/strong>, morbillo e coperture vaccinali in Italia. (Epicentro)<\/li>\n<p>&#13;\n<\/ul>\n","protected":false},"excerpt":{"rendered":"Il morbillo torna, ma negli Stati Uniti il problema non \u00e8 pi\u00f9 soltanto il virus. \u00c8 diventato anche&hellip;\n","protected":false},"author":3,"featured_media":660081,"comment_status":"","ping_status":"","sticky":false,"template":"","format":"standard","meta":{"footnotes":"","_share_on_mastodon":"0"},"categories":[175],"tags":[5043,364076,19713,364077,364078,239,1537,90,89,362538,18990,30365,240,242,351443],"class_list":["post-660080","post","type-post","status-publish","format-standard","has-post-thumbnail","category-salute","tag-cdc","tag-debra-bogen","tag-epicentro","tag-erica-schwartz","tag-factcheck-org","tag-health","tag-it","tag-italia","tag-italy","tag-josh-shapiro","tag-pennsylvania","tag-robert-f-kennedy-jr","tag-salute","tag-stati-uniti","tag-the-washington-post"],"share_on_mastodon":{"url":"https:\/\/pubeurope.com\/@it\/117197035468649060","error":""},"_links":{"self":[{"href":"https:\/\/www.europesays.com\/it\/wp-json\/wp\/v2\/posts\/660080","targetHints":{"allow":["GET"]}}],"collection":[{"href":"https:\/\/www.europesays.com\/it\/wp-json\/wp\/v2\/posts"}],"about":[{"href":"https:\/\/www.europesays.com\/it\/wp-json\/wp\/v2\/types\/post"}],"author":[{"embeddable":true,"href":"https:\/\/www.europesays.com\/it\/wp-json\/wp\/v2\/users\/3"}],"replies":[{"embeddable":true,"href":"https:\/\/www.europesays.com\/it\/wp-json\/wp\/v2\/comments?post=660080"}],"version-history":[{"count":0,"href":"https:\/\/www.europesays.com\/it\/wp-json\/wp\/v2\/posts\/660080\/revisions"}],"wp:featuredmedia":[{"embeddable":true,"href":"https:\/\/www.europesays.com\/it\/wp-json\/wp\/v2\/media\/660081"}],"wp:attachment":[{"href":"https:\/\/www.europesays.com\/it\/wp-json\/wp\/v2\/media?parent=660080"}],"wp:term":[{"taxonomy":"category","embeddable":true,"href":"https:\/\/www.europesays.com\/it\/wp-json\/wp\/v2\/categories?post=660080"},{"taxonomy":"post_tag","embeddable":true,"href":"https:\/\/www.europesays.com\/it\/wp-json\/wp\/v2\/tags?post=660080"}],"curies":[{"name":"wp","href":"https:\/\/api.w.org\/{rel}","templated":true}]}}