{"id":660112,"date":"2026-09-01T18:11:10","date_gmt":"2026-09-01T18:11:10","guid":{"rendered":"https:\/\/www.europesays.com\/it\/660112\/"},"modified":"2026-09-01T18:11:10","modified_gmt":"2026-09-01T18:11:10","slug":"juve-woltemade-e-kolo-muani-hanno-fatto-4-gol-in-8-mesi-spalletti-deve-rilanciarli","status":"publish","type":"post","link":"https:\/\/www.europesays.com\/it\/660112\/","title":{"rendered":"Juve, Woltemade e Kolo Muani hanno fatto 4 gol in 8 mesi: Spalletti deve rilanciarli"},"content":{"rendered":"<p>                                Il tedesco e il francese hanno potenzialmente una valutazione superiore ai 100 milioni in due, ma sono reduci da una stagione orribile: al tecnico il compito di rilanciarli<\/p>\n<p class=\"paragraph\" spellcheck=\"true\">Due attaccanti in cerca di gol. E fiducia. Sar\u00e0 &#8220;riscatto&#8221; la parola d&#8217;ordine per Nick Woltemade e Randal Kolo Muani, i due nuovi centravanti della Juve che Spalletti \u00e8 chiamato a rigenerare. Entrambi, infatti, in questo 2026, di esultanze ne hanno mostrate davvero poche: 5 in totale, 2 il tedesco e 3 il francese.<\/p>\n<p>    juve, kolo a secco da 5 mesi\u2014 \u00a0<\/p>\n<p class=\"paragraph is-inline\" spellcheck=\"true\">E pensare che, appena un anno fa, Woltemade era stato pagato quasi 80 milioni dal Newcastle e che, appena tre estati fa, Kolo era passato al Psg per 75 milioni pi\u00f9 15 di bonus. La Juve, insomma, sulla carta si ritrova un attacco da oltre 100 milioni (il francese \u00e8 stato acquistato a titolo definitivo quest&#8217;estate per 38 milioni pi\u00f9 12 di bonus), ma toccher\u00e0 a Spalletti far tornare i suoi due nuovi centravanti ai fasti di un tempo. A Kolo Muani, per esempio, ancora a secco dopo i primi 180&#8242; di campionato, ha gi\u00e0 mandato diversi messaggi. &#8220;Si deve rendere conto che \u00e8 due anni che non gioca e un motivo ci sar\u00e0&#8221;, la strigliata post-Frosinone, poi ammorbidita: &#8220;Deve fare attenzione al fatto che non ha giocato moltissimo nell\u2019ultimo periodo e si \u00e8 perso qualcosa&#8221;. In ogni caso, l&#8217;ex Psg e Tottenham, che a causa della stagione negativa con gli inglesi \u00e8 stato escluso dai convocati della Francia per il Mondiale, non segna un gol dallo scorso 18 marzo, quando mise la firma nell&#8217;inutile vittoria per 3-2 in Champions League contro l&#8217;Atletico Madrid. E, in questo anno solare, conta appena altre due reti: il 28 gennaio, sempre in Europa, contro l&#8217;Eintracht, e il 22 febbraio, in Premier, contro l&#8217;Arsenal.<\/p>\n<p>    woltemade, doppai delusione\u2014 \u00a0<\/p>\n<p class=\"paragraph is-inline\" spellcheck=\"true\">Se possibile, di una rigenerazione ancora pi\u00f9 profonda avr\u00e0 bisogno Nick Woltemade, che ha pure subito la grossa delusione dell&#8217;eliminazione ai sedicesimi dei Mondiali contro il Paraguay con tanto appena 32&#8242; trascorsi in totale in campo e di rigore sbagliato nella serie decisiva. La conclusione peggiore di una stagione gi\u00e0 di per s\u00e9 molto negativa, che l&#8217;aveva visto esultare con il Newcastle appena due volte in tutto il 2026: il 14 febbraio contro l&#8217;Aston Villa in Fa Cup e il 17 maggio in Premier League contro il West Ham. Alla Continassa, Spalletti \u00e8 pronto a dare il via all&#8217;operazione rilancio dei suoi bomber.<\/p>\n","protected":false},"excerpt":{"rendered":"Il tedesco e il francese hanno potenzialmente una valutazione superiore ai 100 milioni in due, ma sono reduci&hellip;\n","protected":false},"author":3,"featured_media":660113,"comment_status":"","ping_status":"","sticky":false,"template":"","format":"standard","meta":{"footnotes":"","_share_on_mastodon":"0"},"categories":[176],"tags":[2201,587,12837,6075,1595,3368,1976,1537,90,89,565,572,573,1980,576,37789,32893,364086,7385,364014,4483,364087,115,14393,24806,245,244,577,360141],"class_list":["post-660112","post","type-post","status-publish","format-standard","has-post-thumbnail","category-sport","tag-appena","tag-bonus","tag-centravanti","tag-delusione","tag-febbraio","tag-francese","tag-gol","tag-it","tag-italia","tag-italy","tag-juve","tag-kolo","tag-kolo-muani","tag-league","tag-muani","tag-negativa","tag-newcastle","tag-newcastle-appena","tag-nick","tag-nick-woltemade","tag-nuovi","tag-nuovi-centravanti","tag-premier","tag-psg","tag-spalletti","tag-sport","tag-sports","tag-stagione","tag-woltemade"],"share_on_mastodon":{"url":"https:\/\/pubeurope.com\/@it\/117197136607031212","error":""},"_links":{"self":[{"href":"https:\/\/www.europesays.com\/it\/wp-json\/wp\/v2\/posts\/660112","targetHints":{"allow":["GET"]}}],"collection":[{"href":"https:\/\/www.europesays.com\/it\/wp-json\/wp\/v2\/posts"}],"about":[{"href":"https:\/\/www.europesays.com\/it\/wp-json\/wp\/v2\/types\/post"}],"author":[{"embeddable":true,"href":"https:\/\/www.europesays.com\/it\/wp-json\/wp\/v2\/users\/3"}],"replies":[{"embeddable":true,"href":"https:\/\/www.europesays.com\/it\/wp-json\/wp\/v2\/comments?post=660112"}],"version-history":[{"count":0,"href":"https:\/\/www.europesays.com\/it\/wp-json\/wp\/v2\/posts\/660112\/revisions"}],"wp:featuredmedia":[{"embeddable":true,"href":"https:\/\/www.europesays.com\/it\/wp-json\/wp\/v2\/media\/660113"}],"wp:attachment":[{"href":"https:\/\/www.europesays.com\/it\/wp-json\/wp\/v2\/media?parent=660112"}],"wp:term":[{"taxonomy":"category","embeddable":true,"href":"https:\/\/www.europesays.com\/it\/wp-json\/wp\/v2\/categories?post=660112"},{"taxonomy":"post_tag","embeddable":true,"href":"https:\/\/www.europesays.com\/it\/wp-json\/wp\/v2\/tags?post=660112"}],"curies":[{"name":"wp","href":"https:\/\/api.w.org\/{rel}","templated":true}]}}