{"id":660126,"date":"2026-09-01T18:18:16","date_gmt":"2026-09-01T18:18:16","guid":{"rendered":"https:\/\/www.europesays.com\/it\/660126\/"},"modified":"2026-09-01T18:18:16","modified_gmt":"2026-09-01T18:18:16","slug":"primo-giorno-di-lavoro-al-mcdonalds-incidente-stradale-dopo-essere-uscita-di-casa-muore-a-20-anni-mariama-barry-il-papa-lho-chiamata-non-mi-ha-risposto-poi-lho-vista-a-terra","status":"publish","type":"post","link":"https:\/\/www.europesays.com\/it\/660126\/","title":{"rendered":"Primo giorno di lavoro al McDonald&#8217;s, incidente stradale dopo essere uscita di casa: muore a 20 anni Mariama Barry. Il pap\u00e0: \u00abL&#8217;ho chiamata, non mi ha risposto. Poi l&#8217;ho vista a terra\u00bb"},"content":{"rendered":"<p>    di<br \/>\n    Antonella Gasparini<\/p>\n<p class=\"summary-art is-line-h-12\">Venezia,  Mariama Barry ha perso la vita a Santa Maria di Sala. \u00c8 stata prima urtata da un camion mentre attraversava la strada e poi travolta da un mezzo mentre era a terra<\/p>\n<p class=\"chapter-paragraph\">\u00abL&#8217;ho lasciata che faceva colazione poi sono andato a scuola per per parlare con gli insegnanti delle sue sorelle pi\u00f9 piccole.<b> All&#8217;improvviso ho ricevuto una telefonata.<\/b> Un amico mi ha detto che c&#8217;era stato un incidente mortale sulla rotonda. D&#8217;istinto, credo, ho chiamato mia figlia perch\u00e9 sapevo che era passata in quel punto per prendere un autobus. <b>Era il suo primo giorno di lavoro<\/b>. Lei non mi ha risposto. Sono corso l\u00ec e l&#8217;ho vista a terra\u00bb. Si copre il volto con le mani e piange <b>Boubakar Barry<\/b>, pap\u00e0 di Mariama, la ventenne investita marted\u00ec mattina sulla rotonda dei Tre Ponti a Santa Maria di Sala (Venezia),<b> lungo via Noalese, <\/b>a meno di un chilometro e mezzo da casa sua.\u00a0<\/p>\n<p>    Cosa \u00e8 successo e i dubbi<\/p>\n<p class=\"chapter-paragraph\">La giovane avrebbe camminato lungo la pista ciclabile per arrivare ai Tre Ponti e in <b>prossimit\u00e0 della rotonda <\/b>(gli agenti stanno cercando immagini per capire dove esattamente) ha attraversato per andare verso sinistra, dove c&#8217;\u00e8 la fermata dell&#8217;<b>Actv del bus 3E c<\/b>he raggiunge Mirano per andare Mestre. Mariama non \u00e8 riuscita a completare l&#8217;attraversamento: forse urtata da un camion, il cui conducente dopo aver visto il corpo a terra dallo specchietto si \u00e8 fermato, \u00e8 stata travolta subito dopo da un Fiorino rosso mentre era a terra. <b>Per Mariama non si \u00e8 potuto fare nulla.<\/b> All&#8217;arrivo dei sanitari del Suem era morta e il corpo \u00e8 rimasto adagiato sull&#8217;asfalto fino dopo mezzogiorno, quando la polizia locale di <b>Santa Maria di Sala<\/b> ha terminato i rilievi per ricostruire la dinamica dell&#8217;incidente. La ventenne si era appena diplomata all&#8217;istituto Ettore Majorana di Mirano ed era al suo primo giorno di lavoro.\u00a0    &#13;<br \/>\n&#13;<br \/>\n&#13;<br \/>\n&#13;<br \/>\n&#13;<br \/>\n&#13;<br \/>\n&#13;<br \/>\n&#13;<br \/>\n&#13;<br \/>\n&#13;<br \/>\n&#13;<br \/>\n&#13;<br \/>\n&#13;<br \/>\n&#13;<br \/>\n&#13;<br \/>\n&#13;<br \/>\n&#13;<br \/>\n&#13;<br \/>\n&#13;<br \/>\n&#13;<br \/>\n&#13;<br \/>\n&#13;<br \/>\n&#13;<br \/>\n&#13;<br \/>\n&#13;<br \/>\n&#13;<br \/>\n&#13;<br \/>\n&#13;<br \/>\n&#13;<br \/>\n&#13;<br \/>\n&#13;<br \/>\n&#13;<br \/>\n&#13;<br \/>\n&#13;<br \/>\n&#13;<br \/>\n&#13;<br \/>\n&#13;<br \/>\n&#13;<br \/>\n&#13;<br \/>\n&#13;<br \/>\n&#13;<br \/>\n&#13;<br \/>\n&#13;<br \/>\n&#13;<br \/>\n&#13;<br \/>\n&#13;<br \/>\n&#13;<br \/>\n&#13;<br \/>\n&#13;<br \/>\n&#13;<br \/>\n&#13;<br \/>\n&#13;<br \/>\n&#13;\n<\/p>\n<p>    Le testimonianze<\/p>\n<p class=\"chapter-paragraph\">\u00abAveva trovato questa occupazione al Mc Donald&#8217;s del centro commerciale.\u00a0<b>Si era arrangiata<\/b> per il colloquio e a prendere accordi autonomamente per muovere i suoi primi passi nel mondo del lavoro &#8211;<b> racconta il pap\u00e0 <\/b>-. era la pi\u00f9 grande di cinque figlie\u00bb. Il pianto struggente della sorella, che ha solo due anni meno di Mariama &#8211; <b>tutte le ragazze come il padre sono originarie della Repubblica di Guinea &#8211;<\/b> ha rotto il silenzio sulla rotonda. Arrivata con l&#8217;altra sorella, ha chiesto di vedere almeno il viso di Mariama ma non era pi\u00f9 possibile.\u00a0<\/p>\n<p class=\"chapter-paragraph\">\u00abMariama attraversava sulle strisce pedonali vicino alla tabaccheria e poi avrebbe proseguito lungo l&#8217;altro attraversamento pedonale per raggiungere la fermata dell&#8217;autobus &#8211; ha<b> spiegato il pap\u00e0 <\/b>&#8211; Mia figlia \u00e8 stata investita e trascinata\u00bb.\u00a0<\/p>\n<p>    Sequestrato il camion<\/p>\n<p class=\"chapter-paragraph\">La polizia locale ha disposto il <b>sequestro del camion<\/b>, un mezzo pesante di una ditta di imballaggi di Quinto di Treviso che era diretto a Mirano per una consegna, e ha confiscato <b>anche il Fiorino Fiat.<\/b>\u00a0Di tutto \u00e8 stata informata la procura di Venezia. <b>Boubakar Barry<\/b>, padre della vittima, \u00e8 in Italia da 20 anni e abita a Stigliano almeno da dieci. Mariama e la sorella maggiorenne sono nate dal<b> suo primo matrimonio<\/b>, le altre tre sorelle dal secondo. Barry \u00e8 un ex dipendente della Speedline di Tabina di Santa Maria di Sala che quando \u00e8 sopraggiunta <b>la crisi dell&#8217;azienda per<\/b>\u00a0componenti di macchine di lusso ha cambiato lavoro, trasferendosi alla San Benedetto di Scorz\u00e8. <b>La mamma di Mariama\u00a0<\/b>ha saputo della morte della ragazza ha avuto un malore.\u00a0<\/p>\n<p class=\"is-mr-t-20 is-mr-b-20\"><b><br \/>\n                                    <a href=\"https:\/\/corrieredelveneto.corriere.it\/venezia-mestre\/?intcmp=Notizielocali_nd_010623_corriere_ss_venezia\" target=\"_blank\" rel=\"nofollow noopener\">Vai a tutte le notizie di Venezia Mestre<\/a><br \/>\n                        <\/b><\/p>\n<p class=\"chapter-paragraph\"><b><a href=\"https:\/\/www.corriere.it\/newsletter\/?theme=39&amp;intcmp=NL-artic_nd_060624_corriere_ss_veneto\" target=\"_blank\" rel=\"nofollow noopener\">Iscriviti alla newsletter del Corriere del Veneto<\/a><\/b><\/p>\n<p class=\"is-last-update\" datetime=\"2026-09-01T18:35:27+02:00\">1 settembre 2026 ( modifica il 1 settembre 2026 | 18:35)<\/p>\n<p class=\"is-copyright\">\n            \u00a9 RIPRODUZIONE RISERVATA\n        <\/p>\n","protected":false},"excerpt":{"rendered":"di Antonella Gasparini Venezia, Mariama Barry ha perso la vita a Santa Maria di Sala. \u00c8 stata prima&hellip;\n","protected":false},"author":3,"featured_media":660127,"comment_status":"","ping_status":"","sticky":false,"template":"","format":"standard","meta":{"footnotes":"","_share_on_mastodon":"0"},"categories":[6],"tags":[839,32,113676,49465,8722,15160,364089,364090,364091,691,3591,14,56108,3384,364092,8,298,95,1537,90,89,695,1259,34694,364088,364093,80514,7,15,82,9,83,10,3608,690,531,40057,18,1326,22759,34695,10766,3185,13,11,80,84,12,81,85,222],"class_list":["post-660126","post","type-post","status-publish","format-standard","has-post-thumbnail","category-ultime-notizie","tag-almeno","tag-andare","tag-attraversamento","tag-attraversava","tag-autobus","tag-barry","tag-barry-papa","tag-boubakar","tag-boubakar-barry","tag-camion","tag-corpo","tag-cronaca","tag-fermata","tag-figlia","tag-fiorino","tag-headlines","tag-incidente","tag-investita","tag-it","tag-italia","tag-italy","tag-locale","tag-maria","tag-maria-sala","tag-mariama","tag-mariama-barry","tag-mirano","tag-news","tag-notizie","tag-notizie-di-cronaca","tag-notizie-principali","tag-notiziedicronaca","tag-notizieprincipali","tag-padre","tag-papa","tag-polizia","tag-rotonda","tag-sala","tag-santa","tag-santa-maria","tag-santa-maria-sala","tag-sorella","tag-terra","tag-titoli","tag-ultime-notizie","tag-ultime-notizie-di-cronaca","tag-ultime-notizie-e-news-di-oggi","tag-ultimenotizie","tag-ultimenotiziedicronaca","tag-ultimenotizieenewsdioggi","tag-venezia"],"share_on_mastodon":{"url":"","error":"Validation failed: Text character limit of 500 exceeded"},"_links":{"self":[{"href":"https:\/\/www.europesays.com\/it\/wp-json\/wp\/v2\/posts\/660126","targetHints":{"allow":["GET"]}}],"collection":[{"href":"https:\/\/www.europesays.com\/it\/wp-json\/wp\/v2\/posts"}],"about":[{"href":"https:\/\/www.europesays.com\/it\/wp-json\/wp\/v2\/types\/post"}],"author":[{"embeddable":true,"href":"https:\/\/www.europesays.com\/it\/wp-json\/wp\/v2\/users\/3"}],"replies":[{"embeddable":true,"href":"https:\/\/www.europesays.com\/it\/wp-json\/wp\/v2\/comments?post=660126"}],"version-history":[{"count":0,"href":"https:\/\/www.europesays.com\/it\/wp-json\/wp\/v2\/posts\/660126\/revisions"}],"wp:featuredmedia":[{"embeddable":true,"href":"https:\/\/www.europesays.com\/it\/wp-json\/wp\/v2\/media\/660127"}],"wp:attachment":[{"href":"https:\/\/www.europesays.com\/it\/wp-json\/wp\/v2\/media?parent=660126"}],"wp:term":[{"taxonomy":"category","embeddable":true,"href":"https:\/\/www.europesays.com\/it\/wp-json\/wp\/v2\/categories?post=660126"},{"taxonomy":"post_tag","embeddable":true,"href":"https:\/\/www.europesays.com\/it\/wp-json\/wp\/v2\/tags?post=660126"}],"curies":[{"name":"wp","href":"https:\/\/api.w.org\/{rel}","templated":true}]}}