{"id":660168,"date":"2026-09-01T18:58:11","date_gmt":"2026-09-01T18:58:11","guid":{"rendered":"https:\/\/www.europesays.com\/it\/660168\/"},"modified":"2026-09-01T18:58:11","modified_gmt":"2026-09-01T18:58:11","slug":"juve-adin-licina-in-gol-alla-prima-con-la-cremonese","status":"publish","type":"post","link":"https:\/\/www.europesays.com\/it\/660168\/","title":{"rendered":"Juve, Adin Licina in gol alla prima con la Cremonese"},"content":{"rendered":"<p>                                Nato il Germania da una famiglia montenegrina, in Baviera era chiuso da Karl. Cos\u00ec \u00e8 andato ai bianconeri, che lo hanno prestato alla Cremonese. E in Coppa Italia nella sfida col Parma ha segnato un gran gol<\/p>\n<p class=\"paragraph\" spellcheck=\"true\">Arriva. Gioca. Segna. Con un tocco sotto da posizione defilata a beffere il portiere avversario. Tutto in poche ore per Adin Licina. Autore del raddoppio nella sfida di Coppa Italia che la Cremonese ha vinto a Parma (0-2) dopo lo 0-1 di Lottici Tessadri. Il 30 agosto \u00e8 giunto in prestito secco dalla Juventus, dove giocava nella Next Gen in Serie C e nella scorsa stagione ha firmato un gol e un assist. Giocatore tecnico, ha qualcosa di magico sin dalla nascita: 6 gennaio 2007. Ha visto la luce in Germania da una famiglia montenegrina.\u00a0\u00c8 cresciuto nel settore giovanile del Bayern Monaco, che gli ha preferito il talentuosissimo Lennart Karl, gi\u00e0 nel giro della prima squadra. Cos\u00ec, come Kenan Yildiz &#8211; ora fermo per infortunio &#8211; \u00e8 passato dai bavaresi ai bianconeri.\u00a0<\/p>\n<p>        caratteristiche\u2014 \u00a0<\/p>\n<p class=\"paragraph\" spellcheck=\"true\">Mancino, trequartista offensivo pu\u00f2 giocare anche da esterno largo. Meglio a destra, in modo da rientrare col sinistro. E proprio partendo da destra, due giorni dopo l&#8217;arrivo in grigiorosso, si \u00e8 tolto la soddisfazione di accentrarsi su assist di Berti e superare con uno scavetto il portiere Daffara dopo 41&#8242; di gioco, firmando lo 0-2. Intorno all&#8217;ora di gioco \u00e8 stato pure ammonito, confermandosi protagonista e regalandosi la sfida negli ottavi con il Como, un club che ama i giocatori di talento&#8230;<\/p>\n","protected":false},"excerpt":{"rendered":"Nato il Germania da una famiglia montenegrina, in Baviera era chiuso da Karl. Cos\u00ec \u00e8 andato ai bianconeri,&hellip;\n","protected":false},"author":3,"featured_media":660169,"comment_status":"","ping_status":"","sticky":false,"template":"","format":"standard","meta":{"footnotes":"","_share_on_mastodon":"0"},"categories":[1452],"tags":[8235,585,721,4297,5006,6297,3177,1909,364107,1740,3044,364108,364109,2024,1976,1537,90,89,37450,329086,3461,1739,245,244],"class_list":["post-660168","post","type-post","status-publish","format-standard","has-post-thumbnail","category-calcio","tag-assist","tag-bianconeri","tag-calcio","tag-coppa","tag-coppa-italia","tag-cremonese","tag-destra","tag-famiglia","tag-famiglia-montenegrina","tag-football","tag-germania","tag-germania-famiglia","tag-germania-famiglia-montenegrina","tag-gioco","tag-gol","tag-it","tag-italia","tag-italy","tag-karl","tag-licina","tag-sfida","tag-soccer","tag-sport","tag-sports"],"share_on_mastodon":{"url":"https:\/\/pubeurope.com\/@it\/117197321339499395","error":""},"_links":{"self":[{"href":"https:\/\/www.europesays.com\/it\/wp-json\/wp\/v2\/posts\/660168","targetHints":{"allow":["GET"]}}],"collection":[{"href":"https:\/\/www.europesays.com\/it\/wp-json\/wp\/v2\/posts"}],"about":[{"href":"https:\/\/www.europesays.com\/it\/wp-json\/wp\/v2\/types\/post"}],"author":[{"embeddable":true,"href":"https:\/\/www.europesays.com\/it\/wp-json\/wp\/v2\/users\/3"}],"replies":[{"embeddable":true,"href":"https:\/\/www.europesays.com\/it\/wp-json\/wp\/v2\/comments?post=660168"}],"version-history":[{"count":0,"href":"https:\/\/www.europesays.com\/it\/wp-json\/wp\/v2\/posts\/660168\/revisions"}],"wp:featuredmedia":[{"embeddable":true,"href":"https:\/\/www.europesays.com\/it\/wp-json\/wp\/v2\/media\/660169"}],"wp:attachment":[{"href":"https:\/\/www.europesays.com\/it\/wp-json\/wp\/v2\/media?parent=660168"}],"wp:term":[{"taxonomy":"category","embeddable":true,"href":"https:\/\/www.europesays.com\/it\/wp-json\/wp\/v2\/categories?post=660168"},{"taxonomy":"post_tag","embeddable":true,"href":"https:\/\/www.europesays.com\/it\/wp-json\/wp\/v2\/tags?post=660168"}],"curies":[{"name":"wp","href":"https:\/\/api.w.org\/{rel}","templated":true}]}}