{"id":660180,"date":"2026-09-01T19:05:12","date_gmt":"2026-09-01T19:05:12","guid":{"rendered":"https:\/\/www.europesays.com\/it\/660180\/"},"modified":"2026-09-01T19:05:12","modified_gmt":"2026-09-01T19:05:12","slug":"il-pagellone-del-calciomercato-roma-e-como-regine-dellestate-milan-incompleto-napoli-immobile-inter-con-piu-alternative-juventus-scoppiettante-sul-finale","status":"publish","type":"post","link":"https:\/\/www.europesays.com\/it\/660180\/","title":{"rendered":"Il Pagellone del calciomercato: Roma e Como regine dell&#8217;estate, Milan incompleto, Napoli immobile, Inter con pi\u00f9 alternative, Juventus scoppiettante sul finale"},"content":{"rendered":"<p>165 milioni di euro investiti per una rosa che continua a presentare lacune evidenti: Amorim ha pi\u00f9 volte spiegato che non era possibile cambiare del tutto i connotati del Diavolo in una sola sessione di mercato, ma i dubbi sull&#8217;affidabilit\u00e0 di questo Milan sono inevitabili. Ramos e Moreira sono colpi da Premier League per qualit\u00e0 e costi, Gila \u00e8 una certezza per la Serie A, ma la scelta di affidare il post-Leao e Nkunku ai giovani Cisse e Hutchinson sembra davvero un azzardo. Manca un&#8217;alternativa a Camarda davanti come vice-Ramos, serviva alzare l&#8217;asticella sull&#8217;out di sinistra, mentre il centrocampo, con le cessioni di Fofana e Ricci, rischia di avere poche soluzioni. Il buco principale \u00e8 in difesa: era necessario aggiungere nel finale un altro titolare, soprattutto dopo aver deciso di accantonare Tomori, che non ha trovato sistemazione e rischia di tornare tra i ranghi, ma con quali motivazioni?<\/p>\n","protected":false},"excerpt":{"rendered":"165 milioni di euro investiti per una rosa che continua a presentare lacune evidenti: Amorim ha pi\u00f9 volte&hellip;\n","protected":false},"author":3,"featured_media":660181,"comment_status":"","ping_status":"","sticky":false,"template":"","format":"standard","meta":{"footnotes":"","_share_on_mastodon":"0"},"categories":[176],"tags":[1744,569,586,6300,3705,2263,6298,350,1537,90,89,558,5188,553,245,244],"class_list":["post-660180","post","type-post","status-publish","format-standard","has-post-thumbnail","category-sport","tag-ac-milan","tag-atalanta","tag-bologna","tag-cagliari","tag-como","tag-fiorentina","tag-genoa","tag-inter","tag-it","tag-italia","tag-italy","tag-juventus","tag-lazio","tag-milan","tag-sport","tag-sports"],"share_on_mastodon":{"url":"https:\/\/pubeurope.com\/@it\/117197349162970773","error":""},"_links":{"self":[{"href":"https:\/\/www.europesays.com\/it\/wp-json\/wp\/v2\/posts\/660180","targetHints":{"allow":["GET"]}}],"collection":[{"href":"https:\/\/www.europesays.com\/it\/wp-json\/wp\/v2\/posts"}],"about":[{"href":"https:\/\/www.europesays.com\/it\/wp-json\/wp\/v2\/types\/post"}],"author":[{"embeddable":true,"href":"https:\/\/www.europesays.com\/it\/wp-json\/wp\/v2\/users\/3"}],"replies":[{"embeddable":true,"href":"https:\/\/www.europesays.com\/it\/wp-json\/wp\/v2\/comments?post=660180"}],"version-history":[{"count":0,"href":"https:\/\/www.europesays.com\/it\/wp-json\/wp\/v2\/posts\/660180\/revisions"}],"wp:featuredmedia":[{"embeddable":true,"href":"https:\/\/www.europesays.com\/it\/wp-json\/wp\/v2\/media\/660181"}],"wp:attachment":[{"href":"https:\/\/www.europesays.com\/it\/wp-json\/wp\/v2\/media?parent=660180"}],"wp:term":[{"taxonomy":"category","embeddable":true,"href":"https:\/\/www.europesays.com\/it\/wp-json\/wp\/v2\/categories?post=660180"},{"taxonomy":"post_tag","embeddable":true,"href":"https:\/\/www.europesays.com\/it\/wp-json\/wp\/v2\/tags?post=660180"}],"curies":[{"name":"wp","href":"https:\/\/api.w.org\/{rel}","templated":true}]}}