{"id":660191,"date":"2026-09-01T19:11:13","date_gmt":"2026-09-01T19:11:13","guid":{"rendered":"https:\/\/www.europesays.com\/it\/660191\/"},"modified":"2026-09-01T19:11:13","modified_gmt":"2026-09-01T19:11:13","slug":"meteo-giuliacci-agosto-da-record-mai-cosi-caldo-dal-2000-settembre-bollente-le-ondate-di-calore-sono-cresciute-negli-anni","status":"publish","type":"post","link":"https:\/\/www.europesays.com\/it\/660191\/","title":{"rendered":"Meteo, Giuliacci: \u00abAgosto da record, mai cos\u00ec caldo dal 2000. Settembre bollente? Le ondate di calore sono cresciute negli anni\u00bb"},"content":{"rendered":"<p>L&#8217;estate 2026 si chiude con un verdetto che non lascia dubbi: il <a href=\"https:\/\/www.leggo.it\/t\/caldo\" rel=\"nofollow noopener\" target=\"_blank\">caldo<\/a>, quest&#8217;anno, ha stabilito un nuovo primato. Secondo i dati raccolti ed elaborati dal meteorologo <strong><a href=\"https:\/\/www.leggo.it\/t\/mario-giuliacci\" rel=\"nofollow noopener\" target=\"_blank\">Mario Giuliacci<\/a><\/strong>, l&#8217;Italia \u00e8 stata rovente, con agosto che entra di diritto nella storia della meteorologia nazionale come il mese pi\u00f9 caldo mai registrato.<\/p>\n<p>  Agosto da record <\/p>\n<p>La media delle temperature massime di agosto, calcolata sulle 15 principali citt\u00e0 italiane dal 2000 a oggi, segna quest&#8217;anno 33,4\u00b0C, un valore che stacca nettamente qualsiasi precedente. Per avere un termine di paragone, il record precedente apparteneva al 2003 &#8211; l&#8217;estate della grande ondata di calore europea &#8211; fermo a 32,4\u00b0C, seguito dal 2024 con 32,3\u00b0C. Agosto 2026 li supera entrambi di oltre un grado pieno, un margine enorme per le statistiche climatiche, dove normalmente i record si battono per pochi decimi.<\/p>\n<p>Guardando all&#8217;andamento degli ultimi 26 anni, il quadro \u00e8 ancora pi\u00f9 eloquente: dal 2017 in avanti non c&#8217;\u00e8 stato praticamente pi\u00f9 un agosto \u00abfresco\u00bb. Le colonnine del grafico elaborato da Giuliacci, dal blu (sotto i 28\u00b0C) degli anni 2000, sono progressivamente virate verso l&#8217;arancione e poi verso il magenta acceso dei mesi sopra i 30\u00b0C, colore che oggi domina quasi ininterrottamente il grafico. Un cambiamento di passo che i meteorologi definiscono ormai strutturale, non pi\u00f9 un&#8217;anomalia isolata.<\/p>\n","protected":false},"excerpt":{"rendered":"L&#8217;estate 2026 si chiude con un verdetto che non lascia dubbi: il caldo, quest&#8217;anno, ha stabilito un nuovo&hellip;\n","protected":false},"author":3,"featured_media":660192,"comment_status":"","ping_status":"","sticky":false,"template":"","format":"standard","meta":{"footnotes":"","_share_on_mastodon":"0"},"categories":[79],"tags":[1534,14,93,94,1537,90,89,218976,419,7,15,5065,11,84,91,12,85,92],"class_list":["post-660191","post","type-post","status-publish","format-standard","has-post-thumbnail","category-italia","tag-caldo","tag-cronaca","tag-cronaca-italiana","tag-cronacaitaliana","tag-it","tag-italia","tag-italy","tag-mario-giuliacci","tag-meteo","tag-news","tag-notizie","tag-previsioni","tag-ultime-notizie","tag-ultime-notizie-e-news-di-oggi","tag-ultime-notizie-italia","tag-ultimenotizie","tag-ultimenotizieenewsdioggi","tag-ultimenotizieitalia"],"share_on_mastodon":{"url":"https:\/\/pubeurope.com\/@it\/117197372493924330","error":""},"_links":{"self":[{"href":"https:\/\/www.europesays.com\/it\/wp-json\/wp\/v2\/posts\/660191","targetHints":{"allow":["GET"]}}],"collection":[{"href":"https:\/\/www.europesays.com\/it\/wp-json\/wp\/v2\/posts"}],"about":[{"href":"https:\/\/www.europesays.com\/it\/wp-json\/wp\/v2\/types\/post"}],"author":[{"embeddable":true,"href":"https:\/\/www.europesays.com\/it\/wp-json\/wp\/v2\/users\/3"}],"replies":[{"embeddable":true,"href":"https:\/\/www.europesays.com\/it\/wp-json\/wp\/v2\/comments?post=660191"}],"version-history":[{"count":0,"href":"https:\/\/www.europesays.com\/it\/wp-json\/wp\/v2\/posts\/660191\/revisions"}],"wp:featuredmedia":[{"embeddable":true,"href":"https:\/\/www.europesays.com\/it\/wp-json\/wp\/v2\/media\/660192"}],"wp:attachment":[{"href":"https:\/\/www.europesays.com\/it\/wp-json\/wp\/v2\/media?parent=660191"}],"wp:term":[{"taxonomy":"category","embeddable":true,"href":"https:\/\/www.europesays.com\/it\/wp-json\/wp\/v2\/categories?post=660191"},{"taxonomy":"post_tag","embeddable":true,"href":"https:\/\/www.europesays.com\/it\/wp-json\/wp\/v2\/tags?post=660191"}],"curies":[{"name":"wp","href":"https:\/\/api.w.org\/{rel}","templated":true}]}}