{"id":660214,"date":"2026-09-01T19:33:17","date_gmt":"2026-09-01T19:33:17","guid":{"rendered":"https:\/\/www.europesays.com\/it\/660214\/"},"modified":"2026-09-01T19:33:17","modified_gmt":"2026-09-01T19:33:17","slug":"virus-toscana-e-tommaso-paradiso-sintomi-e-rischi-per-bassetti","status":"publish","type":"post","link":"https:\/\/www.europesays.com\/it\/660214\/","title":{"rendered":"Virus Toscana e Tommaso Paradiso: sintomi e rischi per Bassetti"},"content":{"rendered":"<p>La recente disavventura del cantante Tommaso Paradiso, costretto a fermarsi per alcuni giorni a causa della puntura di un pappatacio, ha riportato al centro del dibattito pubblico il virus Toscana (Tosv). A fare chiarezza su cos&#8217;\u00e8 davvero questa infezione, sui rischi reali e sulle modalit\u00e0 di trasmissione \u00e8 l&#8217;infettivologo genovese Matteo Bassetti.<\/p>\n<p>Che cos&#8217;\u00e8 il Virus Toscana e come si trasmette<\/p>\n<p>Identificato per la prima volta in Italia negli anni \u201970, il virus Toscana \u00e8 un arbovirus, ovvero un virus trasmesso da artropodi. Il veicolo principale dell&#8217;infezione \u00e8 la puntura dei pappataci (o flebotomi), piccoli insetti simili alle zanzare particolarmente attivi durante i mesi estivi.<\/p>\n<p>I sintomi e l&#8217;incubazione<\/p>\n<p>Nella maggior parte dei casi l&#8217;infezione decorre in modo del tutto asintomatico o si manifesta con una forma febbrile lieve. L&#8217;incubazione oscilla generalmente tra i 3 e i 7 giorni, ma pu\u00f2 estendersi fino a due settimane. Quando presenti, i sintomi pi\u00f9 comuni comprendono:<\/p>\n<ul style=\"list-style-type:disc;\">\n<li data-list-item-id=\"ef9e854f2da3572ad3bff04f8ab286133\">Febbre, spesso ad esordio improvviso<\/li>\n<li data-list-item-id=\"e4a498791c197561441c525bfd799fb7a\">Forte cefalea e senso di stanchezza generale<\/li>\n<li data-list-item-id=\"e6a9dbadfc889bd552361e472b2595632\">Dolori muscolari e articolari<\/li>\n<li data-list-item-id=\"eb26a4d70cbffa681b5c40694371a87a7\">Nausea, vomito ed eventuali eruzioni cutanee<\/li>\n<\/ul>\n<p>Dove \u00e8 presente il virus\u00a0<\/p>\n<p>&#8220;Il virus &#8211; spiega \u00a0Bassetti &#8211; \u00e8 presente soprattutto nell&#8217;area mediterranea: \u00e8 stato identificato in Italia, Spagna, Francia, Portogallo, Malta, Croazia, Grecia, Cipro e Turchia, oltre che in diversi Paesi del Nord Africa&#8221;.<\/p>\n<p>I rischi per il sistema nervoso e l&#8217;aumento dei casi<\/p>\n<p>L&#8217;attenzione medica sul virus Toscana \u00e8 legata al fatto che, in una ridotta percentuale di casi, il virus pu\u00f2 penetrare nel sistema nervoso centrale, provocando complicazioni gravose come meningiti, encefaliti o meningoencefaliti.<\/p>\n<p>Bassetti ha spiegato che i dati epidemiologici mostrano un trend in crescita: se tra il 2016 e il 2021 in Italia sono stati notificati 331 casi di malattia neuroinvasiva (circa 49 ricoveri l&#8217;anno), nel biennio 2022-2023 le notifiche sono salite a 276. Si tratta di un&#8217;incidenza media di 2,34 casi per milione di abitanti, quasi 2,6 volte superiore rispetto al periodo precedente. Un dato che riguarda tuttavia solo i ricoveri e le forme pi\u00f9 severe diagnosticate, a fronte di un numero di infezioni lievi o asintomatiche verosimilmente molto pi\u00f9 alto.<\/p>\n<p>Diagnosi e cure<\/p>\n<p>L&#8217;infettivologo genovese ha spiegato che, poich\u00e9 i sintomi iniziali sono sovrapponibili a quelli di altre manifestazioni virali, in presenza di quadri neurologici la diagnosi di laboratorio (tramite ricerca dell&#8217;Rna virale o analisi sierologica) \u00e8 fondamentale per differenziare il virus Toscana da altre infezioni come enterovirus o herpesvirus. Ad oggi non esistono una terapia antivirale specifica n\u00e9 un vaccino: il trattamento \u00e8 prevalentemente sintomatico e di supporto, e richiede il ricovero nei casi pi\u00f9 complessi.<\/p>\n<p>Come prevenire le punture<\/p>\n<p>L&#8217;assenza di una profilassi vaccinale rende la prevenzione individuale l&#8217;unica barriera efficace. Le raccomandazioni principali prevedono: utilizzo costante di repellenti cutanei; uso di abiti a maniche e pantalone lungo nelle ore di maggiore attivit\u00e0 degli insetti; installazione di zanzariere a maglia fine negli ambienti chiusi.<\/p>\n<p>&#8220;Il Virus Toscana non \u00e8 una nuova malattia e non deve incutere timore &#8211; conclude Bassetti -. \u00c8 una realt\u00e0 presente da decenni nel bacino del Mediterraneo. Di fronte a febbre improvvisa, forte mal di testa o rigidit\u00e0 nucale dopo una possibile esposizione ai pappataci, la regola principale resta quella di rivolgersi tempestivamente al medico&#8221;.<\/p>\n<p><a href=\"https:\/\/www.genovatoday.it\" rel=\"nofollow noopener\" target=\"_blank\">Le altre notizie di oggi<\/a> <\/p>\n","protected":false},"excerpt":{"rendered":"La recente disavventura del cantante Tommaso Paradiso, costretto a fermarsi per alcuni giorni a causa della puntura di&hellip;\n","protected":false},"author":3,"featured_media":660215,"comment_status":"","ping_status":"","sticky":false,"template":"","format":"standard","meta":{"footnotes":"","_share_on_mastodon":"0"},"categories":[175],"tags":[35384,2942,364118,239,1537,90,89,12282,3744,240,373,11922,3378],"class_list":["post-660214","post","type-post","status-publish","format-standard","has-post-thumbnail","category-salute","tag-bassetti","tag-cantante","tag-come-prevenire","tag-health","tag-it","tag-italia","tag-italy","tag-paradiso","tag-rischi","tag-salute","tag-sintomi","tag-toscana","tag-virus"],"share_on_mastodon":{"url":"https:\/\/pubeurope.com\/@it\/117197459110648207","error":""},"_links":{"self":[{"href":"https:\/\/www.europesays.com\/it\/wp-json\/wp\/v2\/posts\/660214","targetHints":{"allow":["GET"]}}],"collection":[{"href":"https:\/\/www.europesays.com\/it\/wp-json\/wp\/v2\/posts"}],"about":[{"href":"https:\/\/www.europesays.com\/it\/wp-json\/wp\/v2\/types\/post"}],"author":[{"embeddable":true,"href":"https:\/\/www.europesays.com\/it\/wp-json\/wp\/v2\/users\/3"}],"replies":[{"embeddable":true,"href":"https:\/\/www.europesays.com\/it\/wp-json\/wp\/v2\/comments?post=660214"}],"version-history":[{"count":0,"href":"https:\/\/www.europesays.com\/it\/wp-json\/wp\/v2\/posts\/660214\/revisions"}],"wp:featuredmedia":[{"embeddable":true,"href":"https:\/\/www.europesays.com\/it\/wp-json\/wp\/v2\/media\/660215"}],"wp:attachment":[{"href":"https:\/\/www.europesays.com\/it\/wp-json\/wp\/v2\/media?parent=660214"}],"wp:term":[{"taxonomy":"category","embeddable":true,"href":"https:\/\/www.europesays.com\/it\/wp-json\/wp\/v2\/categories?post=660214"},{"taxonomy":"post_tag","embeddable":true,"href":"https:\/\/www.europesays.com\/it\/wp-json\/wp\/v2\/tags?post=660214"}],"curies":[{"name":"wp","href":"https:\/\/api.w.org\/{rel}","templated":true}]}}