{"id":660254,"date":"2026-09-01T20:05:20","date_gmt":"2026-09-01T20:05:20","guid":{"rendered":"https:\/\/www.europesays.com\/it\/660254\/"},"modified":"2026-09-01T20:05:20","modified_gmt":"2026-09-01T20:05:20","slug":"famiglia-del-bosco-percorso-a-tappe-per-il-ritorno-dei-bimbi-notizie","status":"publish","type":"post","link":"https:\/\/www.europesays.com\/it\/660254\/","title":{"rendered":"Famiglia del bosco, percorso a tappe per il ritorno dei bimbi &#8211; Notizie"},"content":{"rendered":"<p><strong>Prima il rientro di giorno nella casa di Palmoli<\/strong>, poi i weekend tutti insieme, anche di notte. Ha il sapore di un lento e graduale ritorno alla normalit\u00e0 la decisione del Tribunale dei minorenni dell&#8217;Aquila nei confronti dei tre figli di <strong>Catherine Birmingham e Nathan Trevallion<\/strong>, la cosiddetta &#8216;famiglia del bosco&#8217; che, a distanza di quasi dieci mesi, pu\u00f2 tornare a sperare. I giudici hanno infatti dato il via libera al ricongiungimento della famiglia, ma seguendo un <strong>percorso &#8216;a tappe&#8217;, <\/strong>durante il quale l&#8217;intero nucleo sar\u00e0 valutato e monitorato dai servizi sociali.<\/p>\n<p>Per approfondire <a href=\"https:\/\/www.ansa.it\/sito\/notizie\/cronaca\/2026\/09\/01\/dalla-separazione-al-lento-ritorno-a-casa-le-tappe-del-caso_a5daac6c-a709-4f99-a0b2-b64c1f2916ac.html\" target=\"_blank\" class=\"post\" rel=\"noopener nofollow\"> <img decoding=\"async\" class=\"img\" src=\"https:\/\/www.europesays.com\/it\/wp-content\/uploads\/2026\/09\/c7c5784d28d10da6c531b51674b6f58c.jpg\"\/> <img decoding=\"async\" class=\"favicon\" src=\"https:\/\/www.ansa.it\/sito\/img\/ico\/favicon.ico\"\/> Agenzia ANSA Dalla separazione al lento ritorno a casa, le tappe del caso A novembre il trasferimento in casa famiglia, poi le liti e i tribunali\u00a0 <\/a><\/p>\n<p>\u00a0<\/p>\n<p><strong>I genitori, cui \u00e8 stata sospesa la responsabilit\u00e0 genitoriale lo scorso novembre<\/strong>, dovranno dimostrare nei fatti quello che hanno pi\u00f9 volte ribadito negli ultimi mesi, la volont\u00e0 cio\u00e8 di seguire i dettami imposti dal tribunale, a partire dalla frequenza scolastica,<strong> ormai alle porte, fino alla sistemazione in un casa adatta a dei minori, come quella data in comodato d&#8217;uso gratuito<\/strong> dal comune di Palmoli e dove la coppia anglo-australiana sta vivendo attualmente. Una decisione, quella dei giudici, dal sapore amaro per l&#8217;avvocato della famiglia, Simone Pillon, che ha annunciato ricorso in corte d&#8217;Appello.<\/p>\n<p>Per approfondire <a href=\"https:\/\/www.ansa.it\/sito\/notizie\/cronaca\/2026\/08\/12\/il-papa-risponde-ai-genitori-della-famiglia-nel-bosco-prego-per-voi_01c6c208-bb96-4a55-a864-3720925b2fd5.html\" target=\"_blank\" class=\"post\" rel=\"noopener nofollow\"> <img decoding=\"async\" class=\"img\" src=\"https:\/\/www.europesays.com\/it\/wp-content\/uploads\/2026\/09\/557a068ca5489e046523aeafae973f2c.jpg\"\/> <img decoding=\"async\" class=\"favicon\" src=\"https:\/\/www.ansa.it\/sito\/img\/ico\/favicon.ico\"\/> Agenzia ANSA Il Papa risponde ai genitori della Famiglia nel bosco: &#8216;Prego per voi&#8217; Papa Leone XIV ha risposto alla lettera dei genitori dei tre minori <\/a><\/p>\n<p>\u00a0<\/p>\n<p><strong>\u00a0&#8220;Sarebbe importante che in situazioni di questo tipo<\/strong> &#8211; \u00e8 il commento della ministra per la Famiglia, Eugenia Roccella &#8211; ci fosse una verifica da parte terza sugli effetti dei provvedimenti assunti sulla salute dei bambini, esaminando il prima e il dopo e valutando alla luce del loro benessere come si debba andare avanti&#8221;. <strong>Con la loro decisione, dunque, i giudici minorili di fatto riconoscono l&#8217;impegno assunto dalla coppia neorurale ma vogliono avere ulteriori garanzie che l&#8217;atteggiamento considerato pi\u00f9 volte &#8220;nocivo&#8221;,<\/strong> in particolare di mamma Catherine, sia ormai soltanto un vecchio ricordo. Per questo, per la prima volta da quasi un anno, i bambini potranno tornare a casa, almeno di giorno. Incontri protetti fino a ottobre quando, invece, potranno restare da soli a dormire con i genitori.<\/p>\n<p> Video Famiglia nel bosco: &#8216;Mai pensato di vivere cosi&#8217; tanta sofferenza&#8217;       <\/p>\n<p>\u00a0<\/p>\n<p>\u00a0&#8220;\u00c8 un programma di fatto di rientro per\u00f2 \u00e8 una sorta di corsa a ostacoli per i bambini&#8221;, <strong>ha commentato Pillon durante la conferenza stampa davanti al Tribunale minorile dell&#8217;Aquila. <\/strong>&#8220;Si tratta certo di un significativo passo in avanti rispetto alla situazione attuale, ma spiace tuttavia dover prendere atto che il lungo percorso giudiziario pare ancora lontano dal necessario e auspicabile pieno ricongiungimento familiare&#8221;,<strong> aggiunge il legale annunciando ricorso in merito<\/strong> a &#8220;ulteriori aspetti che meritano di essere corretti&#8221;. Dal ritardo nella decisione dei giudici, all&#8217;aver ignorato &#8211; secondo la difesa- i pareri di esperti e professionisti sull&#8217;opportunit\u00e0 del ricongiungimento. <strong>Procedimenti giudiziari a parte, ora bisogner\u00e0 cominciare a pensare a quel progressivo percorso di rientro a casa.<\/strong> A partire dalla scuola, fino alla residenza dei bimbi che, almeno fino alla fine dei lavori sul nuovo casolare nel bosco, dovrebbe essere proprio la struttura messa a disposizione dal comune abruzzese. I minori hanno comunque <strong>superato gli esami per l&#8217;ammissione a scuola,<\/strong> ma manca ancora l&#8217;iscrizione ufficiale che &#8211; ha spiegato Pillon &#8211; sar\u00e0 fatta dallo stessa tutrice dei piccoli su indicazione del tribunale.<\/p>\n<p>Per approfondire <a href=\"https:\/\/www.ansa.it\/sito\/notizie\/cronaca\/2026\/08\/21\/famiglia-nel-bosco-cantelmi-grande-affetto-da-gente-per-catherine-e-nathan_2ee3a99d-bb73-4494-a4ee-9e33b0cb380c.html\" target=\"_blank\" class=\"post\" rel=\"noopener nofollow\"> <img decoding=\"async\" class=\"img\" src=\"https:\/\/www.europesays.com\/it\/wp-content\/uploads\/2026\/09\/163a7bc9056fa04033b8545f7b08847e.jpg\"\/> <img decoding=\"async\" class=\"favicon\" src=\"https:\/\/www.ansa.it\/sito\/img\/ico\/favicon.ico\"\/> Agenzia ANSA Famiglia nel bosco, Cantelmi &#8216;grande affetto dalla gente per Catherine e Nathan&#8217;\u00a0 &#8220;Rimaniamo stupiti dal potente sentiment popolar-istituzionale verso la &#8216;famiglia nel bosco&#8217;. <\/a><\/p>\n<p>\u00a0<\/p>\n<p>La prossima scadenza sar\u00e0 quella del 30 ottobre, data entro la quale andr\u00e0 consegnata l&#8217;ennesima memoria in attesa di un&#8217;ulteriore decisione del tribunale. &#8220;<strong>I genitori sono stremati e sull&#8217;orlo del collasso emotivo&#8221;, ha commentato lo psichiatra Tonino Cantelmi, perito di parte della famiglia. <\/strong>Per la presidente della commissione parlamentare per l&#8217;infanzia e l&#8217;adolescenza Michela Vittoria Brambilla la decisione &#8220;non \u00e8 la soluzione tanto attesa, la &#8216;scarcerazione'&#8221;, ma &#8220;una serie di limitazioni senza reale fondamento&#8221; che giustificano &#8220;un ulteriore approfondimento da parte della commissione&#8221;.<\/p>\n<p class=\"article-copyright\">\n<p>Riproduzione riservata \u00a9 Copyright ANSA<\/p>\n","protected":false},"excerpt":{"rendered":"Prima il rientro di giorno nella casa di Palmoli, poi i weekend tutti insieme, anche di notte. Ha&hellip;\n","protected":false},"author":3,"featured_media":659534,"comment_status":"","ping_status":"","sticky":false,"template":"","format":"standard","meta":{"footnotes":"","_share_on_mastodon":"0"},"categories":[79],"tags":[14,93,94,1537,90,89,7,15,11,84,91,12,85,92],"class_list":["post-660254","post","type-post","status-publish","format-standard","has-post-thumbnail","category-italia","tag-cronaca","tag-cronaca-italiana","tag-cronacaitaliana","tag-it","tag-italia","tag-italy","tag-news","tag-notizie","tag-ultime-notizie","tag-ultime-notizie-e-news-di-oggi","tag-ultime-notizie-italia","tag-ultimenotizie","tag-ultimenotizieenewsdioggi","tag-ultimenotizieitalia"],"share_on_mastodon":{"url":"https:\/\/pubeurope.com\/@it\/117197585146877656","error":""},"_links":{"self":[{"href":"https:\/\/www.europesays.com\/it\/wp-json\/wp\/v2\/posts\/660254","targetHints":{"allow":["GET"]}}],"collection":[{"href":"https:\/\/www.europesays.com\/it\/wp-json\/wp\/v2\/posts"}],"about":[{"href":"https:\/\/www.europesays.com\/it\/wp-json\/wp\/v2\/types\/post"}],"author":[{"embeddable":true,"href":"https:\/\/www.europesays.com\/it\/wp-json\/wp\/v2\/users\/3"}],"replies":[{"embeddable":true,"href":"https:\/\/www.europesays.com\/it\/wp-json\/wp\/v2\/comments?post=660254"}],"version-history":[{"count":0,"href":"https:\/\/www.europesays.com\/it\/wp-json\/wp\/v2\/posts\/660254\/revisions"}],"wp:featuredmedia":[{"embeddable":true,"href":"https:\/\/www.europesays.com\/it\/wp-json\/wp\/v2\/media\/659534"}],"wp:attachment":[{"href":"https:\/\/www.europesays.com\/it\/wp-json\/wp\/v2\/media?parent=660254"}],"wp:term":[{"taxonomy":"category","embeddable":true,"href":"https:\/\/www.europesays.com\/it\/wp-json\/wp\/v2\/categories?post=660254"},{"taxonomy":"post_tag","embeddable":true,"href":"https:\/\/www.europesays.com\/it\/wp-json\/wp\/v2\/tags?post=660254"}],"curies":[{"name":"wp","href":"https:\/\/api.w.org\/{rel}","templated":true}]}}