{"id":660301,"date":"2026-09-01T20:48:14","date_gmt":"2026-09-01T20:48:14","guid":{"rendered":"https:\/\/www.europesays.com\/it\/660301\/"},"modified":"2026-09-01T20:48:14","modified_gmt":"2026-09-01T20:48:14","slug":"gli-acquarellisti-da-tutto-il-mondo-alla-villa-reale-sulla-soglia-della-luce","status":"publish","type":"post","link":"https:\/\/www.europesays.com\/it\/660301\/","title":{"rendered":"Gli acquarellisti da tutto il mondo. Alla Villa Reale sulla soglia della luce"},"content":{"rendered":"<p>\u2019Luminis Orae &#8211; La soglia della luce\u2019: l\u2019acquarello internazionale torna alla <strong>Reggia di Monza<\/strong> dal 20 settembre al 25 ottobre.<\/p>\n<p>La Provincia di Monza e della Brianza, in collaborazione con l\u2019<strong>Accademia Internazionale dell\u2019Acquarello<\/strong>, riporta a Monza, esattamente all\u2019Orangerie, la nuova edizione della Mostra internazionale dei grandi maestri dell\u2019Acquarello. La manifestazione riunir\u00e0 a Monza alcuni tra i pi\u00f9 autorevoli interpreti contemporanei dell\u2019acquarello, provenienti da tutto il mondo.<\/p>\n<p>Il pubblico verr\u00e0 coinvolto in workshop, dimostrazioni dal vivo, conferenze, visite guidate e iniziative dedicate alle scuole e alle famiglie, in un programma che accompagner\u00e0 i visitatori per oltre un mese. L\u2019esposizione \u00e8 a ingresso gratuito e sar\u00e0 visitabile da mercoled\u00ec a domenica. L\u2019inaugurazione \u00e8 prevista per domenica 20 settembre alle 16.30. Il titolo scelto per l\u2019edizione 2026 richiama l\u2019idea del confine attraverso cui la luce si manifesta e rende il mondo percepibile. \u00c8 un invito ad attraversare quella soglia simbolica in cui arte, conoscenza e dialogo culturale si incontrano.<\/p>\n<p>Nelle prossime settimane saranno svelati i protagonisti e i numerosi appuntamenti collaterali che animeranno gli spazi della Reggia fino alla fine di ottobre. Tra gli elementi distintivi della manifestazione non mancheranno occasioni di incontro diretto con artisti internazionali e attivit\u00e0 formative.<\/p>\n<p>&#8220;Prosegue il percorso culturale che negli ultimi anni ha saputo portare alla Reggia di Monza artisti e visitatori provenienti da tutto il mondo, valorizzando il nostro territorio attraverso l\u2019arte e la bellezza \u2013 commenta Luca Santambrogio, presidente della Provincia \u2013 <strong>Luminis Orae<\/strong> rappresenta un invito all\u2019incontro tra culture, sensibilit\u00e0 ed esperienze diverse, confermando la vocazione internazionale della nostra Provincia e il ruolo della Reggia e di Monza come luoghi privilegiati di produzione e diffusione culturale&#8221;.<\/p>\n<p>&#8220;La collaborazione con l\u2019Accademia Internazionale dell\u2019Acquarello continua a regalarci progetti di grande qualit\u00e0 e richiamo&#8221;, conclude Massimiliano Longo, consigliere delegato a cultura, turismo, Ville Aperte e Villa Reale.<\/p>\n<p>Cristina Bertolini<\/p>\n","protected":false},"excerpt":{"rendered":"\u2019Luminis Orae &#8211; La soglia della luce\u2019: l\u2019acquarello internazionale torna alla Reggia di Monza dal 20 settembre al&hellip;\n","protected":false},"author":3,"featured_media":660302,"comment_status":"","ping_status":"","sticky":false,"template":"","format":"standard","meta":{"footnotes":"","_share_on_mastodon":"0"},"categories":[1446],"tags":[364146,1615,1613,1614,1611,1610,1612,203,204,1537,90,89,166,4736,11393,2937],"class_list":["post-660301","post","type-post","status-publish","format-standard","has-post-thumbnail","category-arte-e-design","tag-acquarellisti","tag-arte","tag-arte-e-design","tag-arteedesign","tag-arts","tag-arts-and-design","tag-design","tag-entertainment","tag-intrattenimento","tag-it","tag-italia","tag-italy","tag-mondo","tag-reale","tag-soglia","tag-villa"],"share_on_mastodon":{"url":"https:\/\/pubeurope.com\/@it\/117197753656581956","error":""},"_links":{"self":[{"href":"https:\/\/www.europesays.com\/it\/wp-json\/wp\/v2\/posts\/660301","targetHints":{"allow":["GET"]}}],"collection":[{"href":"https:\/\/www.europesays.com\/it\/wp-json\/wp\/v2\/posts"}],"about":[{"href":"https:\/\/www.europesays.com\/it\/wp-json\/wp\/v2\/types\/post"}],"author":[{"embeddable":true,"href":"https:\/\/www.europesays.com\/it\/wp-json\/wp\/v2\/users\/3"}],"replies":[{"embeddable":true,"href":"https:\/\/www.europesays.com\/it\/wp-json\/wp\/v2\/comments?post=660301"}],"version-history":[{"count":0,"href":"https:\/\/www.europesays.com\/it\/wp-json\/wp\/v2\/posts\/660301\/revisions"}],"wp:featuredmedia":[{"embeddable":true,"href":"https:\/\/www.europesays.com\/it\/wp-json\/wp\/v2\/media\/660302"}],"wp:attachment":[{"href":"https:\/\/www.europesays.com\/it\/wp-json\/wp\/v2\/media?parent=660301"}],"wp:term":[{"taxonomy":"category","embeddable":true,"href":"https:\/\/www.europesays.com\/it\/wp-json\/wp\/v2\/categories?post=660301"},{"taxonomy":"post_tag","embeddable":true,"href":"https:\/\/www.europesays.com\/it\/wp-json\/wp\/v2\/tags?post=660301"}],"curies":[{"name":"wp","href":"https:\/\/api.w.org\/{rel}","templated":true}]}}