{"id":660313,"date":"2026-09-01T20:55:16","date_gmt":"2026-09-01T20:55:16","guid":{"rendered":"https:\/\/www.europesays.com\/it\/660313\/"},"modified":"2026-09-01T20:55:16","modified_gmt":"2026-09-01T20:55:16","slug":"linda-pani-lascia-leredita-non-mi-ha-mandata-via-la-rai-laddio","status":"publish","type":"post","link":"https:\/\/www.europesays.com\/it\/660313\/","title":{"rendered":"Linda Pani lascia l&#8217;Eredit\u00e0: &#8220;Non mi ha mandata via la Rai&#8221;, l&#8217;addio"},"content":{"rendered":"<p>Erano giorni ormai che circolavano voci a proposito dell\u2019imminente <strong>addio di Linda Pani a L\u2019Eredit\u00e0<\/strong>. L\u2019annuncio dell\u2019apertura di nuovi casting aveva alzato il polverone e in molti credevano che la Rai avesse ritenuto opportuno cambiare i volti femminili all\u2019interno del programma. Alla fine la diretta interessata ha preso in mano la situazione e ha fatto chiarezza, confermando che s\u00ec, da ottobre non far\u00e0 pi\u00f9 parte del cast del quiz di Rai 1, ma che no, <strong>non \u00e8 stata la Rete a mandarla via<\/strong>. La decisione \u00e8 stata sua: una scelta sofferta, ha spiegato in un video nelle storie di Instagram, ma inevitabile in questo momento in cui si \u00e8 trovata a non riuscire pi\u00f9 a gestire i <strong>troppi impegni professionali<\/strong>.\n<\/p>\n<p>I motivi dell\u2019addio a L\u2019Eredit\u00e0<\/p>\n<p>Chi segue L\u2018Eredit\u00e0 Summer ogni sera avr\u00e0 sicuramente notato la sua assenza <a href=\"https:\/\/dilei.it\/spettacolo\/eredita-summer-puntata-31-agosto-2026\/2669396\/\" target=\"_blank\" rel=\"noopener nofollow\" data-doctype=\"\">nella puntata del 31 luglio<\/a>. Il conduttore si \u00e8 limitato a dire che sarebbe mancata per qualche giorno, ma presto il pubblico dovr\u00e0 abituarsi alla sua assenza definitiva dal programma.<\/p>\n<p>Quando prende la parola nelle storie, per prima cosa <a href=\"https:\/\/dilei.it\/vip\/linda-pani-chi\/1571922\/\" target=\"_blank\" rel=\"noopener nofollow\" data-doctype=\"\">Linda Pani<\/a> ci tiene a mettere i puntini sulle i: \u201cHo letto tanti articoli e tanti commenti su questa cosa e vi dico subito: no, non \u00e8 stata la Rai a licenziare, <strong>\u00e8 stata una scelta mia<\/strong>\u201d. Insomma, chi aveva creduto alla storia di un allontanamento da parte della Rete si deve ricredere. A cambiare \u00e8 stata la possibilit\u00e0 di gestire i suoi altri impegni professionali: il programma che conduceva su <strong>Radio 105<\/strong> solo nel weekend ora la vedr\u00e0 protagonista dal luned\u00ec al venerd\u00ec. \u201cQuesto, unito ad altri progetti con cui speriamo continueremo a vederci e a sentirci, ha fatto s\u00ec che io lasciassi L\u2019Eredit\u00e0, perch\u00e9 c\u2019era un\u2019<strong>incompatibilit\u00e0 di ritmi<\/strong>: non potevo essere in due posti, in due citt\u00e0 contemporaneamente andando tra l\u2019altro in onda nello stesso momento, quindi era proprio impossibile\u201d, spiega senza troppo girarci intorno.<\/p>\n<p>Quella accanto a <a href=\"https:\/\/dilei.it\/star-e-vip\/marco-liorni\/\" target=\"_blank\" rel=\"noopener nofollow\" data-doctype=\"\">Marco Liorni<\/a> e a <a href=\"https:\/\/dilei.it\/vip\/greta-zuccarello-chi-e\/1375940\/\" target=\"_blank\" rel=\"noopener nofollow\" data-doctype=\"\">Greta Zuccarello<\/a> \u00e8 stata una grande opportunit\u00e0 per lei, e Linda ci tiene a ringraziare tutti: \u201cL\u2019Eredit\u00e0 \u00e8 stata una grandissima palestra e una grandissima scuola. E soprattutto \u00e8 stata una grandissima famiglia che mi ha sostenuto fino alla fine, anche in questa scelta\u201d. Insomma, nessun mistero e nessuna lite: solo la decisione di una professionista consapevole che sa quando \u00e8 il momento di voltare pagina.<\/p>\n<p>Il ruolo a L\u2019Eredit\u00e0<\/p>\n<p>In coppia con Greta Zuccarello e accanto a Marco Liorni, Linda Pani sera dopo sera \u00e8 entrata nelle case e nel cuore degli italiani. Il suo ruolo a L\u2019Eredit\u00e0 non \u00e8 stato semplicemente di contorno, ma di <strong>affiancamento al conduttore<\/strong> in molti momenti del gioco con energia e carisma e sempre con la battuta pronta. \u201cSono tutte e due bellissime e stupiranno con il loro talento e la loro personalit\u00e0\u201d aveva detto di loro Liorni al debutto delle due ragazze nel ruolo. Il suo posto non rester\u00e0 vacante e accanto a Greta vedremo presto una nuova Professoressa. Ma chi si \u00e8 affezionato a Linda non deve temere di perderla di vista, visto che ha fatto sapere di avere <strong>nuovi progetti in cantiere<\/strong>: \u201cQuesto \u00e8 un arrivederci: non vi libererete tanto facilmente di me!\u201d.<\/p>\n<p>\t\t\t\tScopri i personaggi in trend, le storie del momento e molto altro.<br \/>Dove? Sul <a href=\"https:\/\/whatsapp.com\/channel\/0029Vb68mVyHVvTWezDm7d0R\" target=\"_blank\" rel=\"noopener nofollow\">canale WhatsApp di DiLei!<\/a><\/p>\n<p>\t\t\t<a class=\"buttonCall\" href=\"https:\/\/whatsapp.com\/channel\/0029Vb68mVyHVvTWezDm7d0R\" target=\"_blank\" rel=\"noopener nofollow\" title=\"Seguici su WhatsApp\"><br \/>\n\t\t\t\tSeguici su WhatsApp<br \/>\n\t\t\t<\/a><\/p>\n","protected":false},"excerpt":{"rendered":"Erano giorni ormai che circolavano voci a proposito dell\u2019imminente addio di Linda Pani a L\u2019Eredit\u00e0. L\u2019annuncio dell\u2019apertura di&hellip;\n","protected":false},"author":3,"featured_media":660314,"comment_status":"","ping_status":"","sticky":false,"template":"","format":"standard","meta":{"footnotes":"","_share_on_mastodon":"0"},"categories":[174],"tags":[203,204,1537,90,89,214],"class_list":["post-660313","post","type-post","status-publish","format-standard","has-post-thumbnail","category-intrattenimento","tag-entertainment","tag-intrattenimento","tag-it","tag-italia","tag-italy","tag-spettacolo"],"share_on_mastodon":{"url":"https:\/\/pubeurope.com\/@it\/117197781343231865","error":""},"_links":{"self":[{"href":"https:\/\/www.europesays.com\/it\/wp-json\/wp\/v2\/posts\/660313","targetHints":{"allow":["GET"]}}],"collection":[{"href":"https:\/\/www.europesays.com\/it\/wp-json\/wp\/v2\/posts"}],"about":[{"href":"https:\/\/www.europesays.com\/it\/wp-json\/wp\/v2\/types\/post"}],"author":[{"embeddable":true,"href":"https:\/\/www.europesays.com\/it\/wp-json\/wp\/v2\/users\/3"}],"replies":[{"embeddable":true,"href":"https:\/\/www.europesays.com\/it\/wp-json\/wp\/v2\/comments?post=660313"}],"version-history":[{"count":0,"href":"https:\/\/www.europesays.com\/it\/wp-json\/wp\/v2\/posts\/660313\/revisions"}],"wp:featuredmedia":[{"embeddable":true,"href":"https:\/\/www.europesays.com\/it\/wp-json\/wp\/v2\/media\/660314"}],"wp:attachment":[{"href":"https:\/\/www.europesays.com\/it\/wp-json\/wp\/v2\/media?parent=660313"}],"wp:term":[{"taxonomy":"category","embeddable":true,"href":"https:\/\/www.europesays.com\/it\/wp-json\/wp\/v2\/categories?post=660313"},{"taxonomy":"post_tag","embeddable":true,"href":"https:\/\/www.europesays.com\/it\/wp-json\/wp\/v2\/tags?post=660313"}],"curies":[{"name":"wp","href":"https:\/\/api.w.org\/{rel}","templated":true}]}}