{"id":660321,"date":"2026-09-01T20:59:19","date_gmt":"2026-09-01T20:59:19","guid":{"rendered":"https:\/\/www.europesays.com\/it\/660321\/"},"modified":"2026-09-01T20:59:19","modified_gmt":"2026-09-01T20:59:19","slug":"parte-da-forli-il-comitato-della-vecchia-guardia-se-riportiamo-in-vita-la-lega-nord-salvini-a-percentuali-da-prefisso-telefonico","status":"publish","type":"post","link":"https:\/\/www.europesays.com\/it\/660321\/","title":{"rendered":"Parte da Forl\u00ec il comitato della vecchia guardia: &#8220;Se riportiamo in vita la Lega Nord, Salvini a percentuali da prefisso telefonico&#8221;"},"content":{"rendered":"<p>E&#8217; il forlivese Gianluca Pini, ex deputato della Lega Nord dal 2006 al 2018, il motore della raccolta di firme che apre un nuovo fronte di dissenso alla leadership di Matteo Salvini. \u201cE&#8217; partito da una mia idea \u2013 conferma Pini -, condivisa con un gruppo di persone. Mi sono preso la responsabilit\u00e0 di avviare la raccolta delle firme, in silenzio, fino a quando qualcuno non l&#8217;ha segnalato a Sky Tg24\u201d. Da quel momento il telefono di Pini si \u00e8 surriscaldato, in quanto gi\u00e0 da mesi circolavano voci di fronde interne e richieste di cambio della dirigenza targata Salvini.<\/p>\n<p>Pini appartiene alla \u201cvecchia guardia\u201d della Lega, il partito-sindacato del Nord precedente alla svolta \u201cnazionale\u201d di Salvini, quello che si riconosceva nell&#8217;insegna verde del \u201cSole delle alpi\u201d e non nel blu del nuovo partito, sorto nel 2017 per staccarsi dal fardello dei 49 milioni che la vecchia Lega deve restituire allo Stato. Il vecchio partito di Bossi dal punto di vista formale non \u00e8 mai morto, ma \u00e8 stato tenuto commissariato negli ultimi nove anni, come una sorta di bad company che ha in pancia il maxi-debito, che viene poco alla volta ripagato. Il tentativo di Pini e di un gruppo di ex parlamentari e segretari provinciali di riportare attiva la vecchia Lega nord, per farla debuttare gi\u00e0 alle prossime elezioni politiche.<\/p>\n<p>Nato un comitato formale<\/p>\n<p>Per questo i promotori dell&#8217;iniziativa hanno creato il Comitato per la convocazione del congresso federale della Lega Nord, un passo necessario per la scelta del nuovo segretario e concludere cos\u00ec la fase commissariale che si prolunga da nove anni, affidata al controllo dell&#8217;attuale commissario Igor Iezzi, fedelissimo di Salvini. Il comitato \u00e8 stato creato a Forl\u00ec il 28 agosto, dotandolo formalmente anche di un proprio codice fiscale. \u201cGli abbiamo dato una veste giuridica, come previsto dal codice civile, per dotare il comitato di autonomia e di capacit\u00e0 di azioni come diffide e ricorsi in tribunale\u201d, specifica Pini.<\/p>\n<p>&#8220;Il nostro comitato nasce per ottenere la convocazione del congresso federale della Lega Nord, per sbloccare il simbolo e scongelare il vecchio partito&#8221;, spiega all&#8217;Ansa Pini. &#8220;Siamo partiti da tre giorni a raccogliere firme, siamo gi\u00e0 a un centinaio, tutti semplici militanti da ogni parte del Nord &#8211; aggiunge -. Non \u00e8 un&#8217;operazione nostalgia, ma hanno calpestato il regolamento e lo statuto della Lega Nord. Se non convocheranno il congresso ci saranno azioni legali&#8221;.<\/p>\n<p>Il tentativo precedente<\/p>\n<p>Non \u00e8 la prima volta che Pini tenta questa strategia. <a href=\"https:\/\/www.forlitoday.it\/politica\/pini-la-spunta-convocato-il-consiglio-della-vecchia-lega-nord-riparte-la-madre-di-tutte-le-battaglie-quella-per-il-nord.html\" rel=\"nofollow noopener\" target=\"_blank\">Gi\u00e0 nel luglio 2022 Pini aveva giocato la carta del ricorso<\/a> al Tribunale di Milano per ottenere la regolare convocazione del consiglio federale, il massimo organo collegiale della vecchia Lega Nord, per riuscire cos\u00ec a nominare un segretario e ripartire con un&#8217;azione politica autonoma. In quell&#8217;occasione, spiega Pini, \u201cil ricorso venne respinto in quanto ero solo come ricorrente e non venivano considerati come scaduti alcuni termini, ma tutte le violazioni accessorie allo statuto che lamentavo erano state riconosciute. Oggi, invece, i termini sono totalmente scaduti, mentre le violazioni statutarie sono gi\u00e0 riconosciute\u201d.<\/p>\n<p>Fontana si smarca<\/p>\n<p>Nel gruppo dei contestatori del Nord ci si smarca da quest&#8217;iniziativa. Sulla vicenda \u00e8 intervenuto anche Attilio Fontana, presidente della Regione Lombardia: \u201cHo sentito anche io di questa iniziativa, ma non c&#8217;entra assolutamente niente con il discorso che stiamo portando avanti con Salvini&#8221;. Fontana, a margine della presentazione del Gp di Monza, ha confermato che incontrer\u00e0 il leader del Carroccio: &#8220;Cerchiamo di fare combaciare le agende. Domenica speriamo di festeggiare insieme il Gran Premio. Poi speriamo anche qualcosa in pi\u00f9, visto che abbiamo due opportunit\u00e0 quest&#8217;anno&#8221;.<\/p>\n<p>La replica dell&#8217;entourage di Salvini<\/p>\n<p>La Lega affida invece a una fonte interna all&#8217;entourage di Salvini la replica, che esprime \u201csorpresa\u201d. Quindi l&#8217;attacco: \u201cColoro che hanno rischiato di uccidere la Lega ora si rifanno vivi in cerca di una poltrona. Chi ha patteggiato per corruzione \u00e8 disposto anche a farsi interamente carico dei 49 milioni di debiti che la Lega per Salvini Premier ha trovato in eredit\u00e0 e che sta tuttora pagando?\u201d. Il riferimento, neanche troppo velato \u00e8 al <a href=\"https:\/\/www.forlitoday.it\/cronaca\/inchiesta-pini-mascherine-corruzione-patteggiamento.html\" rel=\"nofollow noopener\" target=\"_blank\">patteggiamento di Pini nella maxi-inchiesta \u201cmascherine covid\u201d<\/a>, a circa due anni. Pini non si scompone: \u201cSe stampo il mio certificato penale non c&#8217;\u00e8 niente, non si pu\u00f2 dire lo stesso di diversi di loro\u201d.<\/p>\n<p>\u201cIn grado di ripagare il debito\u201d<\/p>\n<p>E sullo scoglio dei 49 milioni aggiunge: \u201cAnzitutto sono molti meno, circa una ventina in meno, quasi la met\u00e0 del debito \u00e8 stato ripagato da un soggetto che non fa neanche attivit\u00e0 politica, figurarsi quindi se la facesse. Se facciamo quest&#8217;azione \u00e8 perch\u00e9 abbiamo la certezza di ripagare il debito\u201d.<\/p>\n<p>Continuano le fonti interne della Lega, sottolineando che &#8220;il Nord chiede soluzioni, risposte e concretezza, che il governo sta dando anche grazie alla spinta della Lega e dei suoi cinque ministri lombardi&#8221;. Ed ancora &#8220;C&#8217;\u00e8 una Lega che lavora, con oltre 500 sindaci, governatori, migliaia di amministratori locali in tutta Italia, decine di migliaia di iscritti, eletti e militanti. C&#8217;\u00e8 una Lega che lavora per organizzare una due giorni a Roma i giorni 8-9 settembre su temi economici in vista della manovra e per una Pontida con numeri da record. E poi c&#8217;\u00e8 chi passa il tempo tra polemiche e ricorsi, pensando pi\u00f9 al proprio interesse che a quello del territorio&#8221;, evidenziano dal partito di Matteo Salvini.<\/p>\n<p>\u201cSalvini a percentuali da prefisso telefonico\u201d<\/p>\n<p>Pini a riguardo non risponde: \u201cNon mi interessa Salvini, non sono un iscritto della &#8216;Lega Salvini premier&#8217;. Rispondo solo al commissario Iezzi se si degna di giustificare la sua inerzia, quello che chiediamo \u00e8 solo la convocazione del congresso\u201d. L&#8217;ex deputato romagnolo si dice anche convinto di fare a tempo per le prossime elezioni politiche: \u201cSi deve fare prima delle elezioni, altrimenti significherebbe togliere agibilit\u00e0 politica ad un movimento politico che, ricordo, tuttora percepisce i fondi pubblici del 2 per mille ai partiti. Un movimento che prende fondi per fare attivit\u00e0 politica, se gli viene impedito, si potrebbe pensare che allora stia facendo una truffa ai danni dello Stato?\u201d<\/p>\n<p>E chiude su Salvini sulla vicenda Vannacci: \u201cE&#8217; la prova provata di incapacit\u00e0 politica. Salvini ha saputo parlare per un certo tempo alla pancia degli italiani, ma nessuno ti perdona l&#8217;assoluta incongruenza se dici una cosa e fai il contrario\u201d. La vecchia Lega Nord, rispolverata, invece \u201ccon gente diversa e capace, anche proveniente dalla &#8216;Lega Salvini Premier&#8217;\u201d, spiega, pu\u00f2 avere un risultato elettorale significativo, portando invece \u201cla Lega di Salvini a una percentuale da prefisso telefonico\u201d, conclude Pini.<\/p>\n","protected":false},"excerpt":{"rendered":"E&#8217; il forlivese Gianluca Pini, ex deputato della Lega Nord dal 2006 al 2018, il motore della raccolta&hellip;\n","protected":false},"author":3,"featured_media":660322,"comment_status":"","ping_status":"","sticky":false,"template":"","format":"standard","meta":{"footnotes":"","_share_on_mastodon":"0"},"categories":[79],"tags":[14,93,94,1537,90,89,109,197917,7,15,11,84,91,12,85,92],"class_list":["post-660321","post","type-post","status-publish","format-standard","has-post-thumbnail","category-italia","tag-cronaca","tag-cronaca-italiana","tag-cronacaitaliana","tag-it","tag-italia","tag-italy","tag-lega","tag-lega-nord","tag-news","tag-notizie","tag-ultime-notizie","tag-ultime-notizie-e-news-di-oggi","tag-ultime-notizie-italia","tag-ultimenotizie","tag-ultimenotizieenewsdioggi","tag-ultimenotizieitalia"],"share_on_mastodon":{"url":"https:\/\/pubeurope.com\/@it\/117197796994833933","error":""},"_links":{"self":[{"href":"https:\/\/www.europesays.com\/it\/wp-json\/wp\/v2\/posts\/660321","targetHints":{"allow":["GET"]}}],"collection":[{"href":"https:\/\/www.europesays.com\/it\/wp-json\/wp\/v2\/posts"}],"about":[{"href":"https:\/\/www.europesays.com\/it\/wp-json\/wp\/v2\/types\/post"}],"author":[{"embeddable":true,"href":"https:\/\/www.europesays.com\/it\/wp-json\/wp\/v2\/users\/3"}],"replies":[{"embeddable":true,"href":"https:\/\/www.europesays.com\/it\/wp-json\/wp\/v2\/comments?post=660321"}],"version-history":[{"count":0,"href":"https:\/\/www.europesays.com\/it\/wp-json\/wp\/v2\/posts\/660321\/revisions"}],"wp:featuredmedia":[{"embeddable":true,"href":"https:\/\/www.europesays.com\/it\/wp-json\/wp\/v2\/media\/660322"}],"wp:attachment":[{"href":"https:\/\/www.europesays.com\/it\/wp-json\/wp\/v2\/media?parent=660321"}],"wp:term":[{"taxonomy":"category","embeddable":true,"href":"https:\/\/www.europesays.com\/it\/wp-json\/wp\/v2\/categories?post=660321"},{"taxonomy":"post_tag","embeddable":true,"href":"https:\/\/www.europesays.com\/it\/wp-json\/wp\/v2\/tags?post=660321"}],"curies":[{"name":"wp","href":"https:\/\/api.w.org\/{rel}","templated":true}]}}