{"id":660323,"date":"2026-09-01T21:00:13","date_gmt":"2026-09-01T21:00:13","guid":{"rendered":"https:\/\/www.europesays.com\/it\/660323\/"},"modified":"2026-09-01T21:00:13","modified_gmt":"2026-09-01T21:00:13","slug":"bologna-contromano-in-autostrada-per-50-chilometri-bloccata-una-32enne-in-a1-era-anche-sotto-leffetto-di-cannabis","status":"publish","type":"post","link":"https:\/\/www.europesays.com\/it\/660323\/","title":{"rendered":"Bologna, contromano in autostrada per 50 chilometri. Bloccata una 32enne in A1: \u00abEra anche sotto l&#8217;effetto di cannabis\u00bb"},"content":{"rendered":"<p>    di<br \/>\n    Ludovica Brognoli<\/p>\n<p class=\"summary-art is-line-h-12\">La donna \u00e8 stata denunciata per fuga pericolosa e per guida sotto l&#8217;effetto di stupefacenti. Durante la fuga spericolata ha evitato due posti di blocco e ha pi\u00f9 volte cambiato il senso di marcia con improvvise manovre pericolose<\/p>\n<p class=\"chapter-paragraph\">Contromano per <b>oltre 50 chilometri <\/b>e <b>per quaranta minuti <\/b>lungo il tratto appenninico dell&#8217;A1, tra la \u00abPanoramica\u00bb e la \u00abDirettissima\u00bb:<b> una donna tedesca di 32 anni \u00e8 stata bloccata dalla Polizia Stradale<\/b> al termine di una<br \/>fuga pericolosa, risultando poi sotto l&#8217;effetto di stupefacenti.\u00a0<\/p>\n<p class=\"chapter-paragraph\">L&#8217;episodio &#8211; reso noto oggi &#8211; risale alla mattina del 20 agosto, quando la donna, <b>alla guida di un minivan con targa tedesca<\/b>, <a href=\"https:\/\/video.corrieredibologna.corriere.it\/il-video-del-minivan-contromano-in-autostrada-quaranta-minuti-di-manovre-pericolose-gli-altri-automobilisti-evitano-il-furgoncino\/1c7cbe8c-916d-4a97-906f-520338ca9xlk\" title=\"Il video del minivan contromano in autostrada: quaranta minuti di manovre pericolose, gli altri automobilisti evitano il furgoncino\" rel=\"nofollow noopener\" target=\"_blank\">ha improvvisamente invertito la marcia sul valico della \u00abCiterna\u00bb<\/a>, lungo l&#8217;A1 Panoramica, dirigendosi contromano<b> verso Barberino di Mugello<\/b>. Al 112 sono arrivate decine di segnalazioni, mentre i sensori di Autostrade per l&#8217;Italia avevano gi\u00e0 rilevato la presenza anomala del veicolo.    &#13;<br \/>\n&#13;<br \/>\n&#13;<br \/>\n&#13;<br \/>\n&#13;<br \/>\n&#13;<br \/>\n&#13;<br \/>\n&#13;<br \/>\n&#13;<br \/>\n&#13;<br \/>\n&#13;<br \/>\n&#13;<br \/>\n&#13;<br \/>\n&#13;<br \/>\n&#13;<br \/>\n&#13;<br \/>\n&#13;<br \/>\n&#13;<br \/>\n&#13;<br \/>\n&#13;<br \/>\n&#13;<br \/>\n&#13;<br \/>\n&#13;<br \/>\n&#13;<br \/>\n&#13;<br \/>\n&#13;<br \/>\n&#13;<br \/>\n&#13;<br \/>\n&#13;<br \/>\n&#13;<br \/>\n&#13;<br \/>\n&#13;<br \/>\n&#13;<br \/>\n&#13;<br \/>\n&#13;<br \/>\n&#13;<br \/>\n&#13;<br \/>\n&#13;<br \/>\n&#13;<br \/>\n&#13;<br \/>\n&#13;<br \/>\n&#13;<br \/>\n&#13;<br \/>\n&#13;<br \/>\n&#13;<br \/>\n&#13;<br \/>\n&#13;<br \/>\n&#13;<br \/>\n&#13;<br \/>\n&#13;<br \/>\n&#13;<br \/>\n&#13;<br \/>\n&#13;\n<\/p>\n<p>    Traffico intenso e pericolo altissimo<\/p>\n<p class=\"chapter-paragraph\">Sono state inviate sul posto sei pattuglie della Polizia Stradale ed \u00e8 stata disposta la <b>chiusura tecnica del tratto tra Barberino di Mugello, Badia e Roncobilaccio<\/b>. Nonostante queste misure &#8211; spiega la Polstrada &#8211; il rischio per gli automobilisti \u00e8 rimasto altissimo per l&#8217;intenso traffico presente in quel momento<b>. Intercettata una prima volta da una pattuglia di Pian del Voglio,<\/b> la donna ha evitato l&#8217;alt e proseguito la corsa.\u00a0<\/p>\n<p>    Gli svincoli per nascondersi<\/p>\n<p class=\"chapter-paragraph\">Giunta <b>alla diramazione di Barberino ha invertito nuovamente la marcia<\/b>, tagliando la strada al traffico su quattro corsie ed eludendo un secondo posto di blocco. <b>Raggiunto il casello di Barberino, <\/b>ha ripreso la marcia verso Bologna inseguita dagli agenti, per poi effettuare <b>una retromarcia <\/b>e tornare, ancora contromano, verso Barberino.\u00a0<\/p>\n<p class=\"chapter-paragraph\">Per oltre quaranta minuti il minivan \u00e8 pi\u00f9 volte sparito dalle telecamere di sorveglianza, poich\u00e9<b> la donna imboccava gli svincoli di servizio per nascondersi<\/b>, finch\u00e9 il blocco fisico delle carreggiate, coordinato con il personale di Autostrade per l&#8217;Italia, non le ha lasciato altra possibilit\u00e0 che fermarsi.\u00a0<\/p>\n<p>    L&#8217;intossicazione da cannabis<\/p>\n<p class=\"chapter-paragraph\">Trovata in forte stato di agitazione, \u00e8 stata portata sotto scorta del 118 all&#8217;ospedale di Borgo San Lorenzo, dove gli accertamenti hanno rilevato un&#8217;intossicazione da cannabis.\u00a0<\/p>\n<p class=\"chapter-paragraph\">Solo dopo alcune ore ha ripreso piena lucidit\u00e0. La 32enne \u00e8 stata <b>denunciata per fuga pericolosa e per guida sotto l&#8217;effetto di stupefacenti<\/b>, ed \u00e8 stata inoltre <b>segnalata al prefetto di Firenze per l&#8217;uso di sostanze e per la circolazione contromano<\/b>. Una modica quantit\u00e0 di marijuana trovata sul sedile del veicolo \u00e8 stata sequestrata in via amministrativa, mentre patente e veicolo sono stati ritirati.<\/p>\n<p class=\"is-mr-t-20 is-mr-b-20\"><b><br \/>\n                    <a href=\"https:\/\/corrieredibologna.corriere.it\/?intcmp=Notizielocali_nd_010623_corriere_ss_bologna\" target=\"_blank\" rel=\"nofollow noopener\">Vai a tutte le notizie di Bologna<\/a><br \/>\n            <\/b><\/p>\n<p class=\"chapter-paragraph\"><b><a href=\"https:\/\/www.corriere.it\/newsletter\/?theme=38&amp;intcmp=NL-artic_nd_050624_corriere_ss_bologna\" target=\"_blank\" rel=\"nofollow noopener\">Iscriviti alla newsletter del Corriere di Bologna<\/a><\/b><\/p>\n<p class=\"is-last-update\" datetime=\"2026-09-01T20:26:08+02:00\">1 settembre 2026 ( modifica il 1 settembre 2026 | 20:26)<\/p>\n<p class=\"is-copyright\">\n            \u00a9 RIPRODUZIONE RISERVATA\n        <\/p>\n","protected":false},"excerpt":{"rendered":"di Ludovica Brognoli La donna \u00e8 stata denunciata per fuga pericolosa e per guida sotto l&#8217;effetto di stupefacenti.&hellip;\n","protected":false},"author":3,"featured_media":660324,"comment_status":"","ping_status":"","sticky":false,"template":"","format":"standard","meta":{"footnotes":"","_share_on_mastodon":"0"},"categories":[6],"tags":[11328,4101,121001,12517,148373,13413,8642,586,30201,2225,15806,364155,14,168024,364156,1731,3880,364153,2242,364154,3453,8,1537,90,89,13417,7,15,82,9,83,10,3236,35430,13,1780,11,80,84,12,81,85,10556],"class_list":["post-660323","post","type-post","status-publish","format-standard","has-post-thumbnail","category-ultime-notizie","tag-altissimo","tag-autostrade","tag-autostrade-italia","tag-barberino","tag-barberino-mugello","tag-bloccata","tag-blocco","tag-bologna","tag-cannabis","tag-chilometri","tag-contromano","tag-contromano-barberino","tag-cronaca","tag-denunciata","tag-denunciata-fuga","tag-donna","tag-effetto","tag-effetto-stupefacenti","tag-fuga","tag-fuga-pericolosa","tag-guida","tag-headlines","tag-it","tag-italia","tag-italy","tag-marcia","tag-news","tag-notizie","tag-notizie-di-cronaca","tag-notizie-principali","tag-notiziedicronaca","tag-notizieprincipali","tag-pericolosa","tag-stupefacenti","tag-titoli","tag-traffico","tag-ultime-notizie","tag-ultime-notizie-di-cronaca","tag-ultime-notizie-e-news-di-oggi","tag-ultimenotizie","tag-ultimenotiziedicronaca","tag-ultimenotizieenewsdioggi","tag-veicolo"],"share_on_mastodon":{"url":"","error":"Validation failed: Text character limit of 500 exceeded"},"_links":{"self":[{"href":"https:\/\/www.europesays.com\/it\/wp-json\/wp\/v2\/posts\/660323","targetHints":{"allow":["GET"]}}],"collection":[{"href":"https:\/\/www.europesays.com\/it\/wp-json\/wp\/v2\/posts"}],"about":[{"href":"https:\/\/www.europesays.com\/it\/wp-json\/wp\/v2\/types\/post"}],"author":[{"embeddable":true,"href":"https:\/\/www.europesays.com\/it\/wp-json\/wp\/v2\/users\/3"}],"replies":[{"embeddable":true,"href":"https:\/\/www.europesays.com\/it\/wp-json\/wp\/v2\/comments?post=660323"}],"version-history":[{"count":0,"href":"https:\/\/www.europesays.com\/it\/wp-json\/wp\/v2\/posts\/660323\/revisions"}],"wp:featuredmedia":[{"embeddable":true,"href":"https:\/\/www.europesays.com\/it\/wp-json\/wp\/v2\/media\/660324"}],"wp:attachment":[{"href":"https:\/\/www.europesays.com\/it\/wp-json\/wp\/v2\/media?parent=660323"}],"wp:term":[{"taxonomy":"category","embeddable":true,"href":"https:\/\/www.europesays.com\/it\/wp-json\/wp\/v2\/categories?post=660323"},{"taxonomy":"post_tag","embeddable":true,"href":"https:\/\/www.europesays.com\/it\/wp-json\/wp\/v2\/tags?post=660323"}],"curies":[{"name":"wp","href":"https:\/\/api.w.org\/{rel}","templated":true}]}}