{"id":660349,"date":"2026-09-01T21:23:31","date_gmt":"2026-09-01T21:23:31","guid":{"rendered":"https:\/\/www.europesays.com\/it\/660349\/"},"modified":"2026-09-01T21:23:31","modified_gmt":"2026-09-01T21:23:31","slug":"porsche-911-gt3-bergsport-100-esemplari-nati-per-le-alpi-e-il-cambio-manuale-e-di-serie-news","status":"publish","type":"post","link":"https:\/\/www.europesays.com\/it\/660349\/","title":{"rendered":"Porsche 911 GT3 Bergsport: 100 esemplari nati per le Alpi, e il cambio manuale \u00e8 di serie &#8211; News"},"content":{"rendered":"<p>\n            Una Market Edition riservata a Italia, Svizzera, Austria e Francia, con un colore inedito, un badge dedicato e un debutto perfetto: la cronoscalata di Arosa.\n        <\/p>\n<p>              1 settembre 2026<\/p>\n<p>C&#8217;\u00e8 un filo che parte da una segheria di <strong>Gm\u00fcnd<\/strong> e arriva fino ai tornanti dello Stelvio. <a href=\"https:\/\/www.automoto.it\/news\/panamera-manuale-porsche-puo-davvero-farla-ma-chi-la-vuole.html\" rel=\"nofollow noopener\" target=\"_blank\"><strong>Porsche<\/strong><\/a> lo ha sempre saputo, e adesso lo mette nero su bianco con una serie speciale che non guarda alla pista ma alla montagna: la <strong><a href=\"https:\/\/www.automoto.it\/news\/porsche-flachbau-rs-il-muso-piatto-torna-dopo-40-anni-la-911-piu-estrema-di-sempre-e-un-esemplare-unico.html\" rel=\"nofollow noopener\" target=\"_blank\">911<\/a> GT3 Bergsport<\/strong>, costruita da <strong>Porsche Exclusive Manufaktur<\/strong> in soli <strong>100 esemplari<\/strong> e venduta esclusivamente nei quattro Paesi dell&#8217;arco alpino, Italia compresa.<\/p>\n<p>Non \u00e8 un&#8217;operazione nostalgia. La base \u00e8 la <strong>911 GT3 Touring<\/strong> dell&#8217;attuale generazione, quindi niente ala fissa e tutta l&#8217;attenzione concentrata su ci\u00f2 che conta davvero quando la strada inizia a salire: peso contenuto, sterzo chirurgico e un <strong>cambio manuale a sei rapporti<\/strong> che resta la scelta di riferimento. Chi preferisce il <strong>PDK<\/strong> pu\u00f2 averlo senza sovrapprezzo, dettaglio non banale in un listino Porsche.<\/p>\n<p>                            <img decoding=\"async\" class=\"img-fluid \" loading=\"lazy\" data-zoomable=\"\" src=\"https:\/\/cdn-img.automoto.it\/images\/51836972\/2000x\/porsche-911-gt3-bergsport.jpg?quality=75&amp;format=webp&amp;width=800\" data-zoom-src=\"https:\/\/www.europesays.com\/it\/wp-content\/uploads\/2026\/09\/porsche-911-gt3-bergsport.jpg\" width=\"1920\" height=\"1183\" alt=\"Porsche 911 GT3 Bergsport\"\/><\/p>\n<p>                    Porsche 911 GT3 Bergsport<\/p>\n<p>                                            Porsche<\/p>\n<p>            Prima mondiale ad Arosa, dove si sale sul serio<\/p>\n<p>Il palcoscenico scelto per il debutto \u00e8 la cronoscalata svizzera <strong>Arosa ClassicCar<\/strong>. Il <strong>3 settembre<\/strong> sar\u00e0 <strong>J\u00f6rg Bergmeister<\/strong>, ambasciatore del marchio, a portare la Bergsport lungo i <strong>7,3 chilometri<\/strong> del tracciato, <strong>76 curve<\/strong> e <strong>422 metri di dislivello<\/strong>. Difficile immaginare un contesto pi\u00f9 coerente per un&#8217;auto costruita attorno all&#8217;idea che il piacere di guida non si misuri in decimi sul cronometro, ma nella qualit\u00e0 del dialogo tra guidatore e vettura.<\/p>\n<p>                            <img decoding=\"async\" class=\"img-fluid \" loading=\"lazy\" data-zoomable=\"\" src=\"https:\/\/cdn-img.automoto.it\/images\/51836981\/2000x\/porsche-911-gt3-bergsport.jpg?quality=75&amp;format=webp&amp;width=800\" data-zoom-src=\"https:\/\/www.europesays.com\/it\/wp-content\/uploads\/2026\/09\/1788297805_14_porsche-911-gt3-bergsport.jpg\" width=\"1920\" height=\"1080\" alt=\"Il badge\"\/><\/p>\n<p>                    Il badge<\/p>\n<p>                                            Porsche<\/p>\n<p>            Valleygreenmetallic, il colore che imita la roccia e la neve<\/p>\n<p>La tinta \u00e8 stata sviluppata appositamente all&#8217;interno del programma <strong>Paint to Sample Plus<\/strong> e si chiama <strong>Valleygreenmetallic<\/strong>: verdi profondi e sfumature terrose, con particelle metalliche dorate che sotto il sole restituiscono lo stesso luccichio della neve fresca. Un colore che cambia carattere a seconda dell&#8217;ora del giorno, esattamente come i versanti che vuole citare.<\/p>\n<p>Sulla carrozzeria compaiono poi i <strong>fari LED Matrix HD<\/strong> oscurati e un motivo a <strong>bandiera a scacchi<\/strong> sul cofano anteriore, omaggio diretto alla <strong>908 Bergspyder<\/strong>. Sul montante centrale c&#8217;\u00e8 il badge <strong>GT3 Bergsport<\/strong>, mentre sulla griglia posteriore spicca un emblema circolare che racchiude l&#8217;intero racconto: quattro vette, una per ogni Paese alpino, e una strada a tornanti che ci si arrampica in mezzo.<\/p>\n<p>                            <img decoding=\"async\" class=\"img-fluid \" loading=\"lazy\" data-zoomable=\"\" src=\"https:\/\/cdn-img.automoto.it\/images\/51836977\/2000x\/porsche-911-gt3-bergsport.jpg?quality=75&amp;format=webp&amp;width=800\" data-zoom-src=\"https:\/\/www.europesays.com\/it\/wp-content\/uploads\/2026\/09\/1788297806_616_porsche-911-gt3-bergsport.jpg\" width=\"1920\" height=\"1080\" alt=\"Porsche 911 GT3 Bergsport su una strada alpina\"\/><\/p>\n<p>                    Porsche 911 GT3 Bergsport su una strada alpina<\/p>\n<p>                                            Porsche<\/p>\n<p>            Leggerezza s\u00ec, ma con i cerchi giusti<\/p>\n<p>Qui arriva la scelta tecnica pi\u00f9 interessante. Il <strong>Pacchetto alleggerito<\/strong> \u00e8 presente, ma i consueti cerchi in <strong>magnesio forgiato<\/strong> lasciano il posto a ruote in <strong>alluminio forgiato<\/strong>, pi\u00f9 robuste e quindi pi\u00f9 adatte a un fondo stradale che in quota raramente \u00e8 perfetto. Sono verniciate <strong>White Gold<\/strong> e <strong>Ceramica<\/strong> con finitura satinata, a incorniciare pinze freno arancioni che citano l&#8217;<strong>alpenglow<\/strong>, il bagliore che accende le cime all&#8217;alba e al tramonto.<\/p>\n<p>Completano il quadro il <strong>sollevatore dell&#8217;asse anteriore<\/strong>, prezioso su rampe ripide e dossi, e il <strong>serbatoio da 90 litri<\/strong> che allunga sensibilmente il raggio d&#8217;azione tra un passo e l&#8217;altro.<\/p>\n<p>                            <img decoding=\"async\" class=\"img-fluid \" loading=\"lazy\" data-zoomable=\"\" src=\"https:\/\/cdn-img.automoto.it\/images\/51837032\/2000x\/porsche-911-gt3-bergsport.jpg?quality=75&amp;format=webp&amp;width=800\" data-zoom-src=\"https:\/\/www.europesays.com\/it\/wp-content\/uploads\/2026\/09\/1788297808_721_porsche-911-gt3-bergsport.jpg\" width=\"1920\" height=\"1079\" alt=\"Porsche 911 GT3 Bergsport di profilo\"\/><\/p>\n<p>                    Porsche 911 GT3 Bergsport di profilo<\/p>\n<p>                                            Porsche<\/p>\n<p>            Un abitacolo che racconta la stessa storia<\/p>\n<p>Dentro, il tema prosegue senza cedimenti. I <strong>sedili sportivi a guscio<\/strong> alleggeriti, con schienale in <strong>fibra di carbonio<\/strong> e schienale abbattibile, sono rivestiti in pelle <strong>Valleygreen<\/strong>, e nonostante l&#8217;impostazione radicale restano al loro posto i sedili posteriori. Le impunture arancioni e la scritta <strong>GT3<\/strong> ricamata sui poggiatesta riportano ovunque il tema dell&#8217;alpenglow, che ritorna anche sull&#8217;interruttore di avviamento, sul pedale dell&#8217;acceleratore, sul riferimento a ore 12 del volante, sullo schema del cambio e nel <strong>Pacchetto Sport Chrono<\/strong> con orologio <strong>GT Porsche Design<\/strong>.<\/p>\n<p>Il tocco pi\u00f9 raffinato \u00e8 per\u00f2 nelle cuciture di portiere e plancia: fili bianchi e neri alternati a punto croce che disegnano profili stilizzati di montagne. A corredo, il <strong>Pacchetto Light Design<\/strong> e l&#8217;impianto audio <strong>BOSE Surround Sound<\/strong>.<\/p>\n<p>                                        <img decoding=\"async\" class=\"img-fluid\" alt=\"\" loading=\"lazy\" src=\"https:\/\/www.europesays.com\/it\/wp-content\/uploads\/2026\/09\/1788297808_98_porsche-911-gt3-bergsport.jpg\" width=\"1920\" height=\"1079\"\/><\/p>\n<p>                        Abitacolo Porsche 911 GT3 Bergsport<\/p>\n<p>                                                    Porsche<\/p>\n<p>                                        <img decoding=\"async\" class=\"img-fluid\" alt=\"\" loading=\"lazy\" src=\"https:\/\/www.europesays.com\/it\/wp-content\/uploads\/2026\/09\/1788297809_916_porsche-911-gt3-bergsport.jpg\" width=\"1920\" height=\"1080\"\/><\/p>\n<p>                        Cambio rigorosamente manuale<\/p>\n<p>            Le Alpi non sono uno scenario, sono un banco di prova<\/p>\n<p>La cura arriva fino alla chiave, alla sua custodia in pelle e alla cartellina porta documenti, tutte realizzate nella palette dedicata. Cento auto, quattro Paesi, un&#8217;idea sola: che le Alpi, per Porsche, non siano mai state un semplice scenario ma un banco di prova. E che una 911 costruita per affrontarle abbia ancora senso, soprattutto con tre pedali.<\/p>\n<p>            Porsche 911 GT3 Bergsport: 100 esemplari nati per le Alpi, e il cambio manuale \u00e8 di serie<\/p>\n<p>                    <a class=\"aimg-link app-gallery-opener\" data-index=\"0\" href=\"#\" aria-label=\"Apri gallery\"><\/p>\n<p>                        <img decoding=\"async\" class=\"img-fluid\" alt=\"\" loading=\"lazy\" src=\"https:\/\/www.europesays.com\/it\/wp-content\/uploads\/2026\/09\/1788297810_835_porsche-911-gt3-bergsport.jpg\" width=\"1920\" height=\"1079\"\/><\/p>\n<p>                                            <\/a><\/p>\n<p>                    <a class=\"aimg-link app-gallery-opener\" data-index=\"1\" href=\"#\" aria-label=\"Apri gallery\"><\/p>\n<p>                        <img decoding=\"async\" class=\"img-fluid\" alt=\"\" loading=\"lazy\" src=\"https:\/\/www.europesays.com\/it\/wp-content\/uploads\/2026\/09\/1788297811_703_porsche-911-gt3-bergsport.jpg\" width=\"1920\" height=\"1080\"\/><\/p>\n<p>                                            <\/a><\/p>\n","protected":false},"excerpt":{"rendered":"Una Market Edition riservata a Italia, Svizzera, Austria e Francia, con un colore inedito, un badge dedicato e&hellip;\n","protected":false},"author":3,"featured_media":660350,"comment_status":"","ping_status":"","sticky":false,"template":"","format":"standard","meta":{"footnotes":"","_share_on_mastodon":"0"},"categories":[173],"tags":[249124,2765,120374,90342,1537,90,89,7,6243,195,198,199,197,200,201,245,26281,194,196],"class_list":["post-660349","post","type-post","status-publish","format-standard","has-post-thumbnail","category-scienza-e-tecnologia","tag-249124","tag-auto","tag-edizione-limitata","tag-gt3","tag-it","tag-italia","tag-italy","tag-news","tag-porsche","tag-science","tag-science-and-technology","tag-scienceandtechnology","tag-scienza","tag-scienza-e-tecnologia","tag-scienzaetecnologia","tag-sport","tag-supercar","tag-technology","tag-tecnologia"],"share_on_mastodon":{"url":"https:\/\/pubeurope.com\/@it\/117197893694284477","error":""},"_links":{"self":[{"href":"https:\/\/www.europesays.com\/it\/wp-json\/wp\/v2\/posts\/660349","targetHints":{"allow":["GET"]}}],"collection":[{"href":"https:\/\/www.europesays.com\/it\/wp-json\/wp\/v2\/posts"}],"about":[{"href":"https:\/\/www.europesays.com\/it\/wp-json\/wp\/v2\/types\/post"}],"author":[{"embeddable":true,"href":"https:\/\/www.europesays.com\/it\/wp-json\/wp\/v2\/users\/3"}],"replies":[{"embeddable":true,"href":"https:\/\/www.europesays.com\/it\/wp-json\/wp\/v2\/comments?post=660349"}],"version-history":[{"count":0,"href":"https:\/\/www.europesays.com\/it\/wp-json\/wp\/v2\/posts\/660349\/revisions"}],"wp:featuredmedia":[{"embeddable":true,"href":"https:\/\/www.europesays.com\/it\/wp-json\/wp\/v2\/media\/660350"}],"wp:attachment":[{"href":"https:\/\/www.europesays.com\/it\/wp-json\/wp\/v2\/media?parent=660349"}],"wp:term":[{"taxonomy":"category","embeddable":true,"href":"https:\/\/www.europesays.com\/it\/wp-json\/wp\/v2\/categories?post=660349"},{"taxonomy":"post_tag","embeddable":true,"href":"https:\/\/www.europesays.com\/it\/wp-json\/wp\/v2\/tags?post=660349"}],"curies":[{"name":"wp","href":"https:\/\/api.w.org\/{rel}","templated":true}]}}