{"id":660382,"date":"2026-09-01T21:50:19","date_gmt":"2026-09-01T21:50:19","guid":{"rendered":"https:\/\/www.europesays.com\/it\/660382\/"},"modified":"2026-09-01T21:50:19","modified_gmt":"2026-09-01T21:50:19","slug":"il-razzo-che-attraversa-il-sole-lo-scatto-perfetto-del-falcon-heavy-con-il-telescopio-nancy-roman","status":"publish","type":"post","link":"https:\/\/www.europesays.com\/it\/660382\/","title":{"rendered":"Il razzo che attraversa il Sole: lo scatto perfetto del Falcon Heavy con il telescopio Nancy Roman"},"content":{"rendered":"<p class=\"summary-art is-normal-b-light\">Dietro l&#8217;immagine, realizzata da Josh Dinner di Space.com poco dopo il decollo dalla Florida ci sono calcoli, preparazione e una finestra di appena una frazione di secondo<\/p>\n<p class=\"chapter-paragraph\">L&#8217;immagine \u00e8 spettacolare e l&#8217;intelligenza artificiale non c&#8217;entra niente.\u00a0 La fotografia mostra il razzo Falcon Heavy di SpaceX mentre attraversa il disco del Sole<a href=\"\">, con a bordo il telescopio spaziale Nancy Grace Roman della Nasa<\/a>, lanciato il 30 agosto dal Kennedy Space Center in Florida.<\/p>\n<p class=\"chapter-paragraph\">A realizzare lo scatto \u00e8 stato Josh Dinner, giornalista e fotografo di <a href=\"https:\/\/www.space.com\/space-exploration\/launches-spacecraft\/no-guts-no-glory-how-i-captured-nasas-roman-space-telescope-cross-the-sun-on-a-picture-perfect-spacex-falcon-heavy-launch\" rel=\"nofollow noreferrer noopener\" target=\"_blank\">Space.com<\/a>, che per riuscirci ha dovuto rinunciare alla posizione privilegiata riservata alla stampa al Kennedy Space Center e correre in auto fino a un parcheggio di Hobby Lobby catena americana del fai da te, a Titusville, a circa 19 chilometri dalla rampa di lancio: \u00e8 da quel punto che la traiettoria del Falcon Heavy si sarebbe allineata con il Sole.    &#13;<br \/>\n&#13;<br \/>\n&#13;<br \/>\n&#13;<br \/>\n&#13;<br \/>\n&#13;<br \/>\n&#13;<br \/>\n&#13;<br \/>\n&#13;<br \/>\n&#13;<br \/>\n&#13;<br \/>\n&#13;<br \/>\n&#13;<br \/>\n&#13;<br \/>\n&#13;<br \/>\n&#13;<br \/>\n&#13;<br \/>\n&#13;<br \/>\n&#13;<br \/>\n&#13;<br \/>\n&#13;<br \/>\n&#13;<br \/>\n&#13;<br \/>\n&#13;<br \/>\n&#13;<br \/>\n&#13;<br \/>\n&#13;<br \/>\n&#13;<br \/>\n&#13;<br \/>\n&#13;<br \/>\n&#13;<br \/>\n&#13;<br \/>\n&#13;<br \/>\n&#13;<br \/>\n&#13;<br \/>\n&#13;<br \/>\n&#13;<br \/>\n&#13;<br \/>\n&#13;<br \/>\n&#13;<br \/>\n&#13;<br \/>\n&#13;<br \/>\n&#13;<br \/>\n&#13;<br \/>\n&#13;<br \/>\n&#13;<br \/>\n&#13;<br \/>\n&#13;<br \/>\n&#13;<br \/>\n&#13;<br \/>\n&#13;<br \/>\n&#13;<br \/>\n&#13;\n<\/p>\n<p class=\"chapter-paragraph\">Non c&#8217;era la certezza che l&#8217;allineamento si sarebbe realizzato. Il lancio era programmato per le\u00a0 7:26 locali, (le 13,26 in Italia) di domenica 30. Anche con una manciata di minuti di ritardo il Sole non si sarebbe pi\u00f9 trovato nella stessa posizione e la fotografia sarebbe stata impossibile. Inoltre, fino a pochi minuti prima del decollo, alcune nuvole minacciavano di coprire la scena. Alla fine \u00e8 andato tutto bene, l&#8217;orario \u00e8 stato rispettato, il cielo \u00e8 rimasto sereno: il passaggio davanti al Sole \u00e8 durato una frazione di secondo e il risultato \u00e8 l&#8217;incredibile scatto.<\/p>\n<p class=\"chapter-paragraph\">Dinner ha utilizzato una Canon R5 Mark II con un teleobiettivo 100-400 mm e un filtro solare.\u00a0 Ha impostato un tempo di esposizione di 1\/20.000 di secondo e il diaframma a f\/16. Quando il Falcon Heavy \u00e8 decollato, non ha nemmeno avuto il tempo di seguirlo con gli occhi: pochi secondi dopo il razzo ha attraversato il disco solare e lui ha semplicemente tenuto premuto il pulsante di scatto.<\/p>\n<p>Per non perdere le ultime novit\u00e0 su tecnologia e innovazione<br \/>iscriviti alla <a href=\"https:\/\/www.corriere.it\/newsletter\/?id=53\" style=\"text-decoration: underline;\" rel=\"nofollow noopener\" target=\"_blank\">newsletter di Login<\/a><\/p>\n<p class=\"is-last-update\" datetime=\"2026-09-01T16:09:45+02:00\">1 settembre 2026<\/p>\n<p class=\"is-copyright\">\n            \u00a9 RIPRODUZIONE RISERVATA\n        <\/p>\n","protected":false},"excerpt":{"rendered":"Dietro l&#8217;immagine, realizzata da Josh Dinner di Space.com poco dopo il decollo dalla Florida ci sono calcoli, preparazione&hellip;\n","protected":false},"author":3,"featured_media":660383,"comment_status":"","ping_status":"","sticky":false,"template":"","format":"standard","meta":{"footnotes":"","_share_on_mastodon":"0"},"categories":[173],"tags":[13292,23000,555,9286,321766,9798,124206,364191,9275,4663,2241,2934,6852,1537,90,89,12665,21876,195,198,199,197,200,201,360,45265,194,196],"class_list":["post-660382","post","type-post","status-publish","format-standard","has-post-thumbnail","category-scienza-e-tecnologia","tag-attraversa","tag-center","tag-com","tag-decollo","tag-dinner","tag-disco","tag-falcon","tag-falcon-heavy","tag-florida","tag-fotografia","tag-frazione","tag-heavy","tag-immagine","tag-it","tag-italia","tag-italy","tag-razzo","tag-scatto","tag-science","tag-science-and-technology","tag-scienceandtechnology","tag-scienza","tag-scienza-e-tecnologia","tag-scienzaetecnologia","tag-sole","tag-space","tag-technology","tag-tecnologia"],"share_on_mastodon":{"url":"https:\/\/pubeurope.com\/@it\/117197997934804286","error":""},"_links":{"self":[{"href":"https:\/\/www.europesays.com\/it\/wp-json\/wp\/v2\/posts\/660382","targetHints":{"allow":["GET"]}}],"collection":[{"href":"https:\/\/www.europesays.com\/it\/wp-json\/wp\/v2\/posts"}],"about":[{"href":"https:\/\/www.europesays.com\/it\/wp-json\/wp\/v2\/types\/post"}],"author":[{"embeddable":true,"href":"https:\/\/www.europesays.com\/it\/wp-json\/wp\/v2\/users\/3"}],"replies":[{"embeddable":true,"href":"https:\/\/www.europesays.com\/it\/wp-json\/wp\/v2\/comments?post=660382"}],"version-history":[{"count":0,"href":"https:\/\/www.europesays.com\/it\/wp-json\/wp\/v2\/posts\/660382\/revisions"}],"wp:featuredmedia":[{"embeddable":true,"href":"https:\/\/www.europesays.com\/it\/wp-json\/wp\/v2\/media\/660383"}],"wp:attachment":[{"href":"https:\/\/www.europesays.com\/it\/wp-json\/wp\/v2\/media?parent=660382"}],"wp:term":[{"taxonomy":"category","embeddable":true,"href":"https:\/\/www.europesays.com\/it\/wp-json\/wp\/v2\/categories?post=660382"},{"taxonomy":"post_tag","embeddable":true,"href":"https:\/\/www.europesays.com\/it\/wp-json\/wp\/v2\/tags?post=660382"}],"curies":[{"name":"wp","href":"https:\/\/api.w.org\/{rel}","templated":true}]}}