{"id":660409,"date":"2026-09-01T22:14:23","date_gmt":"2026-09-01T22:14:23","guid":{"rendered":"https:\/\/www.europesays.com\/it\/660409\/"},"modified":"2026-09-01T22:14:23","modified_gmt":"2026-09-01T22:14:23","slug":"coppa-italia-la-cremonese-elimina-il-parma-affrontera-il-como-agli-ottavi","status":"publish","type":"post","link":"https:\/\/www.europesays.com\/it\/660409\/","title":{"rendered":"Coppa Italia, la Cremonese elimina il Parma: affronter\u00e0 il Como agli ottavi"},"content":{"rendered":"<p>                                Al Tardini i grigiorossi di Giampaolo approfittano al meglio delle difficolt\u00e0 dei ducali e raggiungono gli ottavi di finale grazie alle reti di Lottici Tessadri e Licina<\/p>\n<p class=\"paragraph\" spellcheck=\"true\">Al Tardini, anzich\u00e9 giocare a calcio, i ragazzi di Carlos Cuesta mettono in scena il Parma Horror Picture Show, tra la sorpresa del pubblico che non gradisce l&#8217;idea. La Cremonese ringrazia, affonda il coltello nella burrosissima difesa giallobl\u00f9, segna due gol nel primo tempo, li difende con ordine nella ripresa e guadagna meritatamente il passaggio del turno in Coppa Italia.  Dopo due sconfitte in campionato, che avevano acceso qualche campanello d&#8217;allarme, \u00e8 un risultato importante per la squadra di Giampaolo che domina, dimostra di essere ben organizzata e con chiari principi tattici. Il classico 4-2-3-1 disegnato dai grigiorossi \u00e8 tanto elementare quanto efficace, anche perch\u00e9 supportato da un pressing costante e piuttosto offensivo. La linee tra i reparti sono sempre strette, come da manuale, le diagonali vengono eseguite puntualmente e i raddoppi di marcatura sono fatti secondo i giusti tempi e i giusti criteri. E infatti, dopo soli 5 minuti la Cremonese passa con una percussione centrale di Lottici Tessadri che trova davanti a s\u00e9 un&#8217;autostrada e la percorre in velocit\u00e0 e piazzando un tiro sul quale Daffara non pu\u00f2 fare nulla. Il raddoppio di Licina \u00e8 un pezzo di bravura assoluto dell&#8217;esterno che, in piena area avversaria, triangola con Berti e piazza un colpo sotto al pallone in perfetto stile Messi.  Il Parma \u00e8 semplicemente imbarazzante e, poich\u00e9 questa \u00e8 la terza sconfitta consecutiva <a href=\"https:\/\/www.gazzetta.it\/Calcio\/Serie-A\/Juventus\/29-08-2026\/juve-parma-live-risultato-e-gol-in-diretta-serie-a.shtml?intcmp=hyperlink-articolo-gazit\" target=\"_blank\" rel=\"nofollow noopener\">dopo le due in campionato<\/a>, forse \u00e8 il caso di fermarsi a ragionare e chiedersi che cosa sta succedendo a una squadra che ha iniziato la stagione con l&#8217;ambizione di migliorare, sia a livello estetico sia a livello di punteggio, ci\u00f2 che ha fatto in passato. Non \u00e8 un problema di moduli, di difesa a cinque e di difesa a quattro: al Parma, perlomeno quello visto contro la Cremonese, manca la cosa fondamentale, e cio\u00e8 l&#8217;anima. Il sangue della squadra non \u00e8 bollente come dovrebbe, molti elementi sembrano giocare in modo presuntuoso, altri sono pesci fuor d&#8217;acqua perch\u00e9 sbarcati da poco. L&#8217;impressione \u00e8 che ci sia bisogno di resettare tutto.\u00a0<\/p>\n<p>        preoccupazioni\u00a0\u2014 \u00a0<\/p>\n<p class=\"paragraph\" spellcheck=\"true\">Dovr\u00e0 lavorare parecchio Cuesta per dare uno stile e un&#8217;identit\u00e0 alla squadra, e anche l&#8217;a.d. Cherubini avr\u00e0 il suo da fare per far capire a certi ragazzi che cosa significa indossare la maglia del Parma. Il pubblico, al termine del primo tempo e al fischio finale, ha provato a scuoterli con il solito coro: &#8220;Vogliamo undici leoni&#8221;. E, a corredo del coro, i soliti fischi di disappunto, di tristezza e, forse, anche di preoccupazione. Domenica al Tardini arriva il Monza, e sar\u00e0 una sfida delicatissima in ottica salvezza.  Contro la Cremonese non c&#8217;\u00e8 un solo istante da conservare in senso positivo. Nel primo tempo, l&#8217;unico a provarci \u00e8 stato Frigan, mentre nella ripresa il pi\u00f9 vivace \u00e8 parso il neoacquisto Romero. Il problema vero \u00e8 che il Parma non \u00e8 una squadra: sono semplicemente undici giocatori che vagano per il campo. Ogni timore per la stagione appena iniziata \u00e8 pi\u00f9 che giusticato.<\/p>\n","protected":false},"excerpt":{"rendered":"Al Tardini i grigiorossi di Giampaolo approfittano al meglio delle difficolt\u00e0 dei ducali e raggiungono gli ottavi di&hellip;\n","protected":false},"author":3,"featured_media":660410,"comment_status":"","ping_status":"","sticky":false,"template":"","format":"standard","meta":{"footnotes":"","_share_on_mastodon":"0"},"categories":[176],"tags":[30220,364201,7678,1856,4297,5006,40227,6297,44234,767,1426,67486,1889,5209,77074,1537,90,89,329086,6110,364198,364199,6301,1885,179,1699,13783,13243,245,244,1857,577,1581,89453,364200,4707],"class_list":["post-660409","post","type-post","status-publish","format-standard","has-post-thumbnail","category-sport","tag-acceso","tag-acceso-campanello","tag-anima","tag-campionato","tag-coppa","tag-coppa-italia","tag-coro","tag-cremonese","tag-cuesta","tag-difesa","tag-finale","tag-giampaolo","tag-giocare","tag-giusti","tag-grigiorossi","tag-it","tag-italia","tag-italy","tag-licina","tag-livello","tag-lottici","tag-lottici-tessadri","tag-parma","tag-problema","tag-pubblico","tag-ragazzi","tag-ripresa","tag-semplicemente","tag-sport","tag-sports","tag-squadra","tag-stagione","tag-stile","tag-tardini","tag-tessadri","tag-undici"],"share_on_mastodon":{"url":"https:\/\/pubeurope.com\/@it\/117198092217949426","error":""},"_links":{"self":[{"href":"https:\/\/www.europesays.com\/it\/wp-json\/wp\/v2\/posts\/660409","targetHints":{"allow":["GET"]}}],"collection":[{"href":"https:\/\/www.europesays.com\/it\/wp-json\/wp\/v2\/posts"}],"about":[{"href":"https:\/\/www.europesays.com\/it\/wp-json\/wp\/v2\/types\/post"}],"author":[{"embeddable":true,"href":"https:\/\/www.europesays.com\/it\/wp-json\/wp\/v2\/users\/3"}],"replies":[{"embeddable":true,"href":"https:\/\/www.europesays.com\/it\/wp-json\/wp\/v2\/comments?post=660409"}],"version-history":[{"count":0,"href":"https:\/\/www.europesays.com\/it\/wp-json\/wp\/v2\/posts\/660409\/revisions"}],"wp:featuredmedia":[{"embeddable":true,"href":"https:\/\/www.europesays.com\/it\/wp-json\/wp\/v2\/media\/660410"}],"wp:attachment":[{"href":"https:\/\/www.europesays.com\/it\/wp-json\/wp\/v2\/media?parent=660409"}],"wp:term":[{"taxonomy":"category","embeddable":true,"href":"https:\/\/www.europesays.com\/it\/wp-json\/wp\/v2\/categories?post=660409"},{"taxonomy":"post_tag","embeddable":true,"href":"https:\/\/www.europesays.com\/it\/wp-json\/wp\/v2\/tags?post=660409"}],"curies":[{"name":"wp","href":"https:\/\/api.w.org\/{rel}","templated":true}]}}