{"id":660451,"date":"2026-09-01T22:47:20","date_gmt":"2026-09-01T22:47:20","guid":{"rendered":"https:\/\/www.europesays.com\/it\/660451\/"},"modified":"2026-09-01T22:47:20","modified_gmt":"2026-09-01T22:47:20","slug":"nubi-gigantesche-e-fulmini-allorizzonte-il-mega-temporale-avvistato-in-mezza-toscana-sembra-un-drago","status":"publish","type":"post","link":"https:\/\/www.europesays.com\/it\/660451\/","title":{"rendered":"Nubi gigantesche e fulmini all\u2019orizzonte, il mega temporale avvistato in mezza Toscana: \u201cSembra un drago\u201d"},"content":{"rendered":"<p>Firenze, 2 settembre 2026 \u2013\u00a0Un gigantesco fronte perturbato all\u2019orizzonte, nubi altissime che qualcuno, sui social, ha paragonato a \u201cun drago\u201d. <strong>E\u2019 un temporale che si \u00e8 scatenato nella serata di oggi,<\/strong> marted\u00ec\u00a01 settembre, nel Parmense, ma le nuvole e i fulmini erano chiaramente visibili anche dalla Toscana, tant\u2019\u00e8 che qualcuno ha ipotizzato che i nubifragi si stessero abbattendo <strong><a rel=\"follow nofollow noopener\" href=\"https:\/\/www.lanazione.it\/viareggio\/cronaca\/lestate-amara-della-versilia-meno-italiani-e-mini-vacanze-ci-salvano-solo-gli-stranieri-b6pcw4e7\" target=\"_blank\">da qualche parte sull\u2019Appennino.<\/a> <\/strong>Numerosi video hanno iniziato a circolare sui social su pagine specializzate come <strong>Centro Meteo Toscana <\/strong>o gruppi di appassionati come<strong> Passione Meteo Empolese Valdelsa <\/strong>dove le persone allarmate chiedevano info e spiegazioni, ma le province del Granducato, almeno per adesso, sembrano al riparo. Il temporale si \u00e8 esaurito nel giro di qualche ora ed ha toccato soltanto alcune zone della provincia di Parma, in Emilia Romagna,\u00a0ma lo spettacolo che ha regalato dalle nostre parti \u00e8 stato unico.<\/p>\n<p> <img alt=\"Nubi gigantesche e fulmini all\u2019orizzonte, il mega temporale avvistato in mezza Toscana: \u201cSembra un drago\u201d\" loading=\"lazy\" width=\"762\" height=\"429\" decoding=\"async\" data-nimg=\"1\" style=\"color:transparent\"  src=\"https:\/\/www.europesays.com\/it\/wp-content\/uploads\/2026\/09\/xb33ws2.jpeg\"\/> <\/p>\n<p>Le previsioni per i prossimi giorni <\/p>\n<p>Dopo la bella giornata di oggi\u00a0il sole sar\u00e0 protagonista su buona parte della Toscana anche domani mattina, mercoled\u00ec 2 settembre, ma nelle ore pomeridiane torner\u00e0 <a rel=\"follow nofollow noopener\" href=\"https:\/\/www.lanazione.it\/siena\/cronaca\/alluvione-a-badesse-ho-diritto-687fb372\" target=\"_blank\"><strong>un po\u2019 di instabilit\u00e0 lungo l\u2019Appennino<\/strong>. <\/a>Saranno possibili brevi rovesci o temporali, ancora una volta isolati e concentrati soprattutto nelle zone montuose. Le temperature registreranno una lieve diminuzione, mentre <strong>i venti soffieranno deboli o moderat<\/strong>i da ovest e nord-ovest.<\/p>\n<p> <img alt=\"Il temporale sul Parmense visto dalla Toscana\" loading=\"lazy\" width=\"1600\" height=\"900\" decoding=\"async\" data-nimg=\"1\" style=\"color:transparent;max-width:100%;height:auto\"   src=\"https:\/\/www.europesays.com\/it\/wp-content\/uploads\/2026\/09\/il-temporale-sul-parmense-visto-dalla-toscana.webp\"\/><\/p>\n<p>Il temporale sul Parmense visto dalla Toscana<\/p>\n<p>Torna il caldo <\/p>\n<p>Da gioved\u00ec l\u2019alta pressione torner\u00e0 a rafforzarsi sul Centro-Nord e anche in Toscana il tempo diventer\u00e0 pi\u00f9 stabile. Il cielo sar\u00e0 sereno o poco nuvoloso, <strong>salvo qualche nube bassa <\/strong>nelle prime ore del mattino sul Valdarno medio e inferiore. Le temperature massime torneranno a salire e potranno raggiungere i 33-35 gradi nelle zone di pianura. Il caldo sar\u00e0 comunque accompagnato da tassi di umidit\u00e0 relativamente contenuti.\u00a0La fase pi\u00f9 calda inizier\u00e0 da venerd\u00ec, quando l\u2019anticiclone subtropicale tender\u00e0 a consolidarsi ulteriormente sul Mediterraneo. In Toscana \u00e8 atteso cielo sereno e le massime potranno gi\u00e0 spingersi fino a 35-36 gradi in pianura. Ma il picco<a rel=\"follow nofollow noopener\" href=\"https:\/\/www.lanazione.it\/cronaca\/temporale-notte-toscana-bazrinxo\" target=\"_blank\"> <strong>potrebbe arrivare nei giorni immediatamente successivi.<\/strong> <\/a>Le proiezioni indicano infatti una possibile ondata di calore tra il 4 e il 9 settembre, con temperature massime fino a 36-37 gradi nelle aree interne. Valori particolarmente elevati per l\u2019inizio del mese.<\/p>\n","protected":false},"excerpt":{"rendered":"Firenze, 2 settembre 2026 \u2013\u00a0Un gigantesco fronte perturbato all\u2019orizzonte, nubi altissime che qualcuno, sui social, ha paragonato a&hellip;\n","protected":false},"author":3,"featured_media":660452,"comment_status":"","ping_status":"","sticky":false,"template":"","format":"standard","meta":{"footnotes":"","_share_on_mastodon":"0"},"categories":[79],"tags":[16440,14,93,94,22357,221904,1537,90,89,21392,42178,7,15,28725,10820,10124,11922,11,84,91,12,85,92],"class_list":["post-660451","post","type-post","status-publish","format-standard","has-post-thumbnail","category-italia","tag-avvistato","tag-cronaca","tag-cronaca-italiana","tag-cronacaitaliana","tag-fulmini","tag-gigantesche","tag-it","tag-italia","tag-italy","tag-mega","tag-mezza","tag-news","tag-notizie","tag-nubi","tag-orizzonte","tag-temporale","tag-toscana","tag-ultime-notizie","tag-ultime-notizie-e-news-di-oggi","tag-ultime-notizie-italia","tag-ultimenotizie","tag-ultimenotizieenewsdioggi","tag-ultimenotizieitalia"],"share_on_mastodon":{"url":"https:\/\/pubeurope.com\/@it\/117198221842509136","error":""},"_links":{"self":[{"href":"https:\/\/www.europesays.com\/it\/wp-json\/wp\/v2\/posts\/660451","targetHints":{"allow":["GET"]}}],"collection":[{"href":"https:\/\/www.europesays.com\/it\/wp-json\/wp\/v2\/posts"}],"about":[{"href":"https:\/\/www.europesays.com\/it\/wp-json\/wp\/v2\/types\/post"}],"author":[{"embeddable":true,"href":"https:\/\/www.europesays.com\/it\/wp-json\/wp\/v2\/users\/3"}],"replies":[{"embeddable":true,"href":"https:\/\/www.europesays.com\/it\/wp-json\/wp\/v2\/comments?post=660451"}],"version-history":[{"count":0,"href":"https:\/\/www.europesays.com\/it\/wp-json\/wp\/v2\/posts\/660451\/revisions"}],"wp:featuredmedia":[{"embeddable":true,"href":"https:\/\/www.europesays.com\/it\/wp-json\/wp\/v2\/media\/660452"}],"wp:attachment":[{"href":"https:\/\/www.europesays.com\/it\/wp-json\/wp\/v2\/media?parent=660451"}],"wp:term":[{"taxonomy":"category","embeddable":true,"href":"https:\/\/www.europesays.com\/it\/wp-json\/wp\/v2\/categories?post=660451"},{"taxonomy":"post_tag","embeddable":true,"href":"https:\/\/www.europesays.com\/it\/wp-json\/wp\/v2\/tags?post=660451"}],"curies":[{"name":"wp","href":"https:\/\/api.w.org\/{rel}","templated":true}]}}