{"id":660455,"date":"2026-09-01T22:54:25","date_gmt":"2026-09-01T22:54:25","guid":{"rendered":"https:\/\/www.europesays.com\/it\/660455\/"},"modified":"2026-09-01T22:54:25","modified_gmt":"2026-09-01T22:54:25","slug":"bovolenta-la-mancata-convocazione-per-leuropeo-mi-dispiace-ma-adesso-sono-concentrato-su-piacenza-video","status":"publish","type":"post","link":"https:\/\/www.europesays.com\/it\/660455\/","title":{"rendered":"Bovolenta: \u00abLa mancata convocazione per l&#8217;Europeo? Mi dispiace, ma adesso sono concentrato su Piacenza\u00bb. VIDEO"},"content":{"rendered":"<p>Alessandro Bovolenta lascia l\u2019azzurro indossato per tutta l\u2019estate in giro per il mondo e torna a vestire il biancorosso. Al PalabancaSport lo attendono i suoi compagni, vecchi e nuovi, e uno staff tecnico che conosce molto bene. L\u2019opposto della Gas Sales Bluenergy si aggrega al gruppo dopo una breve vacanza e da questo pomeriggio si allena agli ordini di Dante Boninfante.<\/p>\n<p><strong>Torni a Piacenza dopo un\u2019ottima avventura con l\u2019Italia, con cui hai disputato tutte le tappe di Vnl. Un po\u2019 deluso dal fatto di non essere riuscito a entrare nel gruppo che prender\u00e0 parte agli Europei?<\/strong><\/p>\n<p>\u00abUn pochino s\u00ec perch\u00e9 dopo un periodo cos\u00ec lungo in azzurro c\u2019era la rassegna continentale in casa, manifestazione a cui avevo gi\u00e0 partecipato: riuscire a farlo di nuovo sarebbe stato un sogno. Un po\u2019 di delusione c\u2019\u00e8 ma sono contento di iniziare nuovamente con la Gas Sales Bluenergy. In questo momento c\u2019\u00e8 tanta felicit\u00e0\u00bb.<\/p>\n<p><strong>Tuo malgrado sei stato protagonista anche di un piccolo caso quando sei stato inserito nel gruppo per i Giochi del Mediterraneo prima dell\u2019intervento ufficiale di De Giorgi con il quale in quel momento ti stavi allenando.<\/strong><\/p>\n<p>\u00abC\u2019\u00e8 stato un po\u2019 di caos, ma ne sono uscito bene e credo ne sia uscita bene anche la nazionale che ha conquistato una bella medaglia di bronzo. Sono contento per loro\u00bb.<\/p>\n<p><strong>Adesso torni a Piacenza in una stagione particolare. Lo scorso anno eri la sorpresa, adesso ti devi confermare e non sar\u00e0 semplice dopo l\u2019ottima ultima annata.<\/strong><\/p>\n<p>\u00abCome dice mio nonno il difficile \u00e8 confermarsi. Il mio obiettivo \u00e8 lo stesso di sempre, riuscire a dare continuit\u00e0 al mio gioco e al gruppo Gas Sales Bluenergy che ogni anno cambia ma ha sempre aspettative importanti. Voglio giocare al massimo\u00bb.<\/p>\n<p><strong>Anche perch\u00e9 migliorare i risultati dell\u2019ultima stagione non sar\u00e0 semplice.<\/strong><\/p>\n<p>\u00abEsatto. Bisogna restare umili, concentrandoci partita dopo partita su quello che sar\u00e0 il nostro obiettivo pi\u00f9 importante. Adesso pensiamo alla preparazione poi proviamo a vincere gara dopo gara\u00bb.<\/p>\n<p><strong>Il direttore De Nicolo ha detto che tu e altri biancorossi siete molto coinvolti nel progetto, lo avete chiamato in estate per avere notizie sul mercato e tu hai anche parlato con Robinson quando vi siete incrociati in Vnl.<\/strong><\/p>\n<p>\u00abDobbiamo cercare di fare subito gruppo, sar\u00e0 un\u2019annata difficile e stare insieme fuori dal campo aiuta a stare bene anche sul terreno di gioco. Abbiamo salutato Mandiraci e Simon, sar\u00e0 fondamentale giocare da squadra puntando a essere uniti\u00bb.<\/p>\n<p><strong>Avete per\u00f2 mantenuto l\u2019ossatura dello scorso anno, partite da una base ottima.<\/strong><\/p>\n<p>\u00abAssolutamente s\u00ec, anche lo staff sar\u00e0 lo stesso. Sono entrati tanti giovani, siamo contenti di accogliere i nuovi per far capire qual \u00e8 l\u2019ambiente di Piacenza\u00bb.<\/p>\n<p><strong>L\u2019anno scorso eri uno dei giovanissimi adesso non lo sei pi\u00f9, ci sono dei 2008 e dei 2007.<\/strong><\/p>\n<p>\u00abMi fa strano pensarlo. Ma se cito Travica e a Galassi, gli esperti della rosa, sono l\u2019unico che di questa cosa non si deve preoccupare\u00bb.<\/p>\n","protected":false},"excerpt":{"rendered":"Alessandro Bovolenta lascia l\u2019azzurro indossato per tutta l\u2019estate in giro per il mondo e torna a vestire il&hellip;\n","protected":false},"author":3,"featured_media":659297,"comment_status":"","ping_status":"","sticky":false,"template":"","format":"standard","meta":{"footnotes":"","_share_on_mastodon":"0"},"categories":[1474],"tags":[113495,1727,18202,1537,90,89,245,244,9406,1869],"class_list":["post-660455","post","type-post","status-publish","format-standard","has-post-thumbnail","category-volley","tag-alessandro-bovolenta","tag-europei","tag-gas-sales-bluenergy","tag-it","tag-italia","tag-italy","tag-sport","tag-sports","tag-superlega","tag-volley"],"share_on_mastodon":{"url":"https:\/\/pubeurope.com\/@it\/117198249403659354","error":""},"_links":{"self":[{"href":"https:\/\/www.europesays.com\/it\/wp-json\/wp\/v2\/posts\/660455","targetHints":{"allow":["GET"]}}],"collection":[{"href":"https:\/\/www.europesays.com\/it\/wp-json\/wp\/v2\/posts"}],"about":[{"href":"https:\/\/www.europesays.com\/it\/wp-json\/wp\/v2\/types\/post"}],"author":[{"embeddable":true,"href":"https:\/\/www.europesays.com\/it\/wp-json\/wp\/v2\/users\/3"}],"replies":[{"embeddable":true,"href":"https:\/\/www.europesays.com\/it\/wp-json\/wp\/v2\/comments?post=660455"}],"version-history":[{"count":0,"href":"https:\/\/www.europesays.com\/it\/wp-json\/wp\/v2\/posts\/660455\/revisions"}],"wp:featuredmedia":[{"embeddable":true,"href":"https:\/\/www.europesays.com\/it\/wp-json\/wp\/v2\/media\/659297"}],"wp:attachment":[{"href":"https:\/\/www.europesays.com\/it\/wp-json\/wp\/v2\/media?parent=660455"}],"wp:term":[{"taxonomy":"category","embeddable":true,"href":"https:\/\/www.europesays.com\/it\/wp-json\/wp\/v2\/categories?post=660455"},{"taxonomy":"post_tag","embeddable":true,"href":"https:\/\/www.europesays.com\/it\/wp-json\/wp\/v2\/tags?post=660455"}],"curies":[{"name":"wp","href":"https:\/\/api.w.org\/{rel}","templated":true}]}}