{"id":660465,"date":"2026-09-01T23:05:24","date_gmt":"2026-09-01T23:05:24","guid":{"rendered":"https:\/\/www.europesays.com\/it\/660465\/"},"modified":"2026-09-01T23:05:24","modified_gmt":"2026-09-01T23:05:24","slug":"la-scuola-arriva-su-netflix-la-serie-ambientata-in-un-liceo-militare-ecco-il-trailer","status":"publish","type":"post","link":"https:\/\/www.europesays.com\/it\/660465\/","title":{"rendered":"La Scuola, arriva su Netflix la serie ambientata in un liceo militare: ecco il trailer"},"content":{"rendered":"<p>\n                            Ogni giorno le notizie pi\u00f9 lette della giornata<br \/>\n                            <b>Iscriviti<\/b> e ricevi le notizie via email\n                        <\/p>\n<p>Liceo militare, amori proibiti, rivalit\u00e0 e una verit\u00e0 che doveva restare nascosta. Ecco il trailer di Minerva &#8211; La Scuola, la nuova serie teen drama in 8 episodi dal 22 settembre solo su Netflix.\u00a0Presentata in anteprima nell&#8217;ambito del Giffoni Film Festival 2026, la serie, prodotta da Roberto Sessa per Picomedia (societ\u00e0 del gruppo Asacha e parte di Fremantle) e diretta da Ivan Silvestrini, vede protagonisti Ciro Minopoli, Biagio Venditti, Margherita Buoncristiani, Beatrice Savignani, Simone Secce, Giulio Brizzi, Nicole Malaj, Alicia Edogamhe, con Massimiliano Gallo e con Cristiana Capotondi, Irene Maiorino, Raiz, Michele Rosiello.<\/p>\n<p>&#13;<\/p>\n<p>APPROFONDIMENTI<\/p>\n<p>&#13;<br \/>\n    &#13;<\/p>\n<p>Ambientata in un liceo militare di Napoli, Minerva &#8211; La Scuola racconta un mondo che sembra appartenere a un&#8217;altra epoca, dove si viene svegliati all&#8217;alba per l&#8217;alzabandiera, dove non sono consentiti i cellulari o gli abiti civili, dove tra le materie c&#8217;\u00e8 tattica militare e lezioni di scherma. <\/p>\n<p>Dove sono proibite le storie d&#8217;amore e ogni errore ha un prezzo altissimo.<\/p>\n<p>I protagonisti della serie sono Salvo (Ciro Minopoli), un ragazzo di una casa famiglia entrato nella scuola per scoprire la verit\u00e0 sulle sorti del suo migliore amico; Vincenzo (Biagio Venditti), che vuole emulare la carriera militare del padre; e Camilla (Margherita Buoncristiani), viziata ragazza milanese che \u00e8 stata messa l\u00ec dentro dal padre per essere riformata. Minerva &#8211; La Scuola parla anche di adulti, degli ufficiali e degli insegnanti civili che sono l\u00ec per formare i ragazzi, ma che devono fare i conti con la loro coscienza, le loro fragilit\u00e0 e i loro errori. Al liceo militare Minerva &#8211; La Scuola gli allievi, portati al limite, scoprono cose inaspettate su loro stessi. Ogni ragazzo l\u00ec dentro ha delle ambizioni, dei sogni.<\/p>\n<p>La scuola non li aiuter\u00e0 a realizzarli. La scuola gli far\u00e0 capire se erano quelli giusti per loro. In una parola, li far\u00e0 diventare grandi. Nel cast anche Antonio Adaggio, Carmen Annibale, Martina Attanasio, Fabio Bizzarro, Viola Brambilla, Luigi Bruno, Martina Pia Gambardella, Pietro Sparvoli, Luigi Zeno. (ANSA).<\/p>\n","protected":false},"excerpt":{"rendered":"Ogni giorno le notizie pi\u00f9 lette della giornata Iscriviti e ricevi le notizie via email Liceo militare, amori&hellip;\n","protected":false},"author":3,"featured_media":660466,"comment_status":"","ping_status":"","sticky":false,"template":"","format":"standard","meta":{"footnotes":"","_share_on_mastodon":"0"},"categories":[1444],"tags":[203,204,1537,90,89,182729,248,3166,253],"class_list":["post-660465","post","type-post","status-publish","format-standard","has-post-thumbnail","category-tv","tag-entertainment","tag-intrattenimento","tag-it","tag-italia","tag-italy","tag-minerva","tag-napoli","tag-netflix","tag-tv"],"share_on_mastodon":{"url":"https:\/\/pubeurope.com\/@it\/117198292816490834","error":""},"_links":{"self":[{"href":"https:\/\/www.europesays.com\/it\/wp-json\/wp\/v2\/posts\/660465","targetHints":{"allow":["GET"]}}],"collection":[{"href":"https:\/\/www.europesays.com\/it\/wp-json\/wp\/v2\/posts"}],"about":[{"href":"https:\/\/www.europesays.com\/it\/wp-json\/wp\/v2\/types\/post"}],"author":[{"embeddable":true,"href":"https:\/\/www.europesays.com\/it\/wp-json\/wp\/v2\/users\/3"}],"replies":[{"embeddable":true,"href":"https:\/\/www.europesays.com\/it\/wp-json\/wp\/v2\/comments?post=660465"}],"version-history":[{"count":0,"href":"https:\/\/www.europesays.com\/it\/wp-json\/wp\/v2\/posts\/660465\/revisions"}],"wp:featuredmedia":[{"embeddable":true,"href":"https:\/\/www.europesays.com\/it\/wp-json\/wp\/v2\/media\/660466"}],"wp:attachment":[{"href":"https:\/\/www.europesays.com\/it\/wp-json\/wp\/v2\/media?parent=660465"}],"wp:term":[{"taxonomy":"category","embeddable":true,"href":"https:\/\/www.europesays.com\/it\/wp-json\/wp\/v2\/categories?post=660465"},{"taxonomy":"post_tag","embeddable":true,"href":"https:\/\/www.europesays.com\/it\/wp-json\/wp\/v2\/tags?post=660465"}],"curies":[{"name":"wp","href":"https:\/\/api.w.org\/{rel}","templated":true}]}}