{"id":660473,"date":"2026-09-01T23:10:18","date_gmt":"2026-09-01T23:10:18","guid":{"rendered":"https:\/\/www.europesays.com\/it\/660473\/"},"modified":"2026-09-01T23:10:18","modified_gmt":"2026-09-01T23:10:18","slug":"quando-inizia-il-grande-fratello-vip-2026-mediaset-punta-subito-sul-raddoppio","status":"publish","type":"post","link":"https:\/\/www.europesays.com\/it\/660473\/","title":{"rendered":"Quando inizia il Grande Fratello Vip 2026, Mediaset punta subito sul raddoppio"},"content":{"rendered":"<p>Tutto pronto per il ritorno del <strong>Grande Fratello Vip<\/strong> 2026. Il reality di Canale 5 si prepara a tornare in prima serata con<strong> Ilary Blasi<\/strong> ancora una volta alla conduzione e una partenza che si annuncia particolarmente intensa.<\/p>\n<p>Salvo cambiamenti dell\u2019ultima ora, <strong>il debutto \u00e8 fissato a gioved\u00ec 17 settembre<\/strong> con Mediaset che ha gi\u00e0 previsto un secondo appuntamento a distanza di appena due giorni. La nuova edizione torner\u00e0 in onda anche <strong>sabato 19 settembre<\/strong>, inaugurando cos\u00ec la stagione con un immediato raddoppio.\n<\/p>\n<p>Grande Fratello Vip 2026, quando inizia e i giorni in tv<\/p>\n<p>La data da segnare sul calendario \u00e8 dunque quella di gioved\u00ec 17 settembre, quando andr\u00e0 in onda la prima puntata del Grande Fratello Vip 2026. Un esordio al quale seguir\u00e0 immediatamente un secondo appuntamento, previsto per sabato 19 settembre.<\/p>\n<p>Si tratta per\u00f2 di una programmazione speciale riservata soltanto alla settimana inaugurale. Successivamente il <strong>GF Vip<\/strong> dovrebbe trovare la propria collocazione definitiva <strong>nelle serate del luned\u00ec e del venerd\u00ec<\/strong>.<\/p>\n<p>Se il calendario sar\u00e0 confermato senza ulteriori variazioni, dopo le puntate del 17 e 19 settembre il programma torner\u00e0 quindi in onda <strong>luned\u00ec 21 e venerd\u00ec 25 settembre<\/strong>, continuando poi con il doppio appuntamento settimanale.<\/p>\n<p>Il condizionale resta necessario: i palinsesti televisivi possono subire modifiche anche a ridosso della messa in onda. Ma, allo stato attuale, sarebbe questa <strong>la strategia scelta da Mediaset<\/strong> per accompagnare il ritorno di uno dei programmi pi\u00f9 seguiti e discussi di Canale 5.<\/p>\n<p>Tornano Ilary Blasi, Selvaggia Lucarelli e Cesara Buonamici<\/p>\n<p>Al centro dello studio ci sar\u00e0 ancora una volta <a href=\"https:\/\/dilei.it\/star-e-vip\/ilary-blasi\/\" data-doctype=\"\" rel=\"nofollow noopener\" target=\"_blank\">Ilary Blasi<\/a>, chiamata a guidare anche questa edizione del reality. Una conferma importante, come quelle delle opinioniste.<\/p>\n<p>A commentare le vicende dei gieffini ci saranno di nuovo <strong>Selvaggia Lucarelli e Cesara Buonamici<\/strong>. Due personalit\u00e0 molto diverse che hanno saputo formare una coppia ben amalgamata che \u00e8 piaciuta a Pier Silvio Berlusconi ma soprattutto al pubblico.<\/p>\n<p>La Lucarelli \u00e8 nota per i suoi giudizi diretti e per la capacit\u00e0 di alimentare il confronto televisivo, mentre il mezzobusto del Tg 5 porta con s\u00e9 un registro differente e una lunga esperienza giornalistica.<\/p>\n<p>Grande Fratello Vip 2026, i nomi del cast<\/p>\n<p>Ad oggi nessun nome del cast del Grande Fratello Vip 2026 \u00e8 stato ufficializzato. Secondo le indiscrezioni,\u00a0 varcheranno la mitica Porta Rossa circa <strong>17 personaggi<\/strong> e tra i nomi indicati figurano diversi volti che conoscono gi\u00e0 molto bene il mondo dei reality show.<\/p>\n<p>Tra questi ci sarebbero gli ex concorrenti <strong>Valeria Marini, Marina La Rosa, Jonathan Kashanian, Carmen Di Pietro, Alex Belli, Giulia Provvedi e Guendalina Tavassi<\/strong>, pronti a rimettersi in gioco nella Casa pi\u00f9 spiata d\u2019Italia. Ma sono trapelati anche i nomi degli ex ballerini di Amici Andreas Muller e Megan Ria. E pure quelli del conduttore Simone Annichiarico e dell\u2019ex inviato di Striscia la notizia Moreno Morello.<\/p>\n<p>A quanto pare la produzione ha lavorato per costruire un gruppo capace di mescolare personaggi molto popolari e volti pronti a farsi conoscere da una platea pi\u00f9 ampia. Per le conferme definitive bisogner\u00e0 per\u00f2 attendere gli annunci ufficiali.<\/p>\n<p>Il primo punto fermo resta, almeno per ora, il <strong>calendario<\/strong>: 17 settembre per il debutto, raddoppio il 19 e poi appuntamento ogni luned\u00ec e venerd\u00ec. Il conto alla rovescia per il Grande Fratello Vip 2026 \u00e8 gi\u00e0 cominciato.<\/p>\n<p>\t\t\t\tScopri i personaggi in trend, le storie del momento e molto altro.<br \/>Dove? Sul <a href=\"https:\/\/whatsapp.com\/channel\/0029Vb68mVyHVvTWezDm7d0R\" target=\"_blank\" rel=\"noopener nofollow\">canale WhatsApp di DiLei!<\/a><\/p>\n<p>\t\t\t<a class=\"buttonCall\" href=\"https:\/\/whatsapp.com\/channel\/0029Vb68mVyHVvTWezDm7d0R\" target=\"_blank\" rel=\"noopener nofollow\" title=\"Seguici su WhatsApp\"><br \/>\n\t\t\t\tSeguici su WhatsApp<br \/>\n\t\t\t<\/a><\/p>\n","protected":false},"excerpt":{"rendered":"Tutto pronto per il ritorno del Grande Fratello Vip 2026. Il reality di Canale 5 si prepara a&hellip;\n","protected":false},"author":3,"featured_media":660474,"comment_status":"","ping_status":"","sticky":false,"template":"","format":"standard","meta":{"footnotes":"","_share_on_mastodon":"0"},"categories":[174],"tags":[203,6061,217,204,1537,90,89,1519,214],"class_list":["post-660473","post","type-post","status-publish","format-standard","has-post-thumbnail","category-intrattenimento","tag-entertainment","tag-grande-fratello","tag-ilary-blasi","tag-intrattenimento","tag-it","tag-italia","tag-italy","tag-reality-show","tag-spettacolo"],"share_on_mastodon":{"url":"https:\/\/pubeurope.com\/@it\/117198312387153128","error":""},"_links":{"self":[{"href":"https:\/\/www.europesays.com\/it\/wp-json\/wp\/v2\/posts\/660473","targetHints":{"allow":["GET"]}}],"collection":[{"href":"https:\/\/www.europesays.com\/it\/wp-json\/wp\/v2\/posts"}],"about":[{"href":"https:\/\/www.europesays.com\/it\/wp-json\/wp\/v2\/types\/post"}],"author":[{"embeddable":true,"href":"https:\/\/www.europesays.com\/it\/wp-json\/wp\/v2\/users\/3"}],"replies":[{"embeddable":true,"href":"https:\/\/www.europesays.com\/it\/wp-json\/wp\/v2\/comments?post=660473"}],"version-history":[{"count":0,"href":"https:\/\/www.europesays.com\/it\/wp-json\/wp\/v2\/posts\/660473\/revisions"}],"wp:featuredmedia":[{"embeddable":true,"href":"https:\/\/www.europesays.com\/it\/wp-json\/wp\/v2\/media\/660474"}],"wp:attachment":[{"href":"https:\/\/www.europesays.com\/it\/wp-json\/wp\/v2\/media?parent=660473"}],"wp:term":[{"taxonomy":"category","embeddable":true,"href":"https:\/\/www.europesays.com\/it\/wp-json\/wp\/v2\/categories?post=660473"},{"taxonomy":"post_tag","embeddable":true,"href":"https:\/\/www.europesays.com\/it\/wp-json\/wp\/v2\/tags?post=660473"}],"curies":[{"name":"wp","href":"https:\/\/api.w.org\/{rel}","templated":true}]}}