{"id":660496,"date":"2026-09-01T23:35:23","date_gmt":"2026-09-01T23:35:23","guid":{"rendered":"https:\/\/www.europesays.com\/it\/660496\/"},"modified":"2026-09-01T23:35:23","modified_gmt":"2026-09-01T23:35:23","slug":"coppa-italia-il-parma-e-fuori-la-cremonese-si-impone-2-0-al-tardini-i-crociati-escono-tra-i-fischi-del-pubblico","status":"publish","type":"post","link":"https:\/\/www.europesays.com\/it\/660496\/","title":{"rendered":"Coppa Italia, il Parma \u00e8 fuori: la Cremonese si impone 2-0 al Tardini. I crociati escono tra i fischi del pubblico"},"content":{"rendered":"<p>E&#8217; gi\u00e0 finito il cammino dei crociati in Coppa Italia. Allo stadio Tardini, alla Cremonese bastano 5 minuti per trovare il vantaggio. E per tutta la partita si sono visti pi\u00f9 Cremonese e meno Parma in campo. Al 41&#8242; Licina segna il gol del raddoppio. I crociati tenteranno di reagire, con varie azioni nell&#8217;area dei lombardi, che per\u00f2 sanno gestire il risultato e &#8220;rischiano&#8221; di segnare ancora.<br \/>Al termine dei quattro minuti di recupero, il risultato di Parma-Cremonese \u00e8 0-2. Ora la Cremonese trover\u00e0 il Como agli ottavi, mentre il Parma esce dal campo tra i fischi.<br \/>E ora per i crociati \u00e8 gi\u00e0 tempo di pensare alla sfida con il Monza, sempre al Tardini, domenica 6 settembre.<\/p>\n<p><img loading=\"lazy\" decoding=\"async\" src=\"https:\/\/www.europesays.com\/it\/wp-content\/uploads\/2026\/09\/parma-cremonese-1788295230510.webp\" alt=\"\" width=\"1000\" height=\"525\" caption=\"false\"\/><\/p>\n<p><strong>Il secondo tempo <\/strong><\/p>\n<p>94&#8242; Inutile il gol di Fabbian: era fuorigioco\u00a0<\/p>\n<p>90&#8242; Assegnati 4 minuti di recupero\u00a0<\/p>\n<p>85&#8242; Parma all&#8217;assalto della porta dei lombardi ma Grassi mette in angolo<\/p>\n<p>83&#8242; Incursioni di Berti e De Luca nell&#8217;area crociata: non cala il pressing della Cremonese\u00a0<\/p>\n<p>80&#8242; Azione di Almqvist ma Agazzi esce e blocca il pallone<\/p>\n<p>78&#8242; Esce Carboni, entra Valeri. E subito l&#8217;azione offensiva dei crociati \u00e8 firmata Fabbian-Valeri\u00a0<\/p>\n<p>72&#8242; Brividi nell&#8217;area crociata: De Luca guida la nuova azione offensiva della Cremonese\u00a0<\/p>\n<p>70&#8242; Cambio nella Cremonese: De Luca per Nasti\u00a0<\/p>\n<p>66&#8242; Cremonese ancora pericolosa nell&#8217;area crociata con Nasti<\/p>\n<p>63&#8242; Esce Frigan, entra Almqvist\u00a0<\/p>\n<p>61&#8242; Cremonese ancora in pressing\u00a0<\/p>\n<p>55&#8242; Romero tira dritto in porta ma la palla finisce fuori<\/p>\n<p>50&#8242; Ammonizione per Valenti<\/p>\n<p>45&#8242; Al via il secondo tempo. Il Parma cerca di attaccare: la Cremonese \u00e8 in vantaggio per 2-0\u00a0<\/p>\n<blockquote class=\"twitter-tweet\"><p>&#13;<\/p>\n<p lang=\"qme\" dir=\"ltr\">\u23f3<a href=\"https:\/\/x.com\/hashtag\/ParmaCremonese?src=hash&amp;ref_src=twsrc%5Etfw\" rel=\"nofollow\">#ParmaCremonese<\/a> <a href=\"https:\/\/x.com\/hashtag\/CoppaItaliaFrecciarossa?src=hash&amp;ref_src=twsrc%5Etfw\" rel=\"nofollow\">#CoppaItaliaFrecciarossa<\/a> <a href=\"https:\/\/t.co\/VlPV4n9tv9\" rel=\"nofollow\">pic.twitter.com\/VlPV4n9tv9<\/a><\/p>\n<p>&#13;<br \/>\n\u2014 (@1913parmacalcio) <a href=\"https:\/\/x.com\/1913parmacalcio\/status\/2094829906697838799?ref_src=twsrc%5Etfw\" rel=\"nofollow\">September 1, 2026<\/a><\/p><\/blockquote>\n<p><strong>La cronaca del primo tempo <br \/><\/strong>47&#8242;\u00a0<strong>Finisce il primo tempo: Cremonese in vantaggio 2-0, fischi dagli spalti\u00a0<\/strong><\/p>\n<p>45&#8242; Tiro di Frigan verso la porta, poi il crociato finisce a terra. Assegnati due minuti di recupero\u00a0<\/p>\n<p>43&#8242; I crociati attaccano con Elphege e Frigan<\/p>\n<p><strong>41&#8242; Azione di Licina sulla fascia destra e tiro: la Cremonese \u00e8 in vantaggio per 2-0<\/strong><\/p>\n<p>35&#8242; Frigan tira dritto in porta di sinistro<\/p>\n<p>29&#8242; Parma pi\u00f9 aggressivo, ora con un&#8217;azione di Ordonez<\/p>\n<p>28&#8242; Azione di Carboni, Valenti e Frigan. Poi \u00e8 di nuovo calcio d&#8217;angolo\u00a0<\/p>\n<p>27&#8242; Il gioco riprende dopo due minuti di break.\u00a0Frigan fermato durante un&#8217;azione, \u00e8 calcio d&#8217;angolo\u00a0<\/p>\n<p>24&#8242; Ancora Fabbian e Carboni nell&#8217;area della Cremonese\u00a0<\/p>\n<p>21&#8242; Azione di Carboni e Fabbian ma la palla finisce fuori\u00a0<\/p>\n<p>17&#8242; Continua il pressing dei lombardi ma Daffara non si fa sorprendere\u00a0<\/p>\n<p>12&#8242; Azione del Parma con Britschgi e Carboni<\/p>\n<p>7&#8242; Cremonese ancora in attacco: \u00e8 palo<\/p>\n<p><strong>5&#8242; La Cremonese beffa la difesa crociata e segna il gol del vantaggio<\/strong><\/p>\n<p>1&#8242; Parma-Cremonese al via: turno unico, chi vince andr\u00e0 a Como<\/p>\n<p><strong>La formazione dei crociati: il video di Sandro Piovani prima della partita\u00a0<\/strong><\/p>\n<p>Parma-Cremonese, \u00e8 arrivata la notizia dell&#8217;<strong>indisponibilit\u00e0 di Bernab\u00e9<\/strong> per <strong>lieve affaticamento<\/strong>, lo <strong>staff medico crociato<\/strong> lavora per averlo a disposizione <strong>domenica col Monza<\/strong>.<\/p>\n<p><strong>I sedicesimi di finale di Coppa Italia<\/strong> mettono difronte due formazioni deluse: il <strong>Parma<\/strong> e la <strong>Cremonese<\/strong> infatti arrivano, nei rispettivi campionati, da due gare ufficiali e da altrettante sconfitte. Certo, non \u00e8 uno stato di crisi acclarato ma certamente una \u00ab<strong>brutta<\/strong>\u00bb eliminazione non aiuterebbe a risollevare il morale. Cos\u00ec sul far della sera (<strong>stadio Tardini ore 18, diretta tv su Canale 20<\/strong>) <strong>Parma<\/strong> e <strong>Cremonese<\/strong> cercheranno di cancellare questo inizio di stagione non certo esaltante.<\/p>\n<p>Anche perch\u00e9 domenica il <strong>Parma<\/strong> affronter\u00e0 il <strong>Monza<\/strong> (stadio Tardini, ore 15) e la <strong>Cremonese<\/strong>, sempre in casa, il <strong>Padova<\/strong>. Insomma una partita che ha qualcosa di pi\u00f9, in palio, che la <strong>qualificazione agli ottavi di Coppa Italia<\/strong>. Che comunque si giocheranno, per chi passer\u00e0 il turno, contro una delle otto squadre meglio piazzate nel ranking del campionato scorso: in questo caso il <strong>Como<\/strong>, naturalmente in riva al lago.<\/p>\n<p>Sin qui la cosiddetta posta in palio. C&#8217;\u00e8 un altro aspetto che domani sar\u00e0 interessante verificare. Come giocher\u00e0 il <strong>Parma<\/strong>? E chi scender\u00e0 in campo? Beh, vien da dire che di primo acchito, potrebbero giocare i \u00ab<strong>nuovi<\/strong>\u00bb. In particolare <strong>Daffara, Fabbian, Romero e Frigan<\/strong>. Certo quest&#8217;ultimo non \u00e8 un acquisto estivo ma \u00e8 di fatto alla sua <strong>prima vera stagione<\/strong> nel <strong>Parma<\/strong> dopo lo stop di un anno dovuto all&#8217;<strong>infortunio<\/strong> patito nell&#8217;estate scorsa. Ma potrebbe essere anche il momento di rimettere in campo <strong>Ndiaye e Carboni<\/strong> in difesa, <strong>Cremaschi<\/strong> a centrocampo dal primo minuto. Tornando a <strong>Daffara<\/strong>, nella passata stagione <strong>Cuesta<\/strong> lasci\u00f2 sempre in campo <strong>Suzuki<\/strong> anche in Coppa Italia e <strong>Corvi<\/strong> gioc\u00f2 soltanto dopo l&#8217;infortunio del giapponese. Vedremo cosa decider\u00e0 quest&#8217;anno.<\/p>\n<p>Poi il sistema di gioco: contro la Juventus <strong>Cuesta<\/strong> \u00e8 tornato al <strong>5-3-2<\/strong>, certamente <strong>pi\u00f9 frizzante e propositivo<\/strong> rispetto alla passata stagione. Ma, una volta in svantaggio, \u00e8 tornato ad un <strong>4-3-3<\/strong> pi\u00f9 offensivo nel tentativo di recuperare. <strong>Romero<\/strong> di fatto, nei venti minuti in cui ha giocato, \u00e8 riuscito a tirare in porta per tre volte, con altrettante parate di <strong>Vicario<\/strong> (due decisive). Praticamente i primi tre tiri nello specchio della porta del campionato del <strong>Parma<\/strong>. E in una gara dove c&#8217;\u00e8 da far gioco pi\u00f9 che pensare a difendere, ecco che \u00e8 plausibile il ritorno al <strong>4-3-3<\/strong>.<\/p>\n<p>Non resta che aspettare questa sera: si giocano i <strong>90 minuti<\/strong> e in caso di parit\u00e0, subito i <strong>calci di rigore<\/strong>. <strong>Poi ci si rituffa in campionato.<\/strong><\/p>\n<p><script async src=\"https:\/\/platform.twitter.com\/widgets.js\" charset=\"utf-8\"><\/script><\/p>\n","protected":false},"excerpt":{"rendered":"E&#8217; gi\u00e0 finito il cammino dei crociati in Coppa Italia. Allo stadio Tardini, alla Cremonese bastano 5 minuti&hellip;\n","protected":false},"author":3,"featured_media":660497,"comment_status":"","ping_status":"","sticky":false,"template":"","format":"standard","meta":{"footnotes":"","_share_on_mastodon":"0"},"categories":[176],"tags":[3705,5006,6297,15733,1537,90,89,6301,228955,39994,245,244,123078],"class_list":["post-660496","post","type-post","status-publish","format-standard","has-post-thumbnail","category-sport","tag-como","tag-coppa-italia","tag-cremonese","tag-daffara","tag-it","tag-italia","tag-italy","tag-parma","tag-parma-cremonese","tag-romero","tag-sport","tag-sports","tag-stadio-tardini"],"share_on_mastodon":{"url":"https:\/\/pubeurope.com\/@it\/117198411333638784","error":""},"_links":{"self":[{"href":"https:\/\/www.europesays.com\/it\/wp-json\/wp\/v2\/posts\/660496","targetHints":{"allow":["GET"]}}],"collection":[{"href":"https:\/\/www.europesays.com\/it\/wp-json\/wp\/v2\/posts"}],"about":[{"href":"https:\/\/www.europesays.com\/it\/wp-json\/wp\/v2\/types\/post"}],"author":[{"embeddable":true,"href":"https:\/\/www.europesays.com\/it\/wp-json\/wp\/v2\/users\/3"}],"replies":[{"embeddable":true,"href":"https:\/\/www.europesays.com\/it\/wp-json\/wp\/v2\/comments?post=660496"}],"version-history":[{"count":0,"href":"https:\/\/www.europesays.com\/it\/wp-json\/wp\/v2\/posts\/660496\/revisions"}],"wp:featuredmedia":[{"embeddable":true,"href":"https:\/\/www.europesays.com\/it\/wp-json\/wp\/v2\/media\/660497"}],"wp:attachment":[{"href":"https:\/\/www.europesays.com\/it\/wp-json\/wp\/v2\/media?parent=660496"}],"wp:term":[{"taxonomy":"category","embeddable":true,"href":"https:\/\/www.europesays.com\/it\/wp-json\/wp\/v2\/categories?post=660496"},{"taxonomy":"post_tag","embeddable":true,"href":"https:\/\/www.europesays.com\/it\/wp-json\/wp\/v2\/tags?post=660496"}],"curies":[{"name":"wp","href":"https:\/\/api.w.org\/{rel}","templated":true}]}}