{"id":660508,"date":"2026-09-01T23:41:14","date_gmt":"2026-09-01T23:41:14","guid":{"rendered":"https:\/\/www.europesays.com\/it\/660508\/"},"modified":"2026-09-01T23:41:14","modified_gmt":"2026-09-01T23:41:14","slug":"strage-in-famiglia-a-roma-luca-e-valentina-volevano-riportare-la-figlia-in-una-clinica-in-messico-ma-non-potevano-e-lhanno-fatta-finita","status":"publish","type":"post","link":"https:\/\/www.europesays.com\/it\/660508\/","title":{"rendered":"Strage in famiglia a Roma, Luca e Valentina volevano riportare la figlia in una clinica in Messico. Ma non potevano e l&#8217;hanno fatta finita"},"content":{"rendered":"<p>    di<br \/>\n    Rinaldo Frignani<\/p>\n<p class=\"summary-art is-line-h-12\">La coppia era gi\u00e0 stata tre-quattro volte in un centro sperimentale a Monterrey spendendo centinaia di migliaia di euro. L&#8217;amica: \u00abVenerd\u00ec li ho chiamati sul telefonino e non mi hanno risposto. Dovevano venire a Madrid con noi\u00bb<\/p>\n<p class=\"chapter-paragraph\">L\u2019ultima speranza di Luca e Valentina era in Messico. In un centro specializzato per la cura di paralisi cerebrali in et\u00e0 infantile. Quello del dottor Jos\u00e9 Roberto Trujillo a capo della clinica NeuroCytonix, a Monterrey, che ha sviluppato<b> una cura sperimentale con un dispositivo chiamato Cytotron:<\/b> onde a radiofrequenza e risonanza magnetica rotazionale per stimolare i tessuti. Ma nonostante il gravoso impegno economico \u2014 si parla di <b>centinaia di migliaia di euro<\/b> \u2014 i risultati ottenuti nel caso della piccola Bianca avrebbero tardato ad arrivare o forse non erano pi\u00f9 sufficienti i fondi per il viaggio e il soggiorno di quasi un mese per altri trattamenti.<\/p>\n<p class=\"chapter-paragraph\">Ipotesi che si accavallano ora dopo ora per spiegare l\u2019escalation di disperazione che ha chiuso ogni via d\u2019uscita a Luca Abbasciano e Valentina Pambianco, <a href=\"\">morti suicidi con la figlioletta di appena cinque anni, <\/a>disabile dalla nascita,<b> nella loro abitazione in via dell\u2019Antracite, nel quartiere romano di Pietralata.<\/b>\u00a0    &#13;<br \/>\n&#13;<br \/>\n&#13;<br \/>\n&#13;<br \/>\n&#13;<br \/>\n&#13;<br \/>\n&#13;<br \/>\n&#13;<br \/>\n&#13;<br \/>\n&#13;<br \/>\n&#13;<br \/>\n&#13;<br \/>\n&#13;<br \/>\n&#13;<br \/>\n&#13;<br \/>\n&#13;<br \/>\n&#13;<br \/>\n&#13;<br \/>\n&#13;<br \/>\n&#13;<br \/>\n&#13;<br \/>\n&#13;<br \/>\n&#13;<br \/>\n&#13;<br \/>\n&#13;<br \/>\n&#13;<br \/>\n&#13;<br \/>\n&#13;<br \/>\n&#13;<br \/>\n&#13;<br \/>\n&#13;<br \/>\n&#13;<br \/>\n&#13;<br \/>\n&#13;<br \/>\n&#13;<br \/>\n&#13;<br \/>\n&#13;<br \/>\n&#13;<br \/>\n&#13;<br \/>\n&#13;<br \/>\n&#13;<br \/>\n&#13;<br \/>\n&#13;<br \/>\n&#13;<br \/>\n&#13;<br \/>\n&#13;<br \/>\n&#13;<br \/>\n&#13;<br \/>\n&#13;<br \/>\n&#13;<br \/>\n&#13;<br \/>\n&#13;<br \/>\n&#13;\n<\/p>\n<p class=\"chapter-paragraph\">Qualcosa nella loro complicata esistenza, segnata anche dalle difficolt\u00e0 della mamma di accettare le condizioni della figlia, secondo le testimonianze di chi la conosceva, potrebbe aver contribuito negli ultimi giorni a far precipitare le cose. <b>Qualcosa che \u00e8 ora al centro delle indagini dei carabinieri del Reparto operativo <\/b>e della compagnia Montesacro che anche ieri, con il coordinamento della Procura, hanno esaminato le tante lettere, almeno una ventina, lasciate dalla coppia \u2014 firmate dai coniugi \u2014 nelle quali fanno intendere <b>la volont\u00e0 di compiere il gesto estremo<\/b>, con la pistola Glock denunciata dal pap\u00e0 di Bianca solo per la detenzione in casa, riconducibile \u2014 secondo chi indaga \u2014 sempre di pi\u00f9 al disagio connesso alle problematiche di salute della bambina.\u00a0<\/p>\n<p class=\"chapter-paragraph\">\u00abCi siamo conosciuti facendo lo stesso percorso con le nostre figlie, abbiamo trascorso giorni oltreoceano, poi la nostra amicizia \u00e8 continuata in Italia\u00bb, conferma Feliciana Manna, <b>mamma napoletana che con il marito Roberto racconta in Rete il percorso di cura della figlia<\/b>. Ci sentivamo spesso con messaggi, videochiamate e telefonate. Mi venivate a prendere alla stazione ogni volta che venivo a Roma, anche solo per vederci e stare insieme cinque minuti\u00bb.\u00a0<\/p>\n<p class=\"chapter-paragraph\">\u00abCi siamo sentite venerd\u00ec, eravamo in partenza per il rientro con una sosta a Madrid, un viaggio che stavamo organizzando insieme e che non siamo riusciti a fare. Ti ho scritto per dirti che eravamo arrivati nella citt\u00e0 che tanto ti piaceva ma che non sopportavi per il troppo caldo: a quel messaggio non ho avuto risposta. <b>Oggi mi sono chiesta come mai, non era da voi non rispondere in tempi brevi <\/b>\u2014 dice ancora Feliciana \u2014. Ti ho riscritta ma comunque il messaggio non ti \u00e8 arrivato. Apro i social e leggo la storia di una famiglia dove c\u2019\u00e8 stata una fine indescrivibile. <b>Non voglio crederci, ma purtroppo la triste realt\u00e0 \u00e8 questa: siete volati in cielo insieme\u00bb<\/b>. Luca e Valentina avrebbero portato la figlia in Messico almeno in tre occasioni. Per un vicino di casa forse quattro. L\u2019ultimo tentativo di uscire dal tunnel prima di farla finita.<\/p>\n<p class=\"is-mr-t-20 is-mr-b-20\"><b><br \/>\n                    <a href=\"https:\/\/roma.corriere.it\/?intcmp=Notizielocali_nd_010623_corriere_ss_roma\" target=\"_blank\" rel=\"nofollow noopener\">Vai a tutte le notizie di Roma<\/a><br \/>\n            <\/b><\/p>\n<p class=\"chapter-paragraph\"><b><a href=\"https:\/\/www.corriere.it\/newsletter\/?theme=52&amp;intcmp=NL-artic_nd_050624_corriere_ss_roma\" target=\"_blank\" rel=\"nofollow noopener\">Iscriviti alla newsletter di Corriere Roma<\/a><\/b><\/p>\n<p class=\"is-last-update\" datetime=\"2026-09-01T23:07:13+02:00\">1 settembre 2026<\/p>\n<p class=\"is-copyright\">\n            \u00a9 RIPRODUZIONE RISERVATA\n        <\/p>\n","protected":false},"excerpt":{"rendered":"di Rinaldo Frignani La coppia era gi\u00e0 stata tre-quattro volte in un centro sperimentale a Monterrey spendendo centinaia&hellip;\n","protected":false},"author":3,"featured_media":660509,"comment_status":"","ping_status":"","sticky":false,"template":"","format":"standard","meta":{"footnotes":"","_share_on_mastodon":"0"},"categories":[79],"tags":[839,842,3844,15149,286388,104,631,21789,2235,14,93,94,2664,724,1909,364224,3384,846,1537,90,89,6991,364223,5382,4002,6411,13549,12651,27052,293913,7,15,491,9638,987,34389,11,84,91,12,85,92,7839,8434,1652],"class_list":["post-660508","post","type-post","status-publish","format-standard","has-post-thumbnail","category-italia","tag-almeno","tag-bianca","tag-centinaia","tag-centinaia-migliaia","tag-centinaia-migliaia-euro","tag-centro","tag-cinque","tag-clinica","tag-coppia","tag-cronaca","tag-cronaca-italiana","tag-cronacaitaliana","tag-cura","tag-euro","tag-famiglia","tag-feliciana","tag-figlia","tag-finita","tag-it","tag-italia","tag-italy","tag-luca","tag-luca-valentina","tag-madrid","tag-mamma","tag-messaggio","tag-messico","tag-migliaia","tag-migliaia-euro","tag-monterrey","tag-news","tag-notizie","tag-percorso","tag-roberto","tag-roma","tag-sperimentale","tag-ultime-notizie","tag-ultime-notizie-e-news-di-oggi","tag-ultime-notizie-italia","tag-ultimenotizie","tag-ultimenotizieenewsdioggi","tag-ultimenotizieitalia","tag-valentina","tag-venerdi","tag-viaggio"],"share_on_mastodon":{"url":"","error":"Validation failed: Text character limit of 500 exceeded"},"_links":{"self":[{"href":"https:\/\/www.europesays.com\/it\/wp-json\/wp\/v2\/posts\/660508","targetHints":{"allow":["GET"]}}],"collection":[{"href":"https:\/\/www.europesays.com\/it\/wp-json\/wp\/v2\/posts"}],"about":[{"href":"https:\/\/www.europesays.com\/it\/wp-json\/wp\/v2\/types\/post"}],"author":[{"embeddable":true,"href":"https:\/\/www.europesays.com\/it\/wp-json\/wp\/v2\/users\/3"}],"replies":[{"embeddable":true,"href":"https:\/\/www.europesays.com\/it\/wp-json\/wp\/v2\/comments?post=660508"}],"version-history":[{"count":0,"href":"https:\/\/www.europesays.com\/it\/wp-json\/wp\/v2\/posts\/660508\/revisions"}],"wp:featuredmedia":[{"embeddable":true,"href":"https:\/\/www.europesays.com\/it\/wp-json\/wp\/v2\/media\/660509"}],"wp:attachment":[{"href":"https:\/\/www.europesays.com\/it\/wp-json\/wp\/v2\/media?parent=660508"}],"wp:term":[{"taxonomy":"category","embeddable":true,"href":"https:\/\/www.europesays.com\/it\/wp-json\/wp\/v2\/categories?post=660508"},{"taxonomy":"post_tag","embeddable":true,"href":"https:\/\/www.europesays.com\/it\/wp-json\/wp\/v2\/tags?post=660508"}],"curies":[{"name":"wp","href":"https:\/\/api.w.org\/{rel}","templated":true}]}}