{"id":660526,"date":"2026-09-02T00:03:19","date_gmt":"2026-09-02T00:03:19","guid":{"rendered":"https:\/\/www.europesays.com\/it\/660526\/"},"modified":"2026-09-02T00:03:19","modified_gmt":"2026-09-02T00:03:19","slug":"cosa-fare-coi-nuovi-kean-sanchez-gnonto-rowe-gud-goncalves-sarr-mbangula-woltemade-beto","status":"publish","type":"post","link":"https:\/\/www.europesays.com\/it\/660526\/","title":{"rendered":"Cosa fare coi nuovi: Kean, Sanchez, Gnonto, Rowe, Gud, Goncalves, Sarr, Mbangula, Woltemade, Beto&#8230;"},"content":{"rendered":"<p class=\"font-bold md:hidden text-ink leading-[22px]\">\n            1 di 5\n        <\/p>\n<p>                    <a href=\"https:\/\/www.sosfanta.com\/consigli-fantacalcio\/cosa-fare-coi-nuovi-kean-sanchez-gnonto-rowe-gud-goncalves-sarr-mbangula-woltemade-beto-e-non-solo\/2\/\" class=\"flex justify-center items-center w-12 h-12 rounded-full cursor-pointer md:px-4 md:w-auto md:h-12 bg-primary-light md:gap-[11px] hover:bg-primary\" aria-label=\"Scheda successiva\" rel=\"nofollow noopener\" target=\"_blank\"><\/p>\n<p>                   Prossima scheda 1 di 5<\/p>\n<p>            <\/a><\/p>\n<p>        PORTIERI<\/p>\n<p>\n<b>Robert Sanchez &#8211; Portiere, Jolly prima fascia (nella guida all&#8217;asta)<\/b>\n<\/p>\n<p>\nRobert Sanchez, 28enne spagnolo ex Chelsea e Brighton, arriva a sorpresa al Como e non sar\u00e0 il vice di Butez. L\u2019estremo difensore ha giocato titolare nelle ultime due stagioni nei blues alternando alti e bassi. Nonostante il nome altisonante \u00e8 difficile che Fabregas si privi da un giorno all&#8217;altro del francese, che \u00e8 anche molto bravo a giocare coi piedi ed \u00e8 stato pi\u00f9 che positivo l&#8217;anno scorso. Non ci saranno primo e secondo ma due portieri che si giocheranno il posto, come succede in diverse big. Butez sta facendo bene, ma Sanchez non \u00e8 arrivato al Como per fare panchina. Si prevede un&#8217;alternanza tra campionato e coppe, coppia obbligata dunque al fantacalcio.\n<\/p>\n<p>        <img src=\"https:\/\/www.europesays.com\/it\/wp-content\/uploads\/2026\/09\/PHOTO-2026-09-01-19-09-29-c36a18856c34-1200x733.jpg\"   width=\"715\" height=\"400\" alt=\"PHOTO-2026-09-01-19-09-29\" title=\"PHOTO-2026-09-01-19-09-29\" loading=\"eager\" fetchpriority=\"high\" decoding=\"sync\" class=\"w-full h-auto aspect-3\/2 object-cover object-top rounded-lg\"\/><\/p>\n<p class=\"font-bold md:hidden text-ink leading-[22px]\">\n            1 di 5\n        <\/p>\n<p>                    <a href=\"https:\/\/www.sosfanta.com\/consigli-fantacalcio\/cosa-fare-coi-nuovi-kean-sanchez-gnonto-rowe-gud-goncalves-sarr-mbangula-woltemade-beto-e-non-solo\/2\/\" class=\"flex justify-center items-center w-12 h-12 rounded-full cursor-pointer md:px-4 md:w-auto md:h-12 bg-primary-light md:gap-[11px] hover:bg-primary\" aria-label=\"Scheda successiva\" rel=\"nofollow noopener\" target=\"_blank\"><\/p>\n<p>                   Prossima scheda 1 di 5<\/p>\n<p>            <\/a><\/p>\n","protected":false},"excerpt":{"rendered":"1 di 5 Prossima scheda 1 di 5 PORTIERI Robert Sanchez &#8211; Portiere, Jolly prima fascia (nella guida&hellip;\n","protected":false},"author":3,"featured_media":660527,"comment_status":"","ping_status":"","sticky":false,"template":"","format":"standard","meta":{"footnotes":"","_share_on_mastodon":"0"},"categories":[176],"tags":[63862,2842,10344,33548,122636,839,86398,364230,5831,8234,151268,1238,2201,341675,118931,841,33588,2478,178832,188310,3077,15650,8235,30861,569,562,364231,364238,362601,362602,364239,765,6699,351,279,43259,32001,155041,364240,364241,6512,46428,586,587,360365,96746,8237,1034,341687,364242,51669,6300,364243,1856,3363,925,3153,363800,364232,362597,7204,3155,34366,3705,24939,2235,33569,62203,62204,595,3177,3257,4053,363798,363799,6927,806,7170,5115,12426,364233,4876,3073,724,3085,720,3074,2263,6298,1889,2267,564,2250,229,34736,1976,27673,7103,5197,3453,364226,299522,1390,8455,11852,16265,1537,90,89,62198,364227,364228,558,11505,1980,150521,151625,192304,33581,33582,192487,1258,2219,364229,575,1412,9476,364234,3479,100807,632,1294,20137,4483,8040,3530,489,4695,2466,13201,115,7138,8004,8483,8492,6840,6841,23150,2717,12947,49788,364235,15313,207569,27421,7175,17888,138,9852,15721,6299,2521,83229,22850,13634,192490,1821,315,42820,337,992,7617,8041,245,244,577,17516,5046,33546,3445,8233,3586,83241,5293,127234,1928,3209,26462,1641,5583,364236,51890,5186,2817,2199,116171,907,233171,338,2847,6302,85741,364237,7004,96748,96749,360141],"class_list":["post-660526","post","type-post","status-publish","format-standard","has-post-thumbnail","category-sport","tag-abate","tag-acquisto","tag-adattarsi","tag-albert","tag-albert-gudmundsson","tag-almeno","tag-alternanza","tag-alternanza-campionato","tag-andra","tag-annata","tag-annate","tag-aperta","tag-appena","tag-appena-assist","tag-appena-presenze","tag-area","tag-area-rigore","tag-arriva","tag-arriva-italia","tag-arriva-prestito","tag-arrivato","tag-assicura","tag-assist","tag-asta","tag-atalanta","tag-attaccante","tag-attaccante-jolly","tag-attaccante-jolly-quarta","tag-attaccante-low","tag-attaccante-low-cost","tag-attaccante-semitop","tag-attacco","tag-attivo","tag-barcellona","tag-belga","tag-belghali","tag-belgrado","tag-beto","tag-beto-betuncal","tag-betuncal","tag-big","tag-boca","tag-bologna","tag-bonus","tag-braganca","tag-brema","tag-bundesliga","tag-buon","tag-buon-tiro","tag-buon-tiro-area","tag-butez","tag-cagliari","tag-cagliari-terzino","tag-campionato","tag-carlos","tag-centrale","tag-centrocampista","tag-centrocampista-jolly","tag-centrocampista-jolly-terza","tag-centrocampista-low","tag-centrocampo","tag-classe","tag-cm","tag-como","tag-coppe","tag-coppia","tag-cost","tag-cost-seconda","tag-cost-seconda-fascia","tag-definitivo","tag-destra","tag-destro","tag-difensore","tag-difensore-low","tag-difensore-low-cost","tag-difficile","tag-diritto","tag-diritto-riscatto","tag-diverse","tag-dotato","tag-drameh","tag-esperienza","tag-esterno","tag-euro","tag-europa","tag-fantacalcio","tag-fascia","tag-fiorentina","tag-genoa","tag-giocare","tag-giocato","tag-giocatore","tag-giochera","tag-giovane","tag-gnonto","tag-gol","tag-gol-assist","tag-goncalves","tag-granata","tag-guida","tag-guida-asta","tag-gzn_page_title","tag-impatto","tag-infortuni","tag-inizialmente","tag-investimento","tag-it","tag-italia","tag-italy","tag-jolly","tag-jolly-terza","tag-jolly-terza-fascia","tag-juventus","tag-kean","tag-league","tag-leghe","tag-leghe-numerose","tag-listato","tag-low","tag-low-cost","tag-low-cost-seconda","tag-lunga","tag-maglia","tag-maglia-fiorentina","tag-mbangula","tag-mercato","tag-messo","tag-messo-mostra","tag-minuti","tag-moise","tag-mostra","tag-numeri","tag-numerose","tag-nuovi","tag-occhio","tag-partire","tag-passato","tag-pedro","tag-pochi","tag-portoghese","tag-premier","tag-premier-league","tag-prendere","tag-presenze","tag-presenze-gol","tag-prestito","tag-prestito-diritto","tag-prestito-diritto-riscatto","tag-profilo","tag-provera","tag-raccolto","tag-raccolto-presenze","tag-reti","tag-reti-assist","tag-rilanciarsi","tag-riscatto","tag-rowe","tag-ruolo","tag-sanchez","tag-sarr","tag-sassuolo","tag-seconda","tag-seconda-fascia","tag-segnato","tag-segno","tag-semitop","tag-serie","tag-sinistra","tag-slot","tag-soprattutto","tag-sorpresa","tag-spalle","tag-spazio","tag-sport","tag-sports","tag-stagione","tag-stagioni","tag-stella","tag-stoccarda","tag-talento","tag-tedesco","tag-terza","tag-terza-fascia","tag-terzino","tag-terzino-destro","tag-testa","tag-tiro","tag-titolare","tag-torino","tag-torna","tag-torna-serie","tag-trequarti","tag-trovare","tag-udinese","tag-ultima","tag-ultima-stagione","tag-ultime","tag-ultime-stagioni","tag-ultimi","tag-valutazione","tag-verona","tag-vestira","tag-vestira-maglia","tag-viola","tag-werder","tag-werder-brema","tag-woltemade"],"share_on_mastodon":{"url":"","error":"Validation failed: Text character limit of 500 exceeded"},"_links":{"self":[{"href":"https:\/\/www.europesays.com\/it\/wp-json\/wp\/v2\/posts\/660526","targetHints":{"allow":["GET"]}}],"collection":[{"href":"https:\/\/www.europesays.com\/it\/wp-json\/wp\/v2\/posts"}],"about":[{"href":"https:\/\/www.europesays.com\/it\/wp-json\/wp\/v2\/types\/post"}],"author":[{"embeddable":true,"href":"https:\/\/www.europesays.com\/it\/wp-json\/wp\/v2\/users\/3"}],"replies":[{"embeddable":true,"href":"https:\/\/www.europesays.com\/it\/wp-json\/wp\/v2\/comments?post=660526"}],"version-history":[{"count":0,"href":"https:\/\/www.europesays.com\/it\/wp-json\/wp\/v2\/posts\/660526\/revisions"}],"wp:featuredmedia":[{"embeddable":true,"href":"https:\/\/www.europesays.com\/it\/wp-json\/wp\/v2\/media\/660527"}],"wp:attachment":[{"href":"https:\/\/www.europesays.com\/it\/wp-json\/wp\/v2\/media?parent=660526"}],"wp:term":[{"taxonomy":"category","embeddable":true,"href":"https:\/\/www.europesays.com\/it\/wp-json\/wp\/v2\/categories?post=660526"},{"taxonomy":"post_tag","embeddable":true,"href":"https:\/\/www.europesays.com\/it\/wp-json\/wp\/v2\/tags?post=660526"}],"curies":[{"name":"wp","href":"https:\/\/api.w.org\/{rel}","templated":true}]}}