{"id":660538,"date":"2026-09-02T00:09:18","date_gmt":"2026-09-02T00:09:18","guid":{"rendered":"https:\/\/www.europesays.com\/it\/660538\/"},"modified":"2026-09-02T00:09:18","modified_gmt":"2026-09-02T00:09:18","slug":"maria-spinelli-uccisa-al-rave-in-svizzera-la-mamma-volevo-dirle-che-ero-felice-per-lei","status":"publish","type":"post","link":"https:\/\/www.europesays.com\/it\/660538\/","title":{"rendered":"Maria Spinelli uccisa al rave in Svizzera, la mamma: \u00abVolevo dirle che ero felice per lei\u00bb"},"content":{"rendered":"<p>    di<br \/>\n    Andrea Galli<\/p>\n<p class=\"summary-art is-line-h-12\">Del killer, reo confesso, la Polizia non intende rendere noto nulla. Si tratta di un riservista di 43 anni, gi\u00e0 ricoverato per disagi mentali. La giovane, di origini abruzzesi, si era trasferita in Svizzera con il desiderio di trovare un lavoro stabile<\/p>\n<p class=\"chapter-paragraph\">DAL NOSTRO INVIATO<br \/>AARAU &#8211; Un perdurante, divorante <b>disagio mentale<\/b>. Che aveva causato plurimi ricoveri. Una malattia curata in parte. O quantomeno i servizi sociali se lo son perso. E alla fine, <b>la Svizzera in forte imbarazzo e crisi d\u2019immagine<\/b> dopo l\u2019ennesimo episodio di presunti insospettabili cittadini che distribuiscono morte, l\u2019ha rivisto in azione appunto come killer, come cecchino.<\/p>\n<p class=\"chapter-paragraph\">Lui, il 43enne. <b>L\u2019assassino di Maria Spinelli<\/b>, che s\u2019\u00e8 presto <b>costituito<\/b>, un <b>reo confesso anzich\u00e9 una preda stanata da un\u2019indagine esemplare<\/b> come pare la polizia millanti.<a href=\"https:\/\/www.corriere.it\/cronache\/26_agosto_31\/svizzera-fucilate-rave-commando-dinamica-d93064db-106a-4784-8586-12713939dxlk.shtml\" title=\"Svizzera, fucilate sul rave: muore una 22enne italiana. Il commando, i cancelli spalancati, le telecamere assenti: le ipotesi di una lite o un regolamento di conti\" target=\"_blank\" rel=\"nofollow noopener\"> Mirava e faceva fuoco, s\u00ec, a ripetizione, nella notte tra sabato e domenica  scorsi all\u2019ippodromo di Aarau,<\/a> ma privo d\u2019un piano  (e anche privo di precisione) altrimenti sarebbe arrivato a evento in corso e non quando esso era terminato da mezz\u2019ora, alle 2.10.    &#13;<br \/>\n&#13;<br \/>\n&#13;<br \/>\n&#13;<br \/>\n&#13;<br \/>\n&#13;<br \/>\n&#13;<br \/>\n&#13;<br \/>\n&#13;<br \/>\n&#13;<br \/>\n&#13;<br \/>\n&#13;<br \/>\n&#13;<br \/>\n&#13;<br \/>\n&#13;<br \/>\n&#13;<br \/>\n&#13;<br \/>\n&#13;<br \/>\n&#13;<br \/>\n&#13;<br \/>\n&#13;<br \/>\n&#13;<br \/>\n&#13;<br \/>\n&#13;<br \/>\n&#13;<br \/>\n&#13;<br \/>\n&#13;<br \/>\n&#13;<br \/>\n&#13;<br \/>\n&#13;<br \/>\n&#13;<br \/>\n&#13;<br \/>\n&#13;<br \/>\n&#13;<br \/>\n&#13;<br \/>\n&#13;<br \/>\n&#13;<br \/>\n&#13;<br \/>\n&#13;<br \/>\n&#13;<br \/>\n&#13;<br \/>\n&#13;<br \/>\n&#13;<br \/>\n&#13;<br \/>\n&#13;<br \/>\n&#13;<br \/>\n&#13;<br \/>\n&#13;<br \/>\n&#13;<br \/>\n&#13;<br \/>\n&#13;<br \/>\n&#13;<br \/>\n&#13;\n<\/p>\n<p class=\"chapter-paragraph\">Tra le 2.30 e le 2.40 <b>Maria era  ancora ferma in attesa d\u2019un amico dee-jay i<\/b>l quale s\u2019era attardato a salutare dei conoscenti. Dovevano far tappa in un locale. Il killer sparava con due armi compreso forse<b> il fucile rimastogli in eredit\u00e0 dopo il servizio di leva<\/b> e il lungo periodo, anche oltre i 40 anni d\u2019et\u00e0, della maggioranza degli svizzeri inquadrati in una sorta di riserva con periodici addestramenti.\u00a0Mancavano obiettivi dichiarati perch\u00e9 lo erano tutti quanti i giovani, 3.500, che partecipavano a quel super evento, <b>un rave party sulla spianata dell\u2019ippodromo<\/b>, nella zona sportiva della cittadina da 23 mila abitanti e cento nazionalit\u00e0 diverse iscritte all\u2019anagrafe.\u00a0<\/p>\n<p class=\"chapter-paragraph\">C\u2019\u00e8 sempre massima ammirazione, in Svizzera, e Aarau non \u00e8 per  da meno, nel vedere, nella fattispecie camminando fra  vie di caff\u00e8 e librerie, biciclette e passeggini, quanti incroci del mondo nei volti, negli abbigliamenti, nelle lingue, in armonia e rispetto.  <b>Maria aveva ricominciato davvero a vivere, dopo un passato straziante,<\/b> mischiandosi  alla comunit\u00e0 dei migranti come lei, abruzzese di Atri.\u00a0Nell\u2019indicibile tormento della perdita, l<b>a  mamma, la signora Gulmira, si dispera<\/b> in aggiunta proprio per questo inaspettato ripartire. Ascoltiamola (gli agenti l\u2019hanno accompagnata all\u2019istituto di medicina legale per il riconoscimento, col  supplemento assai penoso di tortuose, prolungate strategie  militari per evitare noi pochissimi, in numero di tre,  e discreti giornalisti): \u00abFiglia mia, proprio quella tua immensa felicit\u00e0 stonava dentro. Sentivo che qualcosa non andava&#8230; Non riuscivo a credere che dopo tante sofferenze la mia piccola Maria avesse trovato la sua oasi di pace&#8230;Un presentimento?<b>  Mi consuma un rimpianto immenso: non averti espresso  tutta la mia contentezza.<\/b>.. Accetta le scuse di una madre che non \u00e8 riuscita a proteggerti\u00bb.<\/p>\n<p class=\"chapter-paragraph\">La squadra di inquirenti \u00e8 stata coordinata dal <b>magistrato Christoph R\u00fcedi,<\/b> beneficiato dall\u2019immediata resa dell\u2019assassino: gli accertamenti degli agenti erano iniziati nel pieno caos, a lungo i detective avevano sostenuto addirittura l\u2019ipotesi del terrorismo pur senza rivendicazione alcuna e con i presunti attentatori che sarebbero  scappati anzich\u00e9 continuare a seminare terrore, e con errori sulla scena del crimine&#8230; Mercoled\u00ec l&#8217;appuntamento inutile dalla polizia medesima, conferenza  per illustrare gli elementi informativi mancanti. Ma tanto i portaborse del comandante, nell\u2019accompagnarci di nuovo alla porta <b>ostacolando la libert\u00e0 di stampa,<\/b> hanno anticipato che   <b>del killer non verr\u00e0 reso noto pressoch\u00e9 nulla. <\/b><br \/>Chiaro. <b>Silenziare la stampa, archiviare i fatti, buio.<\/b><\/p>\n<p class=\"chapter-paragraph\">Reduci noi italiani dalla <b>catastrofe  di Crans-Montana <\/b>(l\u2019incendio di Capodanno  nel bar fuorilegge), sosterremo il pi\u00f9 possibile<b> Gulmira, assistita dalla legale Antonella Crudeli, c<\/b>he giura di non muoversi fino alla restituzione della salma, per il rimpatrio. Vedremo le mosse della console a Basilea. Fiducia. <b>Ad Aarau v\u2019\u00e8 anche il pap\u00e0 di Maria (<\/b>i genitori sono separati), che ha chiesto al Governo d\u2019agevolare un volo di Stato per il sopra menzionato rimpatrio. L\u2019ippodromo \u00e8 chiuso al pubblico, sul retro gli addetti ai cavalli ci lanciano insulti. Non \u00e8 dato sapere quale o quali proiettili siano stati letali per Maria. Forse uno alla schiena, intanto che scappava. Mancano conferme. Come su uno dei giovani che si sono chinati per accertarsi se respirasse, e raggiunto sui glutei,  non in una zona del corpo nevralgica alla pari dei rimanenti 4 feriti.<\/p>\n<p class=\"is-mr-t-20 is-mr-b-20\"><b><br \/>\n                    <a href=\"https:\/\/milano.corriere.it\/?intcmp=Notizielocali_nd_010623_corriere_ss_milano\" target=\"_blank\" rel=\"nofollow noopener\">Vai a tutte le notizie di Milano<\/a><br \/>\n            <\/b><\/p>\n<p class=\"chapter-paragraph\"><b><a href=\"https:\/\/www.corriere.it\/newsletter\/?theme=41&amp;intcmp=IIIcolonna_NL_CorMilano\" target=\"_blank\" rel=\"nofollow noopener\">Iscriviti alla newsletter di Corriere Milano<\/a><\/b><\/p>\n<p class=\"is-last-update\" datetime=\"2026-09-01T22:13:34+02:00\">1 settembre 2026<\/p>\n<p class=\"is-copyright\">\n            \u00a9 RIPRODUZIONE RISERVATA\n        <\/p>\n","protected":false},"excerpt":{"rendered":"di Andrea Galli Del killer, reo confesso, la Polizia non intende rendere noto nulla. Si tratta di un&hellip;\n","protected":false},"author":3,"featured_media":660539,"comment_status":"","ping_status":"","sticky":false,"template":"","format":"standard","meta":{"footnotes":"","_share_on_mastodon":"0"},"categories":[79],"tags":[362255,364245,364246,364247,364248,364249,364250,364251,364252,364253,364254,364255,4111,206178,364256,13745,364257,364258,262583,364259,364260,2801,364261,364262,364263,3534,34006,16134,34554,14,93,94,451,1598,364244,11423,1537,90,89,7040,8428,4002,1259,362522,7,15,4474,531,24308,172441,118483,261879,34587,24752,90654,408,8093,11,84,91,12,85,92,549],"class_list":["post-660538","post","type-post","status-publish","format-standard","has-post-thumbnail","category-italia","tag-aarau","tag-aarau-papa","tag-aarau-papa-maria","tag-aarau-perdurante","tag-aarau-perdurante-divorante","tag-aarau-privo","tag-aarau-privo-piano","tag-aarau-vedere","tag-aarau-vedere-fattispecie","tag-abbigliamenti","tag-abbigliamenti-lingue","tag-abbigliamenti-lingue-armonia","tag-abitanti","tag-abitanti-nazionalita","tag-abitanti-nazionalita-diverse","tag-abruzzese","tag-abruzzese-atri","tag-abruzzese-atri-indicibile","tag-abruzzesi","tag-abruzzesi-trasferita","tag-abruzzesi-trasferita-svizzera","tag-accertamenti","tag-accertamenti-agenti","tag-accertamenti-agenti-iniziati","tag-accertarsi","tag-agenti","tag-anziche","tag-assassino","tag-confesso","tag-cronaca","tag-cronaca-italiana","tag-cronacaitaliana","tag-evento","tag-giovani","tag-gulmira","tag-ippodromo","tag-it","tag-italia","tag-italy","tag-killer","tag-legale","tag-mamma","tag-maria","tag-maria-spinelli","tag-news","tag-notizie","tag-noto","tag-polizia","tag-presunti","tag-privo","tag-rave","tag-reo","tag-reo-confesso","tag-rimpatrio","tag-spinelli","tag-stampa","tag-svizzera","tag-ultime-notizie","tag-ultime-notizie-e-news-di-oggi","tag-ultime-notizie-italia","tag-ultimenotizie","tag-ultimenotizieenewsdioggi","tag-ultimenotizieitalia","tag-zona"],"share_on_mastodon":{"url":"","error":"Validation failed: Text character limit of 500 exceeded"},"_links":{"self":[{"href":"https:\/\/www.europesays.com\/it\/wp-json\/wp\/v2\/posts\/660538","targetHints":{"allow":["GET"]}}],"collection":[{"href":"https:\/\/www.europesays.com\/it\/wp-json\/wp\/v2\/posts"}],"about":[{"href":"https:\/\/www.europesays.com\/it\/wp-json\/wp\/v2\/types\/post"}],"author":[{"embeddable":true,"href":"https:\/\/www.europesays.com\/it\/wp-json\/wp\/v2\/users\/3"}],"replies":[{"embeddable":true,"href":"https:\/\/www.europesays.com\/it\/wp-json\/wp\/v2\/comments?post=660538"}],"version-history":[{"count":0,"href":"https:\/\/www.europesays.com\/it\/wp-json\/wp\/v2\/posts\/660538\/revisions"}],"wp:featuredmedia":[{"embeddable":true,"href":"https:\/\/www.europesays.com\/it\/wp-json\/wp\/v2\/media\/660539"}],"wp:attachment":[{"href":"https:\/\/www.europesays.com\/it\/wp-json\/wp\/v2\/media?parent=660538"}],"wp:term":[{"taxonomy":"category","embeddable":true,"href":"https:\/\/www.europesays.com\/it\/wp-json\/wp\/v2\/categories?post=660538"},{"taxonomy":"post_tag","embeddable":true,"href":"https:\/\/www.europesays.com\/it\/wp-json\/wp\/v2\/tags?post=660538"}],"curies":[{"name":"wp","href":"https:\/\/api.w.org\/{rel}","templated":true}]}}