{"id":660549,"date":"2026-09-02T00:23:13","date_gmt":"2026-09-02T00:23:13","guid":{"rendered":"https:\/\/www.europesays.com\/it\/660549\/"},"modified":"2026-09-02T00:23:13","modified_gmt":"2026-09-02T00:23:13","slug":"milan-tomori-reintegrato-sara-lui-il-rinforzo-last-minute-in-difesa","status":"publish","type":"post","link":"https:\/\/www.europesays.com\/it\/660549\/","title":{"rendered":"Milan, Tomori reintegrato. Sar\u00e0 lui il rinforzo last minute in difesa"},"content":{"rendered":"<p>                                La trattativa col Fulham non \u00e8 andata in porto e il tecnico ha telefonato al difensore\u00a0<\/p>\n<p>            <a class=\"image is-50x50\" href=\"https:\/\/www.gazzetta.it\/redazione\/andrea-ramazzotti\/\" rel=\"nofollow noopener\" target=\"_blank\"><br \/>\n                <img decoding=\"async\" class=\"is-rounded\" src=\"https:\/\/www.europesays.com\/it\/wp-content\/uploads\/2025\/11\/andrea_ramazzotti_avatar.png\" alt=\"Andrea Ramazzotti\"\/><br \/>\n            <\/a><\/p>\n<p>Giornalista<\/p>\n<p>                    2 settembre &#8211; 01:07  &#8211; MILANO<\/p>\n<p class=\"paragraph\" spellcheck=\"true\">\u00c8 lui il primo a sapere la decisione della societ\u00e0 di reintegrarlo in rosa. A comunicarglielo \u00e8 stato il tecnico Amorim. E Fikayo Tomori \u00e8 stato contento della decisione presa dal club perch\u00e9, anche era stato inserito tra gli esuberi dopo il ritorno dalla tourn\u00e9e in Australia e Indonesia, la sua opzione preferita \u00e8 sempre stata quella di giocare ancora con il Milan. Almeno fino alla scadenza del suo contratto, valido fino al 30 giugno 2027. Il mercato  in entrata gli ha dato un assist perch\u00e9 Cardinale e i suoi uomini mercato non sono riusciti a trovare un elemento che facesse al caso della squadra. Un centrale che rinforzasse la squadra  e al tempo stesso fosse in un investimento \u201cgiusto\u201d per il progetto varato a maggio dal numero uno di RedBird.\u00a0<\/p>\n<p>        Niente Fulham\u2014 \u00a0<\/p>\n<p class=\"paragraph\" spellcheck=\"true\">Tomori ieri non era a Milanello perch\u00e9 era andato a Londra dove insieme al suo agente ha seguito l\u2019evolversi della trattativa con il Fulham, alla ricerca di un difensore. Aveva dato un\u2019apertura al trasferimento, ma lui e il suo entourage hanno chiaramente capito che non c\u2019erano i presupposti (n\u00e9 per lui n\u00e9 per il Milan) per arrivare a una fumata bianca. Ecco perch\u00e9 dal suo punto di vista la decisione di reintegrarlo, presa di comune accordo dal tecnico e dalla dirigenza, \u00e8 stata la migliore possibile. Fikayo \u00e8 uno dei quattro elementi che hanno vinto lo scudetto 2021-22 (gli altri sono Maignan, Gabbia e Saelemaekers) ed \u00e8 molto legato ai colori rossoneri e a Milano. Lo ha dimostrato nel corso del tempo sia dicendo di no (due volte) a un trasferimento alla Juventus e   a club inglesi  (Newcastle, Tottenham e Aston Villa) sia stringendo i denti nel finale della scorsa stagione quando \u00e8 sceso in campo nonostante avesse problemi fisici. Anche nelle settimane in cui si \u00e8 allenato a parte (con gli altri esuberi) ha lavorato con impegno e la condizione fisica non \u00e8 un problema. Riprender\u00e0 la sua maglia con il numero 23, che non era stato riassegnato. Sar\u00e0 utile per la rotazioni di un reparto nel quale Gabbia, che nelle ultime due settimane ha stretto i denti per un fastidio a una caviglia, potrebbe essere costretto a fermarsi una decina di giorni.\u00a0<\/p>\n<p><a class=\"is-partner-link\" href=\"https:\/\/fantacampionato.gazzetta.it\/?intcmp=FC2627_CTArticolo2627\" rel=\"nofollow noopener\" target=\"_blank\">60 milioni di fantallenatori, un&#8217;unica classifica nazionale: sfida l&#8217;Italia intera su Fantacampionato! Oltre 340.000\u20ac di montepremi. Gioca ora!<\/a><\/p>\n<p>        fofana\u2014 \u00a0<\/p>\n<p class=\"paragraph\" spellcheck=\"true\">Niente trasferimento neppure per Fofana e Bondo. Il primo ieri era di fatto un calciatore del Lione e l\u2019accordo tra i due club era stato raggiunto: prestito oneroso a 2 milioni con diritto di riscatto a 12 milioni. Il Lione per\u00f2 doveva rispettare l\u2019indice di liquidit\u00e0 e per tesserare Youssouf doveva cedere  Malick Fofana, conteso tra Sunderland e Crystal Palace. L\u2019operazione per Malick Fofana \u00e8 stata conclusa con il Sunderland (per 35 milioni pi\u00f9 bonus) dopo le 20, quando il mercato francese in entrata era chiuso. Adesso il Fofana&#8230; rossonero pu\u00f2 andare in Turchia dove il mercato chiude venerd\u00ec. Su di lui c\u2019\u00e8 il Besiktas di Italiano, ma altre squadre possono farsi sotto nelle prossime ore. Su tutte il Galatasaray che ha lavorato sul centrocampista francese prima che quest\u2019ultimo preferisse un trasferimento (poi sfumata) al Lione. Finale su Bondo: anche lui per il momento rester\u00e0   a Milanello e, anche  a lui in questi giorni sar\u00e0 cercata una sistemazione nei mercati aperti. Da inizio stagione si allena a parte.<\/p>\n<p class=\"is-copyright\">\u00a9 RIPRODUZIONE RISERVATA<\/p>\n","protected":false},"excerpt":{"rendered":"La trattativa col Fulham non \u00e8 andata in porto e il tecnico ha telefonato al difensore\u00a0 Giornalista 2&hellip;\n","protected":false},"author":3,"featured_media":660550,"comment_status":"","ping_status":"","sticky":false,"template":"","format":"standard","meta":{"footnotes":"","_share_on_mastodon":"0"},"categories":[1452],"tags":[579,50020,34240,721,554,1277,1368,16688,4053,2597,4974,5688,138767,1426,21096,1740,3368,34252,24659,1537,90,89,8427,7125,111590,352636,1412,553,23161,1312,1739,245,244,1857,3375,36020,8527],"class_list":["post-660549","post","type-post","status-publish","format-standard","has-post-thumbnail","category-calcio","tag-accordo","tag-amorim","tag-bondo","tag-calcio","tag-club","tag-dato","tag-decisione","tag-denti","tag-difensore","tag-doveva","tag-entrata","tag-esuberi","tag-fikayo","tag-finale","tag-fofana","tag-football","tag-francese","tag-fulham","tag-gabbia","tag-it","tag-italia","tag-italy","tag-lavorato","tag-lione","tag-malick","tag-malick-fofana","tag-mercato","tag-milan","tag-milanello","tag-numero","tag-soccer","tag-sport","tag-sports","tag-squadra","tag-tecnico","tag-tomori","tag-trasferimento"],"share_on_mastodon":{"url":"https:\/\/pubeurope.com\/@it\/117198600095753416","error":""},"_links":{"self":[{"href":"https:\/\/www.europesays.com\/it\/wp-json\/wp\/v2\/posts\/660549","targetHints":{"allow":["GET"]}}],"collection":[{"href":"https:\/\/www.europesays.com\/it\/wp-json\/wp\/v2\/posts"}],"about":[{"href":"https:\/\/www.europesays.com\/it\/wp-json\/wp\/v2\/types\/post"}],"author":[{"embeddable":true,"href":"https:\/\/www.europesays.com\/it\/wp-json\/wp\/v2\/users\/3"}],"replies":[{"embeddable":true,"href":"https:\/\/www.europesays.com\/it\/wp-json\/wp\/v2\/comments?post=660549"}],"version-history":[{"count":0,"href":"https:\/\/www.europesays.com\/it\/wp-json\/wp\/v2\/posts\/660549\/revisions"}],"wp:featuredmedia":[{"embeddable":true,"href":"https:\/\/www.europesays.com\/it\/wp-json\/wp\/v2\/media\/660550"}],"wp:attachment":[{"href":"https:\/\/www.europesays.com\/it\/wp-json\/wp\/v2\/media?parent=660549"}],"wp:term":[{"taxonomy":"category","embeddable":true,"href":"https:\/\/www.europesays.com\/it\/wp-json\/wp\/v2\/categories?post=660549"},{"taxonomy":"post_tag","embeddable":true,"href":"https:\/\/www.europesays.com\/it\/wp-json\/wp\/v2\/tags?post=660549"}],"curies":[{"name":"wp","href":"https:\/\/api.w.org\/{rel}","templated":true}]}}