{"id":660563,"date":"2026-09-02T00:31:12","date_gmt":"2026-09-02T00:31:12","guid":{"rendered":"https:\/\/www.europesays.com\/it\/660563\/"},"modified":"2026-09-02T00:31:12","modified_gmt":"2026-09-02T00:31:12","slug":"caso-di-dengue-ordinanza-urgente-disinfestazione-in-via-don-fanin-dal-3-settembre","status":"publish","type":"post","link":"https:\/\/www.europesays.com\/it\/660563\/","title":{"rendered":"Caso di dengue, ordinanza urgente: disinfestazione in via Don Fanin dal 3 settembre"},"content":{"rendered":"<p>Un caso accertato di Dengue, diagnosticato in un residente rientrato di recente dall&#8217;estero, ha spinto il sindaco di Monfalcone Luca Fasan a emettere un&#8217;ordinanza urgente e a ordinare una immediata disinfestazione. La zona interessata dalle misure \u00e8 via don Fanin e le aree circostanti, entro un raggio di 200 metri, che comprende edifici residenziali, spazi all&#8217;aperto e attivit\u00e0 produttive, ricreative e sportive.<\/p>\n<p><a href=\"https:\/\/www.triesteprima.it\/cronaca\/dengue-trieste-caso-agosto-2026.html\" rel=\"nofollow noopener\" target=\"_blank\">Il caso di Trieste: ecco come si \u00e8 intervenuti nella zona del viale XX Settembre<\/a>La disinfestazione<\/p>\n<p>In coordinamento con l&#8217;azienda sanitaria, \u00e8 stato organizzato un trattamento di disinfestazione affidato a una societ\u00e0 specializzata, che si svolger\u00e0 tra gioved\u00ec 3 e sabato 5 settembre. Gioved\u00ec alle ore 8 prenderanno il via la disinfestazione antivirale porta a porta e quella antilarvale nei fossati. Nelle notti tra gioved\u00ec e sabato, dalle ore 1 alle ore 5, si svolger\u00e0 invece la disinfestazione adulticida.<\/p>\n<p>&#8220;Appena ricevuta l&#8217;informazione &#8211; ha dichiarato il sindaco Luca Fasan &#8211; mi sono attivato con il dipartimento di Asugi diretto dalla dottoressa Ariella Breda, che ringrazio per la fattiva collaborazione, al fine di organizzare le misure necessarie a prevenire la diffusione di questa malattia virale, trasmessa attraverso la puntura di zanzare infette. Nell&#8217;area interessata, la ditta incaricata collocher\u00e0 appositi cartelli informativi relativi al trattamento previsto. In ogni caso, nell&#8217;ordinanza ho disposto che, durante la disinfestazione, si rimanga al chiuso, con le finestre e le porte ben chiuse, sospendendo il funzionamento degli impianti di ricambio dell&#8217;aria. Ho inoltre invitato i cittadini a raccogliere preventivamente la verdura e la frutta presenti negli orti o, in alternativa, a proteggere le piante&#8221;. Dopo Trieste e <a href=\"https:\/\/www.udinetoday.it\/cronaca\/febbre-dengue-disinfestazione-viale-duodo.html\" rel=\"nofollow noopener\" target=\"_blank\">Udine<\/a>, ecco che l&#8217;infezione \u00e8 arrivata anche a Monfalcone.\u00a0<\/p>\n<p>Le regole durante il trattamento<\/p>\n<p>L&#8217;ordinanza stabilisce che gli animali domestici siano tenuti al chiuso e che i loro ricoveri e le suppellettili siano protetti con teli di plastica. Al termine del trattamento, indossando guanti lavabili, si dovr\u00e0 procedere alla pulizia dei mobili e dei giochi dei bambini lasciati all&#8217;esterno ed esposti al prodotto. In caso di contatto accidentale con l&#8217;insetticida, la parte interessata dovr\u00e0 essere lavata abbondantemente con acqua e sapone.<\/p>\n<p>Le misure nelle prossime settimane<\/p>\n<p>L&#8217;ordinanza prevede anche una serie di misure da adottare nelle settimane successive nell&#8217;area interessata. Tra queste: evitare qualsiasi raccolta di acqua stagnante e l&#8217;abbandono di contenitori in spazi aperti pubblici e privati, inclusi terrazzi, balconi e lastrici solari; svuotare i contenitori dall&#8217;eventuale acqua presente e chiuderli con rete zanzariera o coperchio a tenuta, evitando di versare l&#8217;acqua nei tombini; mantenere cortili e aree aperte sgombri da erbacce, sterpi e rifiuti, sistemandoli in modo da evitare il ristagno delle acque; procedere al taglio periodico dell&#8217;erba nei cortili e nei terreni scoperti per non favorire l&#8217;annidamento delle zanzare adulte. I copertoni dovranno essere svuotati da eventuali raccolte d&#8217;acqua e stoccati in luoghi coperti o in contenitori dotati di coperchio oppure, se lasciati all&#8217;aperto, protetti con teli impermeabili.<\/p>\n","protected":false},"excerpt":{"rendered":"Un caso accertato di Dengue, diagnosticato in un residente rientrato di recente dall&#8217;estero, ha spinto il sindaco di&hellip;\n","protected":false},"author":3,"featured_media":660564,"comment_status":"","ping_status":"","sticky":false,"template":"","format":"standard","meta":{"footnotes":"","_share_on_mastodon":"0"},"categories":[175],"tags":[24071,23404,239,1537,90,89,240,371],"class_list":["post-660563","post","type-post","status-publish","format-standard","has-post-thumbnail","category-salute","tag-dengue","tag-disinfestazione","tag-health","tag-it","tag-italia","tag-italy","tag-salute","tag-zanzare"],"share_on_mastodon":{"url":"https:\/\/pubeurope.com\/@it\/117198630808353526","error":""},"_links":{"self":[{"href":"https:\/\/www.europesays.com\/it\/wp-json\/wp\/v2\/posts\/660563","targetHints":{"allow":["GET"]}}],"collection":[{"href":"https:\/\/www.europesays.com\/it\/wp-json\/wp\/v2\/posts"}],"about":[{"href":"https:\/\/www.europesays.com\/it\/wp-json\/wp\/v2\/types\/post"}],"author":[{"embeddable":true,"href":"https:\/\/www.europesays.com\/it\/wp-json\/wp\/v2\/users\/3"}],"replies":[{"embeddable":true,"href":"https:\/\/www.europesays.com\/it\/wp-json\/wp\/v2\/comments?post=660563"}],"version-history":[{"count":0,"href":"https:\/\/www.europesays.com\/it\/wp-json\/wp\/v2\/posts\/660563\/revisions"}],"wp:featuredmedia":[{"embeddable":true,"href":"https:\/\/www.europesays.com\/it\/wp-json\/wp\/v2\/media\/660564"}],"wp:attachment":[{"href":"https:\/\/www.europesays.com\/it\/wp-json\/wp\/v2\/media?parent=660563"}],"wp:term":[{"taxonomy":"category","embeddable":true,"href":"https:\/\/www.europesays.com\/it\/wp-json\/wp\/v2\/categories?post=660563"},{"taxonomy":"post_tag","embeddable":true,"href":"https:\/\/www.europesays.com\/it\/wp-json\/wp\/v2\/tags?post=660563"}],"curies":[{"name":"wp","href":"https:\/\/api.w.org\/{rel}","templated":true}]}}