{"id":660565,"date":"2026-09-02T00:32:28","date_gmt":"2026-09-02T00:32:28","guid":{"rendered":"https:\/\/www.europesays.com\/it\/660565\/"},"modified":"2026-09-02T00:32:28","modified_gmt":"2026-09-02T00:32:28","slug":"quando-inizia-affari-tuoi-nuovo-studio-a-milano-addio-a-gennarino-e-un-pacco-inedito","status":"publish","type":"post","link":"https:\/\/www.europesays.com\/it\/660565\/","title":{"rendered":"Quando inizia Affari Tuoi: nuovo studio a Milano, addio a Gennarino e un pacco inedito"},"content":{"rendered":"<p>Milano, 1 settembre 2026 \u2013 Si riaccendono le luci su <strong>Affari Tuoi<\/strong>. <strong>Stefano De Martino, Herbert Ballerina e Martina Miliddi <\/strong>sono pronti a tornare in studio, ma questa volta troveranno uno scenario completamente diverso. La pi\u00f9 evidente riguarda la sede. Dopo anni trascorsi al Teatro delle Vittorie di Roma, il programma si sposta infatti a Milano. Un cambiamento gi\u00e0 anticipato dalla Rai attraverso uno spot dal sapore cinematografico, che richiama una delle scene pi\u00f9 celebri di Tot\u00f2 e Peppino: De Martino e Herbert Ballerina arrivano nel capoluogo lombardo completamente imbacuccati, quasi dovessero affrontare il freddo del Polo Nord. Non sar\u00e0 per\u00f2 soltanto un cambio di indirizzo. La nuova edizione promette infatti qualche sorpresa anche sul fronte del cast, della scenografia e dello stesso gioco.<\/p>\n<p> <img alt=\"Stefano De Martino con Herbert Ballerina durante Affari Tuoi (Ansa)\" loading=\"lazy\" width=\"3072\" height=\"2048\" decoding=\"async\" data-nimg=\"1\" style=\"color:transparent;max-width:100%;height:auto\"   src=\"https:\/\/www.europesays.com\/it\/wp-content\/uploads\/2026\/09\/stefano-de-martino-con-herbert-ballerina-durante-affari-tuoi-ansa.webp\"\/><\/p>\n<p>Stefano De Martino con Herbert Ballerina durante Affari Tuoi (Ansa)<\/p>\n<p>La nuova stagione debutta il 6 settembre <\/p>\n<p>L&#8217;ultima puntata di <strong>Affari Tuoi<\/strong> dal Teatro delle Vittorie \u00e8 andata in onda sabato 18 luglio. <strong>Ora si riparte da Milano<\/strong>. Rispetto alle ultime due stagioni ci sar\u00e0 qualche giorno di attesa in pi\u00f9: nel 2024 e nel 2025 il debutto era arrivato il 2 settembre, mentre quest&#8217;anno <strong>la prima puntata \u00e8 fissata per domenica 6 settembre<\/strong>, sempre nella fascia dell&#8217;access prime time di Rai 1. La collocazione, dunque, resta quella che ha permesso al programma di diventare uno degli appuntamenti pi\u00f9 seguiti della televisione italiana.<\/p>\n<p> <img alt=\"Stefano De Martino\" loading=\"lazy\" width=\"1280\" height=\"720\" decoding=\"async\" data-nimg=\"1\" style=\"color:transparent;max-width:100%;height:auto\"   src=\"https:\/\/www.europesays.com\/it\/wp-content\/uploads\/2026\/09\/stefano-de-martino.webp\"\/><\/p>\n<p>Stefano De Martino<\/p>\n<p>La nuova stagione ha lo skyline di Milano <\/p>\n<p>Il cambio di indirizzo \u00e8 destinato a essere uno dei tratti distintivi della nuova stagione: <strong>i pacchi si spostano negli studi Rai di via Mecenate<\/strong>. Non si tratta soltanto di una scelta logistica: il nuovo spazio dovrebbe consentire alla produzione di ampliare la componente spettacolare della trasmissione. Negli ultimi mesi Affari Tuoi ha gi\u00e0 accentuato il suo lato pi\u00f9 leggero e televisivo, alternando il gioco a balletti, gag e piccoli momenti di intrattenimento. Con il nuovo studio questa tendenza potrebbe diventare ancora pi\u00f9 evidente.<\/p>\n<p>Approfondisci:<\/p>\n<p><a href=\"https:\/\/www.quotidiano.net\/cronaca\/montezemolo-in-ferrari-manca-leadership-solitudine-di-vasseur-okb831ho\" class=\"ArticleEmbed_article__embed__content__Jzqnz\" rel=\"nofollow noopener\" target=\"_blank\">Montezemolo: \u201cIn Ferrari manca leadership, avverto la solitudine di Vasseur. Ho grandissima simpatia per Kimi Antonelli\u201d<img alt=\"Montezemolo: \u201cIn Ferrari manca leadership, avverto la solitudine di Vasseur. Ho grandissima simpatia per Kimi Antonelli\u201d\" loading=\"lazy\" width=\"140\" height=\"78\" decoding=\"async\" data-nimg=\"1\" style=\"color:transparent\"  src=\"https:\/\/www.europesays.com\/it\/wp-content\/uploads\/2026\/09\/luca-cordero-di-monzezemolo-79-anni.webp\"\/><\/a> <\/p>\n<p> \u00c8 una direzione che si sposa bene con il ruolo conquistato da <strong>Stefano De Martino <\/strong>all&#8217;interno dell&#8217;intrattenimento Rai. Il conduttore, ormai sempre pi\u00f9 protagonista del prime time e dell&#8217;access prime time, ha trasformato il programma in uno spazio nel quale il gioco resta centrale, ma viene accompagnato da una componente di spettacolo sempre pi\u00f9 riconoscibile. Il ritorno a Milano potrebbe inoltre rendere pi\u00f9 semplice per De Martino conciliare gli impegni televisivi con la vita familiare, considerando anche la possibilit\u00e0 di organizzare diversamente la permanenza sul territorio lombardo.<\/p>\n<p> <img alt=\"Martina Miliddi\" loading=\"lazy\" width=\"3072\" height=\"2048\" decoding=\"async\" data-nimg=\"1\" style=\"color:transparent;max-width:100%;height:auto\"   src=\"https:\/\/www.europesays.com\/it\/wp-content\/uploads\/2026\/09\/martina-miliddi.webp\"\/><\/p>\n<p>Martina Miliddi<\/p>\n<p>Thanat e Lupo verso l&#8217;addio? <\/p>\n<p>Tra le incognite della nuova stagione c&#8217;\u00e8 anche il futuro di <strong>Thanat Pagliani e Pierluigi Lupo, <\/strong>due volti legati ad Affari Tuoi gi\u00e0 dall&#8217;epoca di Amadeus. Nell&#8217;ultima stagione la loro presenza si era progressivamente ridotta. Il loro spazio era rimasto soprattutto quello del pronostico finale, in particolare durante il momento dedicato alla Regione fortunata. Una partecipazione che non era sfuggita nemmeno a Herbert Ballerina, che aveva ironizzato sulla dinamica con una delle sue consuete battute, osservando che i due finivano semplicemente per dire una cosa ciascuno. Il passaggio a Milano potrebbe quindi coincidere con la loro uscita dal programma, anche se al momento non \u00e8 arrivata una conferma ufficiale. Le registrazioni e il nuovo assetto produttivo potrebbero rendere pi\u00f9 difficile la loro presenza continuativa.<\/p>\n<p>Gennarino non ci sar\u00e0: arriva una nuova mascotte <\/p>\n<p>Una certezza, invece, riguarda <strong>Gennarino<\/strong>. <a rel=\"follow nofollow noopener\" href=\"https:\/\/www.quotidiano.net\/magazine\/spettacoli\/affari-tuoi-cambia-casa-il-programma-si-sposta-a-milano-rivoluzione-nel-cast-gennarino-non-ci-sara-jy04r3df\" target=\"_blank\">Per la mascotte \u00e8 arrivato il momento di andare in pensione <\/a>e lasciare spazio alle novit\u00e0 di Affari tuoi. L\u2019addio \u00e8 legato all\u2019et\u00e0 di Seven \u2013 questo il vero nome di Gennarino \u2013 che avendo gi\u00e0 13 anni e mezzo, non riuscirebbe a sostenere i ritmi del viaggio da Roma a Milano. A spiegare la situazione \u00e8 stato Massimo Perla, il dog trainer che ha seguito l&#8217;addestramento del cane. La produzione, quindi, ha scelto di non sottoporre Gennarino a questo cambiamento. Ma l&#8217;assenza di Gennarino non significa che il pacco dedicato alla mascotte sparir\u00e0. Al contrario,<strong> nella nuova edizione \u00e8 prevista una nuova presenza a quattro zampe<\/strong>. Le anticipazioni parlano infatti di una nuova mascotte, alla quale sar\u00e0 associato uno dei venti pacchi del gioco. Il nome e le caratteristiche del nuovo arrivato, per\u00f2, restano ancora da scoprire.<\/p>\n<p> <img alt=\"Martina Miliddi con Stefano De Martino\" loading=\"lazy\" width=\"1600\" height=\"900\" decoding=\"async\" data-nimg=\"1\" style=\"color:transparent;max-width:100%;height:auto\"   src=\"https:\/\/www.europesays.com\/it\/wp-content\/uploads\/2026\/09\/martina-miliddi-con-stefano-de-martino.webp\"\/><\/p>\n<p>Martina Miliddi con Stefano De Martino<\/p>\n<p>Herbert Ballerina e Martina Miliddi confermati <\/p>\n<p>Nessun cambiamento, invece, per<strong> Herbert Ballerina e Martina Miliddi.<\/strong> I due erano arrivati nella scorsa stagione, contribuendo a dare ad Affari Tuoi un&#8217;impronta ancora pi\u00f9 orientata allo spettacolo. Sketch, gag e momenti musicali hanno trovato sempre pi\u00f9 spazio accanto alla tradizionale dinamica delle offerte e dei pacchi. La formula si \u00e8 rivelata efficace anche sul piano degli ascolti che hanno dato ragione alla nuova formula. Un risultato che ha contribuito a rendere sempre pi\u00f9 credibile la nuova anima dello show. E quella vena spettacolare non verr\u00e0 certo accantonata. Martina Miliddi porter\u00e0 ancora la danza tra i pacchi, Herbert Ballerina continuer\u00e0 invece a seminare gag lungo la puntata. Tra lui e Stefano De Martino, del resto, l&#8217;intesa sembra ormai rodata. Ne \u00e8 un esempio il siparietto nato quando il conduttore ha ricordato a Herbert che il padre sogna di vederlo ballare in televisione. La replica, naturalmente, \u00e8 arrivata senza esitazioni: \u201cA lui piace il ballo, a me non piace\u201d.<\/p>\n<p>Un nuovo pacco entra nel gioco <\/p>\n<p>Le novit\u00e0 non finiscono qui. La nuova edizione di Affari Tuoi introdurr\u00e0 anche <strong>un pacco completamente inedito.<\/strong> La sua presenza \u00e8 gi\u00e0 stata anticipata nelle descrizioni della prima puntata, ma per ora non sono stati svelati n\u00e9 il nome n\u00e9 le regole che lo accompagneranno. L&#8217;elemento dovrebbe comunque entrare stabilmente nelle partite, diventando una delle nuove caratteristiche della formula. A questo si aggiungeranno alcuni appuntamenti speciali distribuiti durante la stagione, pensati per ampliare ulteriormente la dimensione di intrattenimento del programma.<\/p>\n<p>Approfondisci:<\/p>\n<p><a href=\"https:\/\/www.quotidiano.net\/magazine\/spettacoli\/temptation-island-e-poi-e-poi-in-onda-a-settembre-che-fine-hanno-fatto-le-7-coppie-dopo-lestate-y00tiii2\" class=\"ArticleEmbed_article__embed__content__Jzqnz\" rel=\"nofollow noopener\" target=\"_blank\">Temptation Island E poi\u2026 E poi\u2026 in onda a settembre: che fine hanno fatto le 7 coppie dopo l\u2019estate<img alt=\"Temptation Island E poi\u2026 E poi\u2026 in onda a settembre: che fine hanno fatto le 7 coppie dopo l\u2019estate\" loading=\"lazy\" width=\"140\" height=\"78\" decoding=\"async\" data-nimg=\"1\" style=\"color:transparent\"  src=\"https:\/\/www.europesays.com\/it\/wp-content\/uploads\/2026\/09\/filippo-bisciglia.webp\"\/><\/a><br \/>\nConfermato anche il Super Premio Opel <\/p>\n<p>Tra le iniziative che ritroveranno spazio nella nuova stagione c&#8217;\u00e8 infine il <strong>Super Premio Opel.<\/strong> La novit\u00e0 era stata introdotta nel mese di giugno e rappresentava il primo progetto di brand integration realizzato nella storia di Affari Tuoi. L&#8217;esperimento proseguir\u00e0 anche con la nuova edizione, come gi\u00e0 annunciato da Rai Pubblicit\u00e0. Insomma, il programma cambia casa ma non identit\u00e0. Il meccanismo dei pacchi resta il cuore della trasmissione, mentre attorno al gioco cresce una componente sempre pi\u00f9 spettacolare. L&#8217;appuntamento \u00e8 dunque fissato per domenica 6 settembre su Rai 1. <strong>Stefano De Martino<\/strong> torner\u00e0 a guidare Affari Tuoi da Milano, con Herbert Ballerina e Martina Miliddi al suo fianco, mentre il pubblico dovr\u00e0 aspettare ancora un po&#8217; per conoscere la nuova mascotte e capire come funzioner\u00e0 il misterioso pacco inedito.<\/p>\n","protected":false},"excerpt":{"rendered":"Milano, 1 settembre 2026 \u2013 Si riaccendono le luci su Affari Tuoi. Stefano De Martino, Herbert Ballerina e&hellip;\n","protected":false},"author":3,"featured_media":660566,"comment_status":"","ping_status":"","sticky":false,"template":"","format":"standard","meta":{"footnotes":"","_share_on_mastodon":"0"},"categories":[174],"tags":[2983,178,203,96181,45884,8956,204,1537,90,89,28,5737,2128],"class_list":["post-660565","post","type-post","status-publish","format-standard","has-post-thumbnail","category-intrattenimento","tag-addio","tag-affari","tag-entertainment","tag-gennarino","tag-inedito","tag-inizia","tag-intrattenimento","tag-it","tag-italia","tag-italy","tag-milano","tag-pacco","tag-studio"],"share_on_mastodon":{"url":"https:\/\/pubeurope.com\/@it\/117198635758090892","error":""},"_links":{"self":[{"href":"https:\/\/www.europesays.com\/it\/wp-json\/wp\/v2\/posts\/660565","targetHints":{"allow":["GET"]}}],"collection":[{"href":"https:\/\/www.europesays.com\/it\/wp-json\/wp\/v2\/posts"}],"about":[{"href":"https:\/\/www.europesays.com\/it\/wp-json\/wp\/v2\/types\/post"}],"author":[{"embeddable":true,"href":"https:\/\/www.europesays.com\/it\/wp-json\/wp\/v2\/users\/3"}],"replies":[{"embeddable":true,"href":"https:\/\/www.europesays.com\/it\/wp-json\/wp\/v2\/comments?post=660565"}],"version-history":[{"count":0,"href":"https:\/\/www.europesays.com\/it\/wp-json\/wp\/v2\/posts\/660565\/revisions"}],"wp:featuredmedia":[{"embeddable":true,"href":"https:\/\/www.europesays.com\/it\/wp-json\/wp\/v2\/media\/660566"}],"wp:attachment":[{"href":"https:\/\/www.europesays.com\/it\/wp-json\/wp\/v2\/media?parent=660565"}],"wp:term":[{"taxonomy":"category","embeddable":true,"href":"https:\/\/www.europesays.com\/it\/wp-json\/wp\/v2\/categories?post=660565"},{"taxonomy":"post_tag","embeddable":true,"href":"https:\/\/www.europesays.com\/it\/wp-json\/wp\/v2\/tags?post=660565"}],"curies":[{"name":"wp","href":"https:\/\/api.w.org\/{rel}","templated":true}]}}