{"id":660569,"date":"2026-09-02T00:34:15","date_gmt":"2026-09-02T00:34:15","guid":{"rendered":"https:\/\/www.europesays.com\/it\/660569\/"},"modified":"2026-09-02T00:34:15","modified_gmt":"2026-09-02T00:34:15","slug":"addio-ai-cavi-in-fibra-per-la-connessione-veloce-per-96-comuni-della-bergamasca-arriva-la-nuova-tecnologia-via-radio","status":"publish","type":"post","link":"https:\/\/www.europesays.com\/it\/660569\/","title":{"rendered":"Addio ai cavi in fibra per la connessione veloce per 96 comuni della Bergamasca: arriva la nuova tecnologia via radio"},"content":{"rendered":"<p>La nuova rete di Eolo copre quasi il 40% dei Comuni della provincia. La tecnologia permette di raggiungere anche i centri e le zone dove \u00e8 pi\u00f9 difficile portare la fibra<\/p>\n<p class=\"chapter-paragraph\"><b>Internet ad alta velocit\u00e0 arriva in 96 Comuni della Bergamasca<\/b>, raggiungendo potenzialmente circa <b>500 mila persone<\/b>. Eolo ha esteso in questi territori la propria rete per le connessioni fisse, che pu\u00f2 raggiungere una velocit\u00e0 fino a <b>1 Gbps<\/b>. I Comuni interessati rappresentano quasi il<b> 40% del totale della provincia<\/b>.<\/p>\n<p class=\"chapter-paragraph\">La tecnologia utilizzata si chiama Fwa (Fixed Wireless Access) e, in termini semplici, permette di portare la connessione nelle case utilizzando anche <b>collegamenti via radio<\/b>, senza dover necessariamente far arrivare un cavo in fibra fino all\u2019abitazione. Una caratteristica che consente di raggiungere pi\u00f9 facilmente anche i piccoli centri e le aree dove realizzare le infrastrutture tradizionali pu\u00f2 risultare pi\u00f9 complesso.    &#13;<br \/>\n&#13;<br \/>\n&#13;<br \/>\n&#13;<br \/>\n&#13;<br \/>\n&#13;<br \/>\n&#13;<br \/>\n&#13;<br \/>\n&#13;<br \/>\n&#13;<br \/>\n&#13;<br \/>\n&#13;<br \/>\n&#13;<br \/>\n&#13;<br \/>\n&#13;<br \/>\n&#13;<br \/>\n&#13;<br \/>\n&#13;<br \/>\n&#13;<br \/>\n&#13;<br \/>\n&#13;<br \/>\n&#13;<br \/>\n&#13;<br \/>\n&#13;<br \/>\n&#13;<br \/>\n&#13;<br \/>\n&#13;<br \/>\n&#13;<br \/>\n&#13;<br \/>\n&#13;<br \/>\n&#13;<br \/>\n&#13;<br \/>\n&#13;<br \/>\n&#13;<br \/>\n&#13;<br \/>\n&#13;<br \/>\n&#13;<br \/>\n&#13;<br \/>\n&#13;<br \/>\n&#13;<br \/>\n&#13;<br \/>\n&#13;<br \/>\n&#13;<br \/>\n&#13;<br \/>\n&#13;<br \/>\n&#13;<br \/>\n&#13;<br \/>\n&#13;<br \/>\n&#13;<br \/>\n&#13;<br \/>\n&#13;<br \/>\n&#13;<br \/>\n&#13;\n<\/p>\n<p class=\"chapter-paragraph\">I 96 Comuni interessati dalla prima copertura in provincia di Bergamo sono Adrara San Martino, Alm\u00e8, Almenno San Bartolomeo, Almenno San Salvatore, Ambivere, Arcene, Arzago d\u2019Adda, Bagnatica, Bariano, Barzana, Berbenno, Blello, Bolgare, Boltiere, Bonate Sotto, Bossico, Brembate di Sopra, Brignano Gera d&#8217;Adda, Calcinate, Calvenzano, Canonica d\u2019Adda, Capizzone, Caravaggio, Casirate d\u2019Adda, Casnigo, Castelli Calepio, Castel Rozzone, Castione della Presolana, Castro, Cazzano Sant&#8217;Andrea, Cenate Sopra, Cenate Sotto, Chignolo d&#8217;Isola, Chiuduno, Ciserano, Cologno al Serio, Colzate, Comun Nuovo, Costa di Mezzate, Credaro, Curno, Dalmine, Fara Gera d\u2019Adda, Filago, Fornovo San Giovanni, Gandino, Gandosso, Ghisalba, Grumello del Monte, Lallio, Leffe, Levate, Locatello, Lovere, Lurano, Madone, Mapello, Misano di Gera d\u2019Adda, Morengo, Mozzo, Osio Sopra, Osio Sotto, Pagazzano, Paladina, Palazzago, Palosco, Parzanica, Peia, Pognano, Ponte San Pietro, Ponteranica, Pontirolo Nuovo, Predore, Presezzo, Riva di Solto, Roncola, Rota d&#8217;Imagna, Sarnico, Solto Collina, Sorisole, Spirano, Stezzano, Strozza, Telgate, Treviglio, Treviolo, Trescore Balneario, Urgnano, Valbrembo, Verdellino, Verdello, Viadanica, Villa d&#8217;Alm\u00e8, Villongo, Zanica e Zandobbio.<\/p>\n<p class=\"chapter-paragraph\">Il sistema \u00e8 pensato soprattutto per <b>ridurre le difficolt\u00e0 di accesso a connessioni veloci <\/b>nelle aree nelle quali portare le reti tradizionali richiede interventi pi\u00f9 complessi.\u00a0Per la realizzazione della nuova rete Eolo ha collaborato con diversi <b>partner tecnologici internazionali<\/b>, tra cui Nokia, Zte, Qualcomm, Mavenir, 6Wind e Thales.<\/p>\n<p class=\"is-last-update\" datetime=\"2026-09-01T16:27:58+02:00\">1 settembre 2026 ( modifica il 1 settembre 2026 | 16:27)<\/p>\n<p class=\"is-copyright\">\n            \u00a9 RIPRODUZIONE RISERVATA\n        <\/p>\n","protected":false},"excerpt":{"rendered":"La nuova rete di Eolo copre quasi il 40% dei Comuni della provincia. La tecnologia permette di raggiungere&hellip;\n","protected":false},"author":3,"featured_media":660570,"comment_status":"","ping_status":"","sticky":false,"template":"","format":"standard","meta":{"footnotes":"","_share_on_mastodon":"0"},"categories":[172],"tags":[2268,30478,178,364268,230165,364267,1018,2478,1404,177,364269,1052,8153,364270,364271,2142,38020,237334,29435,364265,364266,19458,1537,90,89,273,364272,364273,1696,20666,3492,438,364274,4061,6437,2518,364275,532,364276,196,17760,3556],"class_list":["post-660569","post","type-post","status-publish","format-standard","has-post-thumbnail","category-affari","tag-abitazione","tag-adda","tag-affari","tag-alme","tag-almenno","tag-almenno-san","tag-aree","tag-arriva","tag-bergamasca","tag-business","tag-cenate","tag-centri","tag-comuni","tag-comuni-bergamasca","tag-comuni-interessati","tag-connessione","tag-connessioni","tag-eolo","tag-fibra","tag-gera","tag-gera-adda","tag-interessati","tag-it","tag-italia","tag-italy","tag-nuova","tag-nuova-rete","tag-nuova-rete-eolo","tag-osio","tag-permette","tag-portare","tag-provincia","tag-provincia-tecnologia","tag-radio","tag-raggiungere","tag-rete","tag-rete-eolo","tag-san","tag-solto","tag-tecnologia","tag-tradizionali","tag-velocita"],"share_on_mastodon":{"url":"","error":"Validation failed: Text character limit of 500 exceeded"},"_links":{"self":[{"href":"https:\/\/www.europesays.com\/it\/wp-json\/wp\/v2\/posts\/660569","targetHints":{"allow":["GET"]}}],"collection":[{"href":"https:\/\/www.europesays.com\/it\/wp-json\/wp\/v2\/posts"}],"about":[{"href":"https:\/\/www.europesays.com\/it\/wp-json\/wp\/v2\/types\/post"}],"author":[{"embeddable":true,"href":"https:\/\/www.europesays.com\/it\/wp-json\/wp\/v2\/users\/3"}],"replies":[{"embeddable":true,"href":"https:\/\/www.europesays.com\/it\/wp-json\/wp\/v2\/comments?post=660569"}],"version-history":[{"count":0,"href":"https:\/\/www.europesays.com\/it\/wp-json\/wp\/v2\/posts\/660569\/revisions"}],"wp:featuredmedia":[{"embeddable":true,"href":"https:\/\/www.europesays.com\/it\/wp-json\/wp\/v2\/media\/660570"}],"wp:attachment":[{"href":"https:\/\/www.europesays.com\/it\/wp-json\/wp\/v2\/media?parent=660569"}],"wp:term":[{"taxonomy":"category","embeddable":true,"href":"https:\/\/www.europesays.com\/it\/wp-json\/wp\/v2\/categories?post=660569"},{"taxonomy":"post_tag","embeddable":true,"href":"https:\/\/www.europesays.com\/it\/wp-json\/wp\/v2\/tags?post=660569"}],"curies":[{"name":"wp","href":"https:\/\/api.w.org\/{rel}","templated":true}]}}