{"id":660573,"date":"2026-09-02T00:36:20","date_gmt":"2026-09-02T00:36:20","guid":{"rendered":"https:\/\/www.europesays.com\/it\/660573\/"},"modified":"2026-09-02T00:36:20","modified_gmt":"2026-09-02T00:36:20","slug":"dopo-la-grandine-a-cremona-e-assalto-alle-carrozzerie-proseguono-gli-interventi-sul-duomo-danneggiato-dalla-tromba-daria-foto-foto-1-di-14","status":"publish","type":"post","link":"https:\/\/www.europesays.com\/it\/660573\/","title":{"rendered":"Dopo la grandine, a Cremona \u00e8 &#8220;assalto&#8221; alle carrozzerie. Proseguono gli interventi sul Duomo danneggiato dalla tromba d&#8217;aria &#8211; Foto &#8211; Foto 1 di 14"},"content":{"rendered":"<p>Tutti in coda davanti alle carrozzerie e ai riparatori di parabrezza: sono giorni di super lavoro per i professionisti impegnati a gestire le migliaia di auto danneggiate dalla grandinata che lo scorso venerd\u00ec ha colpito Cremona. Mediamente, ogni carrozziere riceve dalle 20 alle 50 chiamate al giorno. <br \/>\u00abTra parabrezza sfondati, carrozzerie ammaccate e fanali rotti siamo sommersi &#8211; spiegano i carrozzieri -. La direzione quasi orizzontale del vento ha amplificato i danni sulle vetture e sui mezzi\u00bb. E con il riproporsi sempre pi\u00f9 frequente di eventi climatici estremi come quello di venerd\u00ec scorso, \u00abil consiglio \u00e8 quello di tutelarsi il pi\u00f9 possibile, anche a livello assicurativo\u00bb. <br \/>C&#8217;\u00e8 poi chi lotta non solo con i danni altrui, ma anche con i propri. \u00c8 il caso della carrozzeria Gulla, in via Mantova: aperta e pienamente operativa nonostante la supercella ne abbia scoperchiato il tetto. \u00abLuned\u00ec, primo giorno di apertura dopo il disastro, contavamo gi\u00e0 un centinaio di richieste di riparazione &#8211; chiarisce il titolare Massimiliano Gulla &#8211; e adesso il telefono continua a squillare. Stiamo dicendo ai clienti che chi \u00e8 assicurato deve procedere con l\u2019apertura del sinistro con l&#8217;assicurazione. La procedura prevista \u00e8 interamente telematica. Bisogna rispettarla, in modo da evitare il congestionamento del sistema\u00bb.<\/p>\n<p><img loading=\"lazy\" decoding=\"async\" src=\"https:\/\/www.europesays.com\/it\/wp-content\/uploads\/2026\/09\/cr5-1788293558218.webp\" alt=\"\" width=\"1200\" height=\"900\" caption=\"false\"\/><\/p>\n<p><strong>Dopo la grandine le truffe, l&#8217;allarme sciacalli a Cremona<br \/><\/strong>Dopo l\u2019intervento di ieri sulla torre civica di palazzo comunale, con un\u2019operazione altrettanto spettacolare ma ancora pi\u00f9 delicata i vigili del fuoco hanno iniziato oggi a mettere in sicurezza <strong>la cattedrale di Cremona<\/strong>, diventata con la sua guglia spezzata il simbolo della citt\u00e0 lombarda colpita al cuore dalla tempesta di grandine e vento dello scorso venerd\u00ec, mentre i carabinieri invitano a fare attenzione agli sciacalli che approfittano dei guai dovuti al maltempo per rubare nelle case o far truffe con finte raccolte fondi. <br \/>A muoversi sul duomo, utilizzando corde, imbragature e una speciale gru alta 42 metri arrivata dal Comando di Bologna, sono stati gli operatori del Nucleo Speleo alpino fluviale. Dalle nove del mattino alle quattro e mezza del pomeriggio hanno passato al setaccio la facciata e i lati muovendosi in tre fasi.<\/p>\n<p>    <a href=\"https:\/\/www.gazzettadiparma.it\/italia-mondo\/2026\/09\/01\/news\/a-cremona-una-gru-di-42-metri-per-la-messa-in-sicurezza-della-cattedrale-964889\/?utm_source=VCMS_correlati\" class=\"vc_cont_image\" rel=\"nofollow noopener\" target=\"_blank\"><img decoding=\"async\" class=\"vc_image\" src=\"https:\/\/www.europesays.com\/it\/wp-content\/uploads\/2026\/09\/a07ab6bf5765abc6a38496b9ec1bbf87.jpg--.webp\"\/><\/a><\/p>\n<p>La prima, in accordo con la Soprintendenza, prevedeva il <strong>repertamento fotografico di tutti gli elementi da rimuovere<\/strong>, cos\u00ec da poterli poi ricollocare nello stesso identico punto durante la futura sistemazione. Nella seconda sono state levate tutte la parti danneggiate e a rischio crollo, dalla pietre fino al capitello caduto, recuperato nel <strong>tetto sfondato<\/strong>. Per finire, ultimata la bonifica dei detriti e degli elementi pericolanti, \u00e8 stato &#8220;incerottato&#8221; il buco rimasto dopo il crollo della guglia per evitare infiltrazioni. <br \/>\u00abLa priorit\u00e0 era la sicurezza di fedeli e turisti che vengono nella cattedrale rimasta sempre aperta e cos\u00ec siamo tranquilli &#8211; ha spiegato il rettore, monsignor Gianluca Gaiardi -. Ora speriamo di poter provvedere presto al restauro\u00bb. Con lui, in piazza con lo sguardo rivolto verso l\u2019alto, anche il vescovo Antonio Napolioni: \u00abLa nostra cattedrale sar\u00e0 sistemata, ma ora \u00e8 pi\u00f9 importante ringraziare il Signore perch\u00e9 non ci sono state vittime. E potevano esserci. I nostri monumenti feriti sono solo simboli di una vulnerabilit\u00e0 molto pi\u00f9 grande, che fa parte della nostra condizioni umana e con cui dobbiamo confrontarci&#8221; ha riflettuto il vescovo.<\/p>\n<p><img loading=\"lazy\" decoding=\"async\" src=\"https:\/\/www.europesays.com\/it\/wp-content\/uploads\/2026\/09\/cr2-1788293575178.webp\" alt=\"\" width=\"1200\" height=\"879\" caption=\"false\"\/><\/p>\n<p>Intanto, mentre i nuovi sopralluoghi eseguiti nelle scuole confermano che, fatta salva qualche limitazione, l\u2019anno scolastico partir\u00e0 regolarmente in tutti gli istituti cremonesi, <strong>scatta l\u2019allarme sciacalli<\/strong>. Lo hanno lanciato, raccomandando prudenza e massima attenzione, i carabinieri che raccomandano di diffidare da richieste anomale, come quelle di finti periti o falsi tecnici che spacciandosi per inviati dall\u2019assicurazione, piuttosto che per tecnici comunali, provinciali o di enti amministrativi, con il pretesto di dover effettuare sopralluoghi per la conta dei danni cercano di introdursi nelle abitazioni e chiedono soldi per spese di istruttoria o per accelerare i rimborsi. \u00abAttenzione &#8211; invitano dall\u2019Arma &#8211; anche alle collette di beneficenza fasulle porta a porta\u00bb.\u00a0<strong>Mauro Cabrini (agenzia Ansa)\u00a0<\/strong><\/p>\n<p><img loading=\"lazy\" decoding=\"async\" src=\"https:\/\/www.europesays.com\/it\/wp-content\/uploads\/2026\/09\/cr1-1788293589162.webp\" alt=\"\" width=\"1200\" height=\"1600\" caption=\"false\"\/><\/p>\n<p role=\"heading\" aria-level=\"2\" class=\"text \">\u00a9 Riproduzione riservata<\/p>\n","protected":false},"excerpt":{"rendered":"Tutti in coda davanti alle carrozzerie e ai riparatori di parabrezza: sono giorni di super lavoro per i&hellip;\n","protected":false},"author":3,"featured_media":660574,"comment_status":"","ping_status":"","sticky":false,"template":"","format":"standard","meta":{"footnotes":"","_share_on_mastodon":"0"},"categories":[79],"tags":[67340,22539,5665,14,93,94,420,1537,90,89,437,7,15,44227,11,84,91,12,85,92],"class_list":["post-660573","post","type-post","status-publish","format-standard","has-post-thumbnail","category-italia","tag-carrozzerie","tag-cattedrale","tag-cremona","tag-cronaca","tag-cronaca-italiana","tag-cronacaitaliana","tag-danni","tag-it","tag-italia","tag-italy","tag-maltempo","tag-news","tag-notizie","tag-tromba-daria","tag-ultime-notizie","tag-ultime-notizie-e-news-di-oggi","tag-ultime-notizie-italia","tag-ultimenotizie","tag-ultimenotizieenewsdioggi","tag-ultimenotizieitalia"],"share_on_mastodon":{"url":"https:\/\/pubeurope.com\/@it\/117198651240785536","error":""},"_links":{"self":[{"href":"https:\/\/www.europesays.com\/it\/wp-json\/wp\/v2\/posts\/660573","targetHints":{"allow":["GET"]}}],"collection":[{"href":"https:\/\/www.europesays.com\/it\/wp-json\/wp\/v2\/posts"}],"about":[{"href":"https:\/\/www.europesays.com\/it\/wp-json\/wp\/v2\/types\/post"}],"author":[{"embeddable":true,"href":"https:\/\/www.europesays.com\/it\/wp-json\/wp\/v2\/users\/3"}],"replies":[{"embeddable":true,"href":"https:\/\/www.europesays.com\/it\/wp-json\/wp\/v2\/comments?post=660573"}],"version-history":[{"count":0,"href":"https:\/\/www.europesays.com\/it\/wp-json\/wp\/v2\/posts\/660573\/revisions"}],"wp:featuredmedia":[{"embeddable":true,"href":"https:\/\/www.europesays.com\/it\/wp-json\/wp\/v2\/media\/660574"}],"wp:attachment":[{"href":"https:\/\/www.europesays.com\/it\/wp-json\/wp\/v2\/media?parent=660573"}],"wp:term":[{"taxonomy":"category","embeddable":true,"href":"https:\/\/www.europesays.com\/it\/wp-json\/wp\/v2\/categories?post=660573"},{"taxonomy":"post_tag","embeddable":true,"href":"https:\/\/www.europesays.com\/it\/wp-json\/wp\/v2\/tags?post=660573"}],"curies":[{"name":"wp","href":"https:\/\/api.w.org\/{rel}","templated":true}]}}