{"id":660579,"date":"2026-09-02T00:45:23","date_gmt":"2026-09-02T00:45:23","guid":{"rendered":"https:\/\/www.europesays.com\/it\/660579\/"},"modified":"2026-09-02T00:45:23","modified_gmt":"2026-09-02T00:45:23","slug":"bologna-cambio-di-guardia-al-circolo-tennis-nettuno-arriva-un-gestore-temporaneo-e-lassociazione-barca-reno","status":"publish","type":"post","link":"https:\/\/www.europesays.com\/it\/660579\/","title":{"rendered":"Bologna, cambio di guardia al circolo tennis Nettuno: arriva un gestore temporaneo, \u00e8 l&#8217;associazione Barca Reno"},"content":{"rendered":"<p>    di<br \/>\n    Fernando Pellerano<\/p>\n<p class=\"summary-art is-line-h-12\">Nella complicatissima vicenda il Comune ha deciso di far entrare i nuovi gestori, ma tra settembre e ottobre sono attese nuove udienze al Tar<\/p>\n<p class=\"chapter-paragraph\">Cambio di guardia al circolo Nettuno Tennis di via Fancelli. L\u2019avventura del gestore vincitore dell\u2019ultimo bando di concessione, <a href=\"https:\/\/corrieredibologna.corriere.it\/notizie\/cronaca\/26_agosto_04\/circolo-nettuno-i-gestori-vanno-al-tar-contro-il-comune-non-siamo-abusivi-e-non-capiamo-cosa-stia-accadendo-4e2bc89e-d72a-42d0-b3fd-5aabd00ddxlk.shtml\" title=\"Circolo Nettuno, i gestori vanno al Tar contro il Comune: \u00abNon siamo abusivi e non capiamo cosa stia accadendo\u00bb\" rel=\"nofollow noopener\" target=\"_blank\">la Nettuno Sport Center<\/a>, associazione costituita ad hoc per partecipare alla gara, si sta per concludere: il 10 settembre, secondo una determinazione dirigenziale del Comune di Bologna che <a href=\"https:\/\/corrieredibologna.corriere.it\/notizie\/cronaca\/26_giugno_10\/nettuno-tennis-bando-giudizio-9bd7ae1f-4011-4654-9bb2-bc0525ef1xlk.shtml\" title=\"Bologna, a giudizio la nuova gestione del circolo Nettuno Tennis. L\u2019accusa: \u00abFalsa certificazione per partecipare al bando\u00bb. E il futuro resta un rebus\" rel=\"nofollow noopener\" target=\"_blank\">ricostruisce le vicende (molto giudiziarie) del circolo<\/a>, i gestori dovranno riconsegnare il centro sportivo all\u2019amministrazione che il <b>7 ottobre del 2025<\/b>, dopo neppure un anno di gestione di NSC, decise per la risoluzione del contratto per <b>inadempienze contrattuali<\/b> (mancati investimenti previsti nel project financing).\u00a0<\/p>\n<p>    Dopo oltre 10 mesi c&#8217;\u00e8 il subentro dell&#8217;ASD Barca Reno<\/p>\n<p class=\"chapter-paragraph\">Dopo oltre 10 mesi di proroghe, legate ai tempi previsti dai<b> continui ricorsi e contro <a href=\"https:\/\/corrieredibologna.corriere.it\/notizie\/cronaca\/26_agosto_04\/circolo-nettuno-i-gestori-vanno-al-tar-contro-il-comune-non-siamo-abusivi-e-non-capiamo-cosa-stia-accadendo-4e2bc89e-d72a-42d0-b3fd-5aabd00ddxlk.shtml\" title=\"Circolo Nettuno, i gestori vanno al Tar contro il Comune: \u00abNon siamo abusivi e non capiamo cosa stia accadendo\u00bb\" rel=\"nofollow noopener\" target=\"_blank\">ricorsi al Tar<\/a><\/b>, in cui la NSC ha continuato ad operare (per non lasciare senza servizi la collettivit\u00e0, questo il senso del prolungamento nonostante le inadempienze), il Comune ha deciso di far subentrare un\u2019altra realt\u00e0, la <b>ASD Barca Reno<\/b>, a partire dal 10 settembre (dopo la riconsegna del bene) in attesa di pubblicare un nuovo bando. <b>Subentro quindi temporaneo<\/b>. Non solo. Anche questa assegnazione temporanea \u00e8 un punto assai dibattuto, dato che il Tar, interpellato su chi ha diritto a subentrare, ha stabilito che spetta al secondo classificato nel bando vinto da NSC, ovvero il <b>Nettuno Tennis Club<\/b>, storico gestore di via Fancelli. Gli attuali gestori hanno per\u00f2 fatto appello, tutto \u00e8 stato sospeso, la sentenza \u00e8 prevista il <b>21 ottobre<\/b>.    &#13;<br \/>\n&#13;<br \/>\n&#13;<br \/>\n&#13;<br \/>\n&#13;<br \/>\n&#13;<br \/>\n&#13;<br \/>\n&#13;<br \/>\n&#13;<br \/>\n&#13;<br \/>\n&#13;<br \/>\n&#13;<br \/>\n&#13;<br \/>\n&#13;<br \/>\n&#13;<br \/>\n&#13;<br \/>\n&#13;<br \/>\n&#13;<br \/>\n&#13;<br \/>\n&#13;<br \/>\n&#13;<br \/>\n&#13;<br \/>\n&#13;<br \/>\n&#13;<br \/>\n&#13;<br \/>\n&#13;<br \/>\n&#13;<br \/>\n&#13;<br \/>\n&#13;<br \/>\n&#13;<br \/>\n&#13;<br \/>\n&#13;<br \/>\n&#13;<br \/>\n&#13;<br \/>\n&#13;<br \/>\n&#13;<br \/>\n&#13;<br \/>\n&#13;<br \/>\n&#13;<br \/>\n&#13;<br \/>\n&#13;<br \/>\n&#13;<br \/>\n&#13;<br \/>\n&#13;<br \/>\n&#13;<br \/>\n&#13;<br \/>\n&#13;<br \/>\n&#13;<br \/>\n&#13;<br \/>\n&#13;<br \/>\n&#13;<br \/>\n&#13;<br \/>\n&#13;\n<\/p>\n<p>    Il 9\u00a0 settembre e il 21 ottobre nuove pronunce\u00a0 del Tar<\/p>\n<p class=\"chapter-paragraph\">Resta da capire cosa succede se fra 10 giorni subentra l\u2019ASD Barca Reno e un mese dopo la giustizia amministrativa conferma che la realt\u00e0 che ha diritto a prendere il posto di NSC \u00e8 il Nettuno Tennis Club. Il giorno prima della riconsegna comunque ci sar\u00e0 invece un\u2019altra sentenza del Tar, quindi mercoled\u00ec 9 settembre, che dovr\u00e0 decidere sull\u2019ennesima opposizione di NSC al rilascio del bene.<\/p>\n<p>    Il Comune si accolla il costo di nuove tensostrutture<\/p>\n<p class=\"chapter-paragraph\">La vicenda, lunghissima, si \u00e8 trascinata per quasi un anno, in un clima fortemente conflittuale, nonostante la decisione  da parte dell\u2019amministrazione di chiudere il contratto con NSC per inadempienza gi\u00e0 nell\u2019ottobre scorso: solo ora il Comune, insieme al quartiere che ha curato il bando \u00abincriminato\u00bb,<b> ha deciso che non si pu\u00f2 andare oltre e che il servizio ai cittadini va garantito. <\/b>A tal punto che si accoller\u00e0 l\u2019onere di riattivare la copertura dei campi da tennis con delle nuove tensostrutture e quello del ripristino del campo da calcio a 7.<\/p>\n<p class=\"chapter-paragraph\">Intanto NSC ha lanciato per questa settimana e fino all\u201911 settembre un open day al centro per adulti e ragazzi, per <b>raccogliere nuove iscrizioni<\/b>. Infine va ricordato che sull\u2019incipit di questa assegnazione grava anche una<b> pesante accusa di carattere penale <\/b>rivolta ai rappresentanti di NSC \u00abper falsa autocertificazione\u00bb legata all\u2019avvalimento con la societ\u00e0 sportiva Padova Nuovo (titolo necessario per partecipare alla gara) \u2014 ovvero la retrodatazione di una firma \u2014 che verr\u00e0 affrontata <b>nell\u2019autunno del \u201927 nell\u2019udienza del 26 settembre fissata dal tribunale di Bologna<\/b> (quando per\u00f2 NSC dovrebbe gi\u00e0 aver riconsegnato il bene).<\/p>\n<p class=\"is-mr-t-20 is-mr-b-20\"><b><br \/>\n                    <a href=\"https:\/\/corrieredibologna.corriere.it\/?intcmp=Notizielocali_nd_010623_corriere_ss_bologna\" target=\"_blank\" rel=\"nofollow noopener\">Vai a tutte le notizie di Bologna<\/a><br \/>\n            <\/b><\/p>\n<p class=\"chapter-paragraph\"><b><a href=\"https:\/\/www.corriere.it\/newsletter\/?theme=38&amp;intcmp=NL-artic_nd_050624_corriere_ss_bologna\" target=\"_blank\" rel=\"nofollow noopener\">Iscriviti alla newsletter del Corriere di Bologna<\/a><\/b><\/p>\n<p class=\"is-last-update\" datetime=\"2026-09-01T06:30:09+02:00\">1 settembre 2026<\/p>\n<p class=\"is-copyright\">\n            \u00a9 RIPRODUZIONE RISERVATA\n        <\/p>\n","protected":false},"excerpt":{"rendered":"di Fernando Pellerano Nella complicatissima vicenda il Comune ha deciso di far entrare i nuovi gestori, ma tra&hellip;\n","protected":false},"author":3,"featured_media":660580,"comment_status":"","ping_status":"","sticky":false,"template":"","format":"standard","meta":{"footnotes":"","_share_on_mastodon":"0"},"categories":[1457],"tags":[2537,31,60357,364278,364279,1022,2332,1841,4119,364277,586,6099,282717,364280,104,20574,554,393,364281,364282,6693,3059,364283,806,23984,20022,1537,90,89,11227,26178,23979,2508,893,128357,407,245,244,2694,1273],"class_list":["post-660579","post","type-post","status-publish","format-standard","has-post-thumbnail","category-tennis","tag-altra","tag-amministrazione","tag-asd","tag-asd-barca","tag-asd-barca-reno","tag-assegnazione","tag-associazione","tag-bando","tag-barca","tag-barca-reno","tag-bologna","tag-cambio","tag-cambio-guardia","tag-cambio-guardia-circolo","tag-centro","tag-circolo","tag-club","tag-comune","tag-comune-deciso","tag-comune-deciso-far","tag-contratto","tag-deciso","tag-deciso-far","tag-diritto","tag-gestore","tag-gestori","tag-it","tag-italia","tag-italy","tag-nettuno","tag-nettuno-tennis","tag-nsc","tag-nuove","tag-ottobre","tag-reno","tag-settembre","tag-sport","tag-sports","tag-tar","tag-tennis"],"share_on_mastodon":{"url":"","error":"Validation failed: Text character limit of 500 exceeded"},"_links":{"self":[{"href":"https:\/\/www.europesays.com\/it\/wp-json\/wp\/v2\/posts\/660579","targetHints":{"allow":["GET"]}}],"collection":[{"href":"https:\/\/www.europesays.com\/it\/wp-json\/wp\/v2\/posts"}],"about":[{"href":"https:\/\/www.europesays.com\/it\/wp-json\/wp\/v2\/types\/post"}],"author":[{"embeddable":true,"href":"https:\/\/www.europesays.com\/it\/wp-json\/wp\/v2\/users\/3"}],"replies":[{"embeddable":true,"href":"https:\/\/www.europesays.com\/it\/wp-json\/wp\/v2\/comments?post=660579"}],"version-history":[{"count":0,"href":"https:\/\/www.europesays.com\/it\/wp-json\/wp\/v2\/posts\/660579\/revisions"}],"wp:featuredmedia":[{"embeddable":true,"href":"https:\/\/www.europesays.com\/it\/wp-json\/wp\/v2\/media\/660580"}],"wp:attachment":[{"href":"https:\/\/www.europesays.com\/it\/wp-json\/wp\/v2\/media?parent=660579"}],"wp:term":[{"taxonomy":"category","embeddable":true,"href":"https:\/\/www.europesays.com\/it\/wp-json\/wp\/v2\/categories?post=660579"},{"taxonomy":"post_tag","embeddable":true,"href":"https:\/\/www.europesays.com\/it\/wp-json\/wp\/v2\/tags?post=660579"}],"curies":[{"name":"wp","href":"https:\/\/api.w.org\/{rel}","templated":true}]}}