{"id":660588,"date":"2026-09-02T00:54:14","date_gmt":"2026-09-02T00:54:14","guid":{"rendered":"https:\/\/www.europesays.com\/it\/660588\/"},"modified":"2026-09-02T00:54:14","modified_gmt":"2026-09-02T00:54:14","slug":"la-ruota-della-fortuna-scotti-anticipa-una-serie-di-novita-il-trionfo-della-campionessa","status":"publish","type":"post","link":"https:\/\/www.europesays.com\/it\/660588\/","title":{"rendered":"La Ruota della Fortuna, Scotti anticipa: &#8220;Una serie di novit\u00e0&#8221;. Il trionfo della Campionessa"},"content":{"rendered":"<p>Come ogni sera, <strong>Gerry<\/strong> <strong>Scotti<\/strong> e <strong>Samira<\/strong> <strong>Lui<\/strong> hanno tenuto compagnia al pubblico di Mediaset con una nuova puntata de La Ruota della Fortuna, il programma che \u00e8 ormai ufficialmente un caso unico nella storia della televisione italiana. In onda da pi\u00f9 di un anno, in ogni stagione, quella del primo settembre \u00e8 stata una puntata che ha visto il trionfo della Campionessa Giulia.\n<\/p>\n<p>La Ruota della Fortuna, cos\u2019\u00e8 successo nella puntata del 1\u00b0 settembre<\/p>\n<p>Si \u00e8 sentita l\u2019aria settembrina all\u2019interno dello studio de La Ruota della Fortuna: manca pochissimo al ritorno del competitor per eccellenza, perch\u00e9 <a href=\"https:\/\/dilei.it\/star-e-vip\/stefano-de-martino\/\" rel=\"nofollow noopener\" target=\"_blank\">Stefano De Martino<\/a> \u00e8 pronto a tornare in onda con Affari Tuoi il 6 settembre. E se questo \u00e8 uno dei mesi prediletti di Scotti, perch\u00e9 gli ricorda quando tornava bambino, \u00e8 anche campale per la televisione, che si appresta \u2013 finalmente \u2013 a uscire dal torpore estivo.<\/p>\n<p>Tanti i programmi che tornano in onda, ma La Ruota c\u2019\u00e8 sempre stata: il 1\u00b0 settembre abbiamo ritrovato la <strong>Campionessa Giulia<\/strong>, una \u201cgran brava Campionessa\u201d, cos\u00ec l\u2019ha presentata <a href=\"https:\/\/dilei.it\/star-e-vip\/gerry-scotti\/\" rel=\"nofollow noopener\" target=\"_blank\">Gerry Scotti<\/a> al pubblico e agli sfidanti, <strong>Alberto<\/strong> e <strong>Gaia<\/strong>. Prima di dare il via al gioco con la prima manche, Piatti Estivi \u2013 dedicata al b\u00e1nh x\u00e8o \u2013 Scotti ha voluto celebrare il programma e i risultati ottenuti: \u201cSiamo un caso unico nella storia della televisione italiana. Per un anno intero abbiamo fatto tutte le stagioni e dobbiamo dire solo grazie al nostro pubblico\u201d.<\/p>\n<p>Chi ha vinto<\/p>\n<p>Il tabellone dei Piatti Estivi \u00e8 stato risolto da Giulia, anche se mancavano solo quattro lettere al completamento; una ricetta che non ha convinto molto il conduttore, che aspetta ancora quella dei suoi sogni, prima che La Ruota in versione estiva finisca. Si \u00e8 susseguita, come da copione, una manche dopo l\u2019altra; <strong>In fondo al mar<\/strong>, dedicata alla lepre di mare, poi il tabellone dedicato ai Tormentoni (su Para no verte m\u00e1s, brano del 1999).<\/p>\n<p>Come ogni sera, La Ruota ha riservato le sue sorprese; Gaia era a zero, poi \u00e8 andata a 8.800 euro e ha perso tutto. \u201cVincere a La Ruota \u00e8 un misto di bravura e fortuna\u201d. E, a tal proposito, Scotti ha <strong>lodato la Campionessa<\/strong>: del resto, andando in onda da pi\u00f9 di un anno, ormai si intuisce la presenza di un Campione o una Campionessa in studio, per il talento e la caparbiet\u00e0, quel senso che fa andare oltre la misura: mai arrendersi.<\/p>\n<p>Dopo Compiti per le vacanze (con il tabellone basato sulla filosofia del \u201cNon \u00e8 mai troppo tardi\u201d), \u00e8 stato il turno della manche Ciak si gira, sul Re Leone. \u201cTuo padre \u00e8 <strong>stupito dalla tua bravura<\/strong>: \u00e8 veramente brava\u201d, a dare la risposta \u00e8 stata ancora una volta la Campionessa Giulia, elogiata dal conduttore e poi da Samira, che l\u2019ha definita fenomenale. Prima della fine, un pizzico di nostalgia da parte di Samira: \u201cMi sembra ieri che facevamo settembre dell\u2019anno passato\u201d. Anche Scotti si \u00e8 detto d\u2019accordo: \u201cUn anno volato\u201d.<\/p>\n<p>Naturalmente Giulia si \u00e8 riconfermata Campionessa, e alla fine Scotti ha <strong>anticipato una piccola curiosit\u00e0<\/strong>, perch\u00e9, a breve, a detta del conduttore, \u201cInizieremo a snocciolare una serie di novit\u00e0\u201d. Con ogni probabilit\u00e0, saranno le anticipazioni de La Ruota autunnale, visto che l\u2019estate, ormai, nonostante le temperature, \u00e8 ai suoi scampoli.<\/p>\n<p>\t\t\t\tScopri i personaggi in trend, le storie del momento e molto altro.<br \/>Dove? Sul <a href=\"https:\/\/whatsapp.com\/channel\/0029Vb68mVyHVvTWezDm7d0R\" target=\"_blank\" rel=\"noopener nofollow\">canale WhatsApp di DiLei!<\/a><\/p>\n<p>\t\t\t<a class=\"buttonCall\" href=\"https:\/\/whatsapp.com\/channel\/0029Vb68mVyHVvTWezDm7d0R\" target=\"_blank\" rel=\"noopener nofollow\" title=\"Seguici su WhatsApp\"><br \/>\n\t\t\t\tSeguici su WhatsApp<br \/>\n\t\t\t<\/a><\/p>\n","protected":false},"excerpt":{"rendered":"Come ogni sera, Gerry Scotti e Samira Lui hanno tenuto compagnia al pubblico di Mediaset con una nuova&hellip;\n","protected":false},"author":3,"featured_media":660589,"comment_status":"","ping_status":"","sticky":false,"template":"","format":"standard","meta":{"footnotes":"","_share_on_mastodon":"0"},"categories":[1444],"tags":[33428,203,686,204,1537,90,89,684,214,1766,253],"class_list":["post-660588","post","type-post","status-publish","format-standard","has-post-thumbnail","category-tv","tag-affari-tuoi","tag-entertainment","tag-gerry-scotti","tag-intrattenimento","tag-it","tag-italia","tag-italy","tag-la-ruota-della-fortuna","tag-spettacolo","tag-stefano-de-martino","tag-tv"],"share_on_mastodon":{"url":"https:\/\/pubeurope.com\/@it\/117198721331332906","error":""},"_links":{"self":[{"href":"https:\/\/www.europesays.com\/it\/wp-json\/wp\/v2\/posts\/660588","targetHints":{"allow":["GET"]}}],"collection":[{"href":"https:\/\/www.europesays.com\/it\/wp-json\/wp\/v2\/posts"}],"about":[{"href":"https:\/\/www.europesays.com\/it\/wp-json\/wp\/v2\/types\/post"}],"author":[{"embeddable":true,"href":"https:\/\/www.europesays.com\/it\/wp-json\/wp\/v2\/users\/3"}],"replies":[{"embeddable":true,"href":"https:\/\/www.europesays.com\/it\/wp-json\/wp\/v2\/comments?post=660588"}],"version-history":[{"count":0,"href":"https:\/\/www.europesays.com\/it\/wp-json\/wp\/v2\/posts\/660588\/revisions"}],"wp:featuredmedia":[{"embeddable":true,"href":"https:\/\/www.europesays.com\/it\/wp-json\/wp\/v2\/media\/660589"}],"wp:attachment":[{"href":"https:\/\/www.europesays.com\/it\/wp-json\/wp\/v2\/media?parent=660588"}],"wp:term":[{"taxonomy":"category","embeddable":true,"href":"https:\/\/www.europesays.com\/it\/wp-json\/wp\/v2\/categories?post=660588"},{"taxonomy":"post_tag","embeddable":true,"href":"https:\/\/www.europesays.com\/it\/wp-json\/wp\/v2\/tags?post=660588"}],"curies":[{"name":"wp","href":"https:\/\/api.w.org\/{rel}","templated":true}]}}