{"id":660595,"date":"2026-09-02T00:59:17","date_gmt":"2026-09-02T00:59:17","guid":{"rendered":"https:\/\/www.europesays.com\/it\/660595\/"},"modified":"2026-09-02T00:59:17","modified_gmt":"2026-09-02T00:59:17","slug":"garlasco-la-lettera-della-madre-di-alberto-stasi-a-rete-4-e-innocente","status":"publish","type":"post","link":"https:\/\/www.europesays.com\/it\/660595\/","title":{"rendered":"Garlasco, la lettera della madre di Alberto Stasi a Rete 4: \u00ab\u00c8 innocente\u00bb"},"content":{"rendered":"<p>Le parole di Elisabetta Ligab\u00f2 consegnate alla trasmissione &#8220;Verit\u00e0 Nascoste&#8221;: \u00abPer anni ho taciuto, ora parlo\u00bb<\/p>\n<p>\t\t\t<a href=\"https:\/\/google.com\/preferences\/source?q=open.online\" target=\"_blank\" rel=\"nofollow noopener\"><img loading=\"lazy\" decoding=\"async\" src=\"https:\/\/www.europesays.com\/it\/wp-content\/uploads\/2026\/05\/gps@2x.png\" alt=\"Google Preferred Site\" width=\"200\" height=\"63\"\/><\/a><\/p>\n<p class=\"wp-block-paragraph\"><strong>Elisabetta Ligab\u00f2<\/strong>, madre di <a href=\"https:\/\/www.open.online\/temi\/alberto-stasi\" rel=\"nofollow noopener\" target=\"_blank\">Alberto Stasi<\/a>, ha scritto una lettera a \u201cVerit\u00e0 Nascoste\u201d, il programma condotto da Milo Infante che debutta stasera in prima serata su Retequattro. Nella lettera la donna apre il suo cuore e racconta i pensieri e le<strong> emozioni di una madre<\/strong> di fronte a una tragedia che ha sconvolto la sua famiglia: l\u2019omicidio della fidanzata del figlio <a href=\"https:\/\/www.open.online\/temi\/chiara-poggi\/\" rel=\"nofollow noopener\" target=\"_blank\">Chiara Poggi<\/a>, la condanna per omicidio del suo Alberto, gli anni interminabili di carcere. Nel mezzo, la perdita anche del marito. \u00abHo sempre saputo che <strong>Alberto era innocente<\/strong>, se avessi avuto un solo dubbio sarei stata la prima a portarlo ad assumersi le sue responsabilit\u00e0. Ma alla gente questo non \u00e8 mai importato ed \u00e8 per questo che ho sempre pensato che fosse <strong>meglio il silenzio<\/strong>\u00bb, scrive Ligab\u00f2 nella lettera al programma Mediaset.<\/p>\n<p>Il testo completo della lettera della madre di Stasi<\/p>\n<p class=\"wp-block-paragraph\">\u00abCi sono cose che il tempo non riesce a portare via. Gli anni passano, la vita va avanti, ma certe vicende restano sempre con te. Entrano nei tuoi pensieri e ti accompagnano ogni giorno, anche quando cerchi di occuparti delle cose normali della vita\u00bb.\u00a0<\/p>\n<p class=\"wp-block-paragraph\">\u00abPer la mia famiglia \u00e8 stato cos\u00ec, dall\u2019inizio di questa tragica vicenda. Abbiamo cercato di andare avanti, come fanno tutti. Ci siamo dedicati al lavoro, alla casa, agli impegni di ogni giorno. Per\u00f2 \u00e8 impossibile non pensare a quello che \u00e8 successo. \u00c8 una cosa che non ti abbandona mai del tutto\u00bb.<\/p>\n<p class=\"wp-block-paragraph\">\u00abCi sono stati anni in cui mi sono sentita molto sola. Spesso avevo la sensazione che nessuno potesse capire davvero quello che stavamo vivendo. Quando una vicenda cos\u00ec dolorosa entra nella tua vita, molte cose cambiano. Impari a convivere con gli sguardi, con i giudizi, con le parole dette e con quelle non dette. A volte il silenzio pesa pi\u00f9 di tutto il resto. Perch\u00e9 poi alla fine se tuo figlio viene processato per omicidio \u201cun motivo ci sar\u00e0\u201d e anche spiegare che non \u00e8 cos\u00ec sembra inutile, sembrano giustificazioni vuote, magari giustificazioni di una madre che ama a tal punto il proprio figlio da non riuscire a vedere la realt\u00e0. Per me non \u00e8 mai stato cos\u00ec, io ho sempre saputo che Alberto era innocente e se avessi avuto un solo dubbio sarei stata la prima a portarlo ad assumersi le sue responsabilit\u00e0. Ma alla gente questo non \u00e8 mai importato ed \u00e8 per questo che ho sempre pensato che fosse meglio il silenzio\u00bb.<\/p>\n<p class=\"wp-block-paragraph\">\u00abPoi \u00e8 arrivato il giorno in cui ho perso mio marito, il mio punto di riferimento, e quel mondo gi\u00e0 a pezzi \u00e8 crollato ancora di pi\u00f9\u00bb.<\/p>\n<p class=\"wp-block-paragraph\">\u00abSubito dopo, Alberto \u00e8 entrato in carcere. \u00c8 come vedere la tua vita andare in frantumi, sapere che niente sar\u00e0 mai pi\u00f9 come prima. La mia famiglia non c\u2019era pi\u00f9\u00bb.<\/p>\n<p class=\"wp-block-paragraph\">\u00abCi sono stati momenti in cui ho preferito chiudermi nelle mie cose, nel mio dolore, cercando di trovare un equilibrio giorno dopo giorno. Non \u00e8 stato semplice\u00bb.<\/p>\n<p class=\"wp-block-paragraph\">\u00abNon dimentico chi mi \u00e8 stato vicino in quei terribili anni, chi mi \u00e8 stato vicino lo sa perch\u00e9 lo ringrazio ogni giorno, per avermi dato speranza, aiuto, sostegno e avermi dato la forza per non arrendermi. Ogni occasione speciale, ogni festa, ogni ricorrenza portava con s\u00e9 anche il ricordo di quello che era accaduto. E mentre il mondo sembrava continuare il suo cammino, per me c\u2019era sempre una parte di quella storia che restava presente\u00bb.<\/p>\n<p class=\"wp-block-paragraph\">\u00abLe giornate passavano col solo pensiero di mio figlio: per anni ho potuto sentirlo solo 10 minuti alla settimana, attendevo quella chiamata con ansia. Lo vedevo un\u2019ora a settimana e quel viaggio cos\u00ec lungo verso il carcere era il momento che attendevo di pi\u00f9 giorno dopo giorno. Portavo il pacco coi vestiti, qualche cosa da mangiare, si parlava del pi\u00f9 e del meno, ma l\u2019unica cosa che mi rendeva felice era sapere che, nonostante tutto, stava bene\u00bb.<\/p>\n<p class=\"wp-block-paragraph\">\u00abIn quei momenti capisci che basta davvero poco per essere felici, tutto si riduce alle cose essenziali: sapere che chi ami comunque c\u2019\u00e8. Ti basta quello\u00bb.<\/p>\n<p class=\"wp-block-paragraph\">\u00abDa madre, ancora oggi, penso soprattutto ad Alberto. Ho visto da vicino quanto questa vicenda abbia segnato la sua vita. Ho visto le difficolt\u00e0, la fatica di affrontare ogni giorno una situazione cos\u00ec pesante. Come ogni madre, ho cercato di stargli vicino nel modo migliore possibile. Non sempre si trovano le parole giuste, ma si cerca di non far mancare mai la propria presenza. Sono orgogliosa dell\u2019uomo che \u00e8 diventato e spero per lui, con tutto il cuore, un futuro diverso\u00bb.<\/p>\n<p class=\"wp-block-paragraph\">\u00abE poi c\u2019\u00e8 il ricordo di Chiara. Il tempo passa, ma non cancella le persone che abbiamo conosciuto e che hanno fatto parte della nostra vita. Quello che \u00e8 accaduto resta una tragedia e il pensiero non pu\u00f2 che andare anche a questo\u00bb.<\/p>\n<p class=\"wp-block-paragraph\">\u00abNegli ultimi tempi mi ha colpito l\u2019affetto di tante persone. Mi capita di ricevere un saluto, una parola gentile, un incoraggiamento. A volte arrivano da persone che non conosco nemmeno. Dopo anni in cui mi sono sentita spesso chiusa nel mio dolore, sono gesti che hanno un valore enorme e che mi ricordano quanto l\u2019umanit\u00e0 delle persone possono fare la differenza\u00bb.<\/p>\n<p class=\"wp-block-paragraph\">\u00abNon ho mai vissuto tutto questo con spirito di rivincita. Ho imparato che il rancore non alleggerisce il peso delle cose, anzi lo aumenta. Ho sempre cercato di affrontare tutto con dignit\u00e0, nel modo pi\u00f9 discreto possibile, anche quando dentro era difficile trovare serenit\u00e0. Perch\u00e9 in fondo la verit\u00e0 trova sempre la sua strada, anche quando sembra impossibile\u00bb.<\/p>\n<p class=\"wp-block-paragraph\">\u00abQuello che porto dentro oggi \u00e8 soprattutto il desiderio di poter vivere con un po\u2019 di pace nel cuore. Dopo tanti anni di sofferenza, di attese e di solitudine, credo che sia il desiderio pi\u00f9 semplice e pi\u00f9 umano che una persona possa avere\u00bb.<\/p>\n<p class=\"wp-block-paragraph\">Elisabetta Ligab\u00f2<\/p>\n<p class=\"wp-block-paragraph\">Cologno Monzese, 1\u00b0 settembre 2026 <\/p>\n","protected":false},"excerpt":{"rendered":"Le parole di Elisabetta Ligab\u00f2 consegnate alla trasmissione &#8220;Verit\u00e0 Nascoste&#8221;: \u00abPer anni ho taciuto, ora parlo\u00bb Elisabetta Ligab\u00f2,&hellip;\n","protected":false},"author":3,"featured_media":660596,"comment_status":"","ping_status":"","sticky":false,"template":"","format":"standard","meta":{"footnotes":"","_share_on_mastodon":"0"},"categories":[174],"tags":[500,1493,364130,364131,12754,32,305977,364132,364286,364133,88523,364134,874,1330,40,122,6036,1277,1278,136679,1905,1341,364135,364136,12062,296701,203,1909,2716,4965,364287,364288,193162,208857,364289,24683,204,1537,90,89,2698,296703,4045,1728,4979,9595,4310,835,11072,2786],"class_list":["post-660595","post","type-post","status-publish","format-standard","has-post-thumbnail","category-intrattenimento","tag-accaduto","tag-alberto","tag-alberto-innocente","tag-alberto-innocente-dubbio","tag-alberto-stasi","tag-andare","tag-assumersi","tag-assumersi-responsabilita","tag-assumersi-responsabilita-gente","tag-attendevo","tag-avermi","tag-avermi-dato","tag-carcere","tag-cercato","tag-chiara","tag-cose","tag-cuore","tag-dato","tag-davvero","tag-dette","tag-dolore","tag-dubbio","tag-dubbio-portarlo","tag-dubbio-portarlo-assumersi","tag-elisabetta","tag-elisabetta-ligabo","tag-entertainment","tag-famiglia","tag-figlio","tag-gente","tag-gente-importato","tag-gente-importato-pensato","tag-giustificazioni","tag-importato","tag-importato-pensato","tag-innocente","tag-intrattenimento","tag-it","tag-italia","tag-italy","tag-lettera","tag-ligabo","tag-madre","tag-omicidio","tag-parole","tag-sapere","tag-saputo","tag-silenzio","tag-stasi","tag-vicenda"],"share_on_mastodon":{"url":"","error":"Validation failed: Text character limit of 500 exceeded"},"_links":{"self":[{"href":"https:\/\/www.europesays.com\/it\/wp-json\/wp\/v2\/posts\/660595","targetHints":{"allow":["GET"]}}],"collection":[{"href":"https:\/\/www.europesays.com\/it\/wp-json\/wp\/v2\/posts"}],"about":[{"href":"https:\/\/www.europesays.com\/it\/wp-json\/wp\/v2\/types\/post"}],"author":[{"embeddable":true,"href":"https:\/\/www.europesays.com\/it\/wp-json\/wp\/v2\/users\/3"}],"replies":[{"embeddable":true,"href":"https:\/\/www.europesays.com\/it\/wp-json\/wp\/v2\/comments?post=660595"}],"version-history":[{"count":0,"href":"https:\/\/www.europesays.com\/it\/wp-json\/wp\/v2\/posts\/660595\/revisions"}],"wp:featuredmedia":[{"embeddable":true,"href":"https:\/\/www.europesays.com\/it\/wp-json\/wp\/v2\/media\/660596"}],"wp:attachment":[{"href":"https:\/\/www.europesays.com\/it\/wp-json\/wp\/v2\/media?parent=660595"}],"wp:term":[{"taxonomy":"category","embeddable":true,"href":"https:\/\/www.europesays.com\/it\/wp-json\/wp\/v2\/categories?post=660595"},{"taxonomy":"post_tag","embeddable":true,"href":"https:\/\/www.europesays.com\/it\/wp-json\/wp\/v2\/tags?post=660595"}],"curies":[{"name":"wp","href":"https:\/\/api.w.org\/{rel}","templated":true}]}}