{"id":660611,"date":"2026-09-02T01:13:21","date_gmt":"2026-09-02T01:13:21","guid":{"rendered":"https:\/\/www.europesays.com\/it\/660611\/"},"modified":"2026-09-02T01:13:21","modified_gmt":"2026-09-02T01:13:21","slug":"sulle-strade-del-pirata-da-riccione-a-cesenatico-torna-il-memorial-pantani","status":"publish","type":"post","link":"https:\/\/www.europesays.com\/it\/660611\/","title":{"rendered":"\u201cSulle strade del Pirata\u201d. Da Riccione a Cesenatico, torna il \u2018Memorial Pantani\u2019"},"content":{"rendered":"<p>Riccione, 1 settembre 2026 &#8211; \u00c8 stata presentata questa mattina, nella prestigiosa cornice del Palazzo del Turismo di Riccione, la 23\u00aa edizione del <strong>Memorial Marco Pantani<\/strong>, la gara internazionale per professionisti che si disputer\u00e0 <strong>sabato 12 settembre<\/strong>, con partenza da Riccione e arrivo a Cesenatico.<\/p>\n<p>Un\u2019edizione che rinnova il forte legame della manifestazione con la Romagna e con i luoghi di <strong>Marco Pantani<\/strong>, attraverso un percorso che unir\u00e0 idealmente due delle localit\u00e0 simbolo della Riviera e attraverser\u00e0 alcune delle strade sulle quali il campione di Cesenatico \u00e8 cresciuto e si \u00e8 allenato. L\u2019organizzazione generale, sportiva e tecnica \u00e8 affidata al Gruppo Sportivo Emilia, grazie alla consolidata collaborazione con la<strong> Regione Emilia-Romagna<\/strong> e il <strong>Panathlon Club Cesena<\/strong> e al sostegno delle istituzioni e dei partner che negli anni hanno contribuito alla crescita di un evento ormai entrato stabilmente nel panorama del grande ciclismo internazionale.<\/p>\n<p>Memorial Pantani: il percorso <\/p>\n<p>Anche nel 2026 il <strong>Memorial Marco Pantani <\/strong>sar\u00e0 prova della<strong> Coppa Italia <\/strong>delle <strong>Regioni<\/strong>, circuito che unisce il valore agonistico delle pi\u00f9 importanti gare italiane alla promozione dei territori attraversati. Il percorso della 23\u00aa edizione proporr\u00e0 una prima parte in linea particolarmente articolata. Dopo la partenza da Riccione e <strong>circa 9 chilometri<\/strong> ad andatura controllata, la corsa entrer\u00e0 nell\u2019entroterra romagnolo affrontando strade collinari e tortuose, con il passaggio da Verucchio e le ascese del <strong>Passo del Grillo e di Gorolo<\/strong>, entrambe valide per la classifica dei Gran Premi della Montagna. Attraversato Sogliano al Rubicone, la gara entrer\u00e0 nel circuito di Longiano-Roncofreddo, cuore del percorso e principale terreno di selezione.<\/p>\n<p> <img alt=\"Sabato 12 settembre via alla sfida internazionale di 192 chilometri attraverso le colline della Romagna\" loading=\"lazy\" width=\"2500\" height=\"1663\" decoding=\"async\" data-nimg=\"1\" style=\"color:transparent;max-width:100%;height:auto\"   src=\"https:\/\/www.europesays.com\/it\/wp-content\/uploads\/2026\/09\/sabato-12-settembre-via-alla-sfida-internazionale-di-192-chilometri-attraverso-le-colline-della-roma.webp\"\/><\/p>\n<p>Sabato 12 settembre via alla sfida internazionale di 192 chilometri attraverso le colline della Romagna<\/p>\n<p>A caratterizzarlo sar\u00e0 soprattutto il<strong> muro di Via Fellonich<\/strong>e, 1,6 chilometri al 9,5% di pendenza media, con i primi 500 metri al 14% e punte del 18%, da affrontare complessivamente quattro volte. Dopo l\u2019ultimo passaggio sulle colline, al chilometro 152,1, inizier\u00e0 la lunga marcia verso Cesenatico. Prima dell&#8217;ingresso in citt\u00e0, uno dei momenti pi\u00f9 significativi della giornata sar\u00e0 il tradizionale passaggio davanti alla casa che fu di Marco Pantani. Raggiunta la linea d\u2019arrivo, resteranno da percorrere i consueti quattro giri di 5 chilometri del circuito cittadino.<\/p>\n<p>L\u2019assessore comunale allo Sport: \u201cOrgogliosi\u201d <\/p>\n<p>\u201cSiamo particolarmente orgogliosi di accogliere nuovamente a Riccione la partenza del Memorial <strong>Marco Pantani<\/strong>, una manifestazione che rappresenta molto pi\u00f9 di un grande appuntamento internazionale di ciclismo &#8211; dichiara <strong>Simone Imola, Assessore allo Sport Comune di Riccione<\/strong> -. Il legame con Marco Pantani, con la Romagna e con le strade che hanno accompagnato la sua crescita sportiva rende questa gara un evento capace di unire sport, memoria e territorio\u201d.<\/p>\n<p> <img alt=\"La locandina 2026 del memorial dedicato a Marco Pantani\" loading=\"lazy\" width=\"1600\" height=\"900\" decoding=\"async\" data-nimg=\"1\" style=\"color:transparent;max-width:100%;height:auto\"   src=\"https:\/\/www.europesays.com\/it\/wp-content\/uploads\/2026\/09\/la-locandina-2026-del-memorial-dedicato-a-marco-pantani.webp\"\/><\/p>\n<p>La locandina 2026 del memorial dedicato a Marco Pantani<\/p>\n<p>L\u2019assessora regionale al Turismo: \u201cL\u2019omaggio a un campione\u201d <\/p>\n<p>\u201cIl Memorial Marco Pantani \u00e8 molto pi\u00f9 di una competizione sportiva: \u00e8 il modo con cui ogni anno l\u2019Emilia-Romagna rende omaggio a un campione che ha scritto una pagina indimenticabile della storia del ciclismo\u201d ha sottolineato <strong>Roberta Frisoni, assessora allo Sport e al Turism<\/strong>o della Regione Emilia-Romagna, in collegamento video. \u201cIl ciclismo ha una straordinaria capacit\u00e0 di raccontare i territori, attraversandoli e mettendone in luce paesaggi, citt\u00e0 e comunit\u00e0\u201d.<\/p>\n<p>Le squadre iscritte e i partecipanti <\/p>\n<p>Sul piano sportivo, il Memorial Marco Pantani 2026 si annuncia ancora una volta di altissimo livello. Sono 25 le squadre iscritte, dieci delle quali WorldTour, a conferma del prestigio internazionale raggiunto dalla manifestazione.<\/p>\n<p> <img alt=\"Il Memorial Marco Pantani sar\u00e0 prova della Coppa Italia delle Regioni\" loading=\"lazy\" width=\"2500\" height=\"1663\" decoding=\"async\" data-nimg=\"1\" style=\"color:transparent;max-width:100%;height:auto\"   src=\"https:\/\/www.europesays.com\/it\/wp-content\/uploads\/2026\/09\/il-memorial-marco-pantani-sara-prova-della-coppa-italia-delle-regioni.webp\"\/><\/p>\n<p>Il Memorial Marco Pantani sar\u00e0 prova della Coppa Italia delle Regioni<\/p>\n<p>Al via sono attese Bahrain Victorious, EF Education-EasyPost, Groupama-FDJ United, Movistar Team, Netcompany INEOS, Red Bull-BORA-hansgrohe, Team Jayco AlUla, UAE Team Emirates XRG, Uno-X Mobility e XDS Astana Team. Completeranno il campo dei partecipanti Bardiani CSF 7 Saber, Burgos-Burpellet-BH, Caja Rural-Seguros RGA, Cofidis, Equipo Kern Pharma, Euskaltel-Euskadi, MBH Bank CSB Telecom Fort, Polti-VisitMalta, Solution Tech Nippo Rali, TotalEnergies, Tudor Pro Cycling Team, Unibet Rose Rockets, Biesse-Carrera-Premac, General Store-Essegibi-F.lli Curia e Team Technipes #InEmiliaRomagna Caff\u00e8 Borbone.<\/p>\n","protected":false},"excerpt":{"rendered":"Riccione, 1 settembre 2026 &#8211; \u00c8 stata presentata questa mattina, nella prestigiosa cornice del Palazzo del Turismo di&hellip;\n","protected":false},"author":3,"featured_media":660612,"comment_status":"","ping_status":"","sticky":false,"template":"","format":"standard","meta":{"footnotes":"","_share_on_mastodon":"0"},"categories":[1456],"tags":[25297,1824,1825,1537,90,89,14305,21865,37919,2751,245,244,389,5583],"class_list":["post-660611","post","type-post","status-publish","format-standard","has-post-thumbnail","category-ciclismo","tag-cesenatico","tag-ciclismo","tag-cycling","tag-it","tag-italia","tag-italy","tag-memorial","tag-pantani","tag-pirata","tag-riccione","tag-sport","tag-sports","tag-strade","tag-torna"],"share_on_mastodon":{"url":"https:\/\/pubeurope.com\/@it\/117198796940727473","error":""},"_links":{"self":[{"href":"https:\/\/www.europesays.com\/it\/wp-json\/wp\/v2\/posts\/660611","targetHints":{"allow":["GET"]}}],"collection":[{"href":"https:\/\/www.europesays.com\/it\/wp-json\/wp\/v2\/posts"}],"about":[{"href":"https:\/\/www.europesays.com\/it\/wp-json\/wp\/v2\/types\/post"}],"author":[{"embeddable":true,"href":"https:\/\/www.europesays.com\/it\/wp-json\/wp\/v2\/users\/3"}],"replies":[{"embeddable":true,"href":"https:\/\/www.europesays.com\/it\/wp-json\/wp\/v2\/comments?post=660611"}],"version-history":[{"count":0,"href":"https:\/\/www.europesays.com\/it\/wp-json\/wp\/v2\/posts\/660611\/revisions"}],"wp:featuredmedia":[{"embeddable":true,"href":"https:\/\/www.europesays.com\/it\/wp-json\/wp\/v2\/media\/660612"}],"wp:attachment":[{"href":"https:\/\/www.europesays.com\/it\/wp-json\/wp\/v2\/media?parent=660611"}],"wp:term":[{"taxonomy":"category","embeddable":true,"href":"https:\/\/www.europesays.com\/it\/wp-json\/wp\/v2\/categories?post=660611"},{"taxonomy":"post_tag","embeddable":true,"href":"https:\/\/www.europesays.com\/it\/wp-json\/wp\/v2\/tags?post=660611"}],"curies":[{"name":"wp","href":"https:\/\/api.w.org\/{rel}","templated":true}]}}