{"id":660613,"date":"2026-09-02T01:17:15","date_gmt":"2026-09-02T01:17:15","guid":{"rendered":"https:\/\/www.europesays.com\/it\/660613\/"},"modified":"2026-09-02T01:17:15","modified_gmt":"2026-09-02T01:17:15","slug":"cosa-fare-coi-nuovi-kean-sanchez-gnonto-rowe-gud-goncalves-sarr-mbangula-woltemade-beto-2","status":"publish","type":"post","link":"https:\/\/www.europesays.com\/it\/660613\/","title":{"rendered":"Cosa fare coi nuovi: Kean, Sanchez, Gnonto, Rowe, Gud, Goncalves, Sarr, Mbangula, Woltemade, Beto&#8230;"},"content":{"rendered":"<p>                <a href=\"https:\/\/www.sosfanta.com\/consigli-fantacalcio\/cosa-fare-coi-nuovi-kean-sanchez-gnonto-rowe-gud-goncalves-sarr-mbangula-woltemade-beto-e-non-solo\/3\/\" class=\"flex justify-center items-center w-12 h-12 text-white rounded-full bg-primary-light\" aria-label=\"Scheda precedente\" rel=\"nofollow noopener\" target=\"_blank\"><\/p>\n<p>        <\/a><\/p>\n<p class=\"font-bold md:hidden text-ink leading-[22px]\">\n            4 di 5\n        <\/p>\n<p>                    <a href=\"https:\/\/www.sosfanta.com\/consigli-fantacalcio\/cosa-fare-coi-nuovi-kean-sanchez-gnonto-rowe-gud-goncalves-sarr-mbangula-woltemade-beto-e-non-solo\/5\/\" class=\"flex justify-center items-center w-12 h-12 rounded-full cursor-pointer md:px-4 md:w-auto md:h-12 bg-primary-light md:gap-[11px] hover:bg-primary\" aria-label=\"Scheda successiva\" rel=\"nofollow noopener\" target=\"_blank\"><\/p>\n<p>                   Prossima scheda 4 di 5<\/p>\n<p>            <\/a><\/p>\n<p>        ATTACCANTI<\/p>\n<p>\n<b>Moise Kean &#8211; Attaccante, Semitop (nella guida all&#8217;asta)<\/b>\n<\/p>\n<p>\nMoise Kean passa al Como per circa 40 milioni di euro complessivi con Fabregas pronto a farlo tornare ai livelli di due anni fa. Complice il continuo ballottaggio, le tre competizioni e gli appena 8 gol siglati nella passata stagione a Firenze, l\u2019attaccante italiano non sar\u00e0 tra i pi\u00f9 pagati all\u2019asta ma la sua valutazione di certo risale potendo contare su ottimi assistman alle spalle come Baturina e Nico Paz. Appena un gradino sotto ai top pi\u00f9 costosi, il ventiseienne \u00e8 quasi impossibile da prendere in coppia con Douvikas per una questione di costi. Ci sar\u00e0 alternanza tra campionato e Champions, entrambi avranno spazio. Douvikas \u00e8 in forma, il loro valore sar\u00e0 simile con Moise che pu\u00f2 costare qualcosa in pi\u00f9 e pu\u00f2 tirare anche pi\u00f9 rigori.\n<\/p>\n<p>\n<b>Nick Woltemade &#8211; Attaccante, Sotto ai semitop<\/b>\n<\/p>\n<p>\nNick Woltemade \u00e8 sicuramente uno dei colpi pi\u00f9 importanti in Serie A nell\u2019ultimo giorno di questo mercato estivo. Il tedesco, che l\u2019anno scorso fu pagato dal Newcastle circa 80 milioni di euro, arriva in prestito secco per rilanciare la sua giovane carriera in un grande club. Attaccante atipico perch\u00e9 i quasi due metri di altezza non devono ingannare: allo Stoccarda e al Werder Brema il 24enne ha fatto anche la seconda punta, sa giocare anche fuori dall\u2019area di rigore. Un attaccante che a primo impatto pu\u00f2 sembrare completo ma che ha subito l\u2019impatto con la Premier League (8 i gol realizzati in 33 presenze). Alla Juventus si giocher\u00e0 il posto da titolare con Kolo Muani con quest\u2019ultimo che almeno inizialmente parte avanti nelle gerarchie essendo gi\u00e0 inserito negli schemi di Spalletti e avendo gi\u00e0 giocato a Torino. Nel lungo periodo per\u00f2 se il francese continuasse a trovare difficolt\u00e0 le cose potrebbero cambiare, quindi occhio: la gerarchia sar\u00e0 aperta, ci sar\u00e0 alternanza tra campionato ed Europa League. Difficile pensare di fare la coppia al fantacalcio ma sicuramente l\u2019ex Newcastle trover\u00e0 spazio e minuti per incidere: la sua fisicit\u00e0 pu\u00f2 essere determinante in Serie A. Va considerato praticamente come un titolare, occhio anche ai rigori perch\u00e9 \u00e8 molto bravo a calciarli.\n<\/p>\n<p>\n<b>Beto Betuncal &#8211; Attaccante, Fascia alta<\/b>\n<\/p>\n<p>\nBeto Betuncal torna a distanza di tre anni in Serie A e vestir\u00e0 la maglia della Fiorentina, che lo ha prelevato dall\u2019Everton per circa 18 milioni. L\u2019attaccante di 194 cm \u00e8 ancora nella testa di tutti i fantallenatori per le due annate passate all\u2019Udinese dove and\u00f2 in doppia cifra in entrambe le occasioni con 11 e 10 gol. Poi la chiamata della Premier League dove l\u2019impatto non \u00e8 stato dei migliori con appena 3 reti all\u2019esordio. Il guineano per\u00f2 pian piano si \u00e8 ritaglitato spazio e ha chiuso le ultime due stagioni con 8 e 9 gol in campionato. Alla Fiorentina sar\u00e0 testa a testa per il ruolo di centravanti con l\u2019altro nuovo arrivato Pellegrino. Per esperienza, senso del gol e la fisicit\u00e0 che conta molto in Serie A, il classe 1998 pu\u00f2 partire davanti nelle gerarchie ma, in ogni caso, collezioner\u00e0 tanti minuti e potr\u00e0 essere decisivo anche a gara in corsa. Hanno caratteristiche diverse (Beto \u00e8 molto pi\u00f9 bravo ad attaccare la profondit\u00e0) quindi dipender\u00e0 anche dalla partita. In Serie A non solo diversi gol di testa, specialit\u00e0 della casa, ma di lui si ricordano anche cavalcate palla al piede facendo valere il fisico. Non \u00e8 un rigorista per ora, uno solo segnato in Serie A.\n<\/p>\n<p>\n<b>Wilfried Gnonto &#8211; Attaccante, Jolly seconda fascia<\/b><b\/>\n<\/p>\n<p>\nWilfried Gnonto giocher\u00e0 per la prima volta in Serie A con la maglia della Fiorentina dopo esser cresciuto con la maglia dello Zurigo (8 gol e 3 assist nel 2022\/23) e poi del Leeds dove si \u00e8 distinto in Championship (8 reti e 2 assist nel 2023\/24, 9 e 6 nella stagione seguente). Poi l\u2019impatto con la Premier League e il 22enne ha perso la titolarit\u00e0 totalizzando 23 presenze e 3 gol nell\u2019ultimo campionato. Prover\u00e0 a rilanciarsi in viola sfruttando un inizio complicato e un possibile passaggio definitivo al 4-3-3. Gerarchia aperta e non ha il posto fisso, ma la sua velocit\u00e0 e i suoi spunti nello stretto possono essere fonte di bonus e assist per Beto e Pellegrino. Al fantacalcio perde un po\u2019 di appeal listato attaccante ma per gli ultimi slot pu\u00f2 essere pi\u00f9 di un\u2019idea.\n<\/p>\n<p>\n<b>Mbala Nzola &#8211; Attaccante, Low cost seconda fascia<\/b><b\/>\n<\/p>\n<p>\nMbala Nzola \u00e8 passato al Cagliari a pochi secondi dalla chiusura del calciomercato. L\u2019attaccante angolano, dopo l\u2019esperienza tutt\u2019altro che positiva tra Pisa (3 gol) e Sassuolo (1 gol), prover\u00e0 a rilanciarsi in un Cagliari dove potr\u00e0 giocarsi le sue carte con Mendy e Kevin Carlos, ancora a secco di gol finora. Il classe 1996, tranne per l\u2019exploit a Spezia dove segn\u00f2 11 e 12 gol in due stagioni, non ha mai saputo dare continuit\u00e0 alle sue prestazioni anche per via di comportamenti sopra le righe. Bravo nel gioco spalle alla porta e anche dentro l\u2019area di rigore, al fantacalcio a pochi crediti si pu\u00f2 prendere come ultimo slot.\n<\/p>\n<p>\n<b>Exequiel Zeballos &#8211; Attaccante, Low cost seconda fascia<\/b>\n<\/p>\n<p>\nPromesso sposo del Napoli, alla fine l&#8217;argentino Exequiel Zeballos se lo \u00e8 aggiudicato il Monza che ha speso per lui circa 4,5 milioni di euro. L\u2019esterno destro d\u2019attacco classe 2002 arriva dal Boca Juniors dove nell\u2019ultima stagione non ha giocato molto per via di un problema muscolare alla coscia, stesso destino anche tra il 2022 e il 2023 dove sub\u00ec due infortuni gravi e una successiva ricaduta. Il talento, per\u00f2, \u00e8 cristallino e il gol nel Superclasico Boca-River del novembre scorso lo testimonia. Sulla trequarti di Juric, alle spalle di Varela, il 24enne potrebbe ritagliarsi spazio al fianco di Colpani. \u00c8 all\u2019esordio in Serie A e c\u2019\u00e8 il tema infortuni, quindi servono le dovute precauzioni, ma a pochi crediti si pu\u00f2 prendere come scommessa. \u00c8 un po\u2019 penalizzato dal ruolo di attaccante, con la maglia del Boca ha fatto 16 gol e 16 assist in 140 partite.\n<\/p>\n<p>\n<b>Robinho Junior &#8211; Attaccante, Jolly quarta fascia<\/b>\n<\/p>\n<p>\nUn altro Robinho in Serie A. Il figlio dell\u2019ex attaccante del Milan arriva al Genoa in prestito con diritto di riscatto. Appena 18 anni, \u00e8 un colpo del grifone pi\u00f9 in prospettiva che per il presente: con il Santos ha giocato poco nell\u2019ultima stagione totalizzando appena 4 presenze e 46 minuti in campo. Il suo futuro sar\u00e0 brillante, ha potenzialit\u00e0.\n<\/p>\n<p>\n<b>Jay Enem- Attaccante, Jolly quarta fascia<\/b>\n<\/p>\n<p>\nCentravanti classe 2003 di grande stazza (195 cm), Jay Enem \u00e8 un nuovo attaccante del Bologna. Doveva partire in prestito dopo essere stato acquistato a titolo definitivo dalla Stella Rossa ma l\u2019olandese alla fine \u00e8 rimasto alla corte di Tedesco. Nell\u2019ultima stagione tra OFK Belgrado e Partizan ha segnato 16 gol (tutte le competizioni). Ha giocato a Cipro e ha gi\u00e0 esperienza in Italia nella Primavera del Venezia, una presenza in Serie B e una piccola comparsa alla Vis Pesaro. Parte dietro a Piccoli e Dovbyk e senza coppe sar\u00e0 difficile trovare spazio.\n<\/p>\n<p>                <a href=\"https:\/\/www.sosfanta.com\/consigli-fantacalcio\/cosa-fare-coi-nuovi-kean-sanchez-gnonto-rowe-gud-goncalves-sarr-mbangula-woltemade-beto-e-non-solo\/3\/\" class=\"flex justify-center items-center w-12 h-12 text-white rounded-full bg-primary-light\" aria-label=\"Scheda precedente\" rel=\"nofollow noopener\" target=\"_blank\"><\/p>\n<p>        <\/a><\/p>\n<p class=\"font-bold md:hidden text-ink leading-[22px]\">\n            4 di 5\n        <\/p>\n<p>                    <a href=\"https:\/\/www.sosfanta.com\/consigli-fantacalcio\/cosa-fare-coi-nuovi-kean-sanchez-gnonto-rowe-gud-goncalves-sarr-mbangula-woltemade-beto-e-non-solo\/5\/\" class=\"flex justify-center items-center w-12 h-12 rounded-full cursor-pointer md:px-4 md:w-auto md:h-12 bg-primary-light md:gap-[11px] hover:bg-primary\" aria-label=\"Scheda successiva\" rel=\"nofollow noopener\" target=\"_blank\"><\/p>\n<p>                   Prossima scheda 4 di 5<\/p>\n<p>            <\/a><\/p>\n","protected":false},"excerpt":{"rendered":"4 di 5 Prossima scheda 4 di 5 ATTACCANTI Moise Kean &#8211; Attaccante, Semitop (nella guida all&#8217;asta) Moise&hellip;\n","protected":false},"author":3,"featured_media":660527,"comment_status":"","ping_status":"","sticky":false,"template":"","format":"standard","meta":{"footnotes":"","_share_on_mastodon":"0"},"categories":[1452],"tags":[63862,2842,5594,28033,33548,122636,86398,364230,5831,8234,151268,2201,341675,118931,841,33588,2478,188310,3077,15650,8235,30861,569,562,364231,364238,362601,362602,364239,765,6699,351,279,43259,32001,155041,364240,364241,46428,586,587,360365,96746,8237,1034,341687,364242,6300,364243,364290,721,361916,1856,3363,925,3153,363800,364232,362597,7204,3155,34366,3705,5922,2235,33569,62203,62204,595,3177,3257,4053,363798,363799,6927,806,7170,12426,364233,4876,724,3085,720,3074,3964,2263,1740,6298,7594,1889,2267,564,2250,229,34736,1976,27673,7103,5197,3453,364226,299522,1390,8455,16265,1537,90,89,62198,364227,364228,558,11505,1980,192304,33581,33582,192487,2219,364229,82431,575,1412,9476,364234,3479,100807,632,4483,8040,3671,2466,13201,115,7138,8004,8483,8492,6840,6841,23150,2717,12947,4963,49788,364235,15313,207569,27421,7175,17888,138,6193,9852,15721,6299,2521,83229,22850,13634,192490,1821,10333,315,1739,337,7617,8041,245,244,577,17516,5046,33546,659,8233,3586,83241,5293,127234,1928,3209,26462,1641,5583,364236,51890,5186,341532,2817,2199,116171,907,233171,338,6302,85741,364237,7004,96748,96749,360141],"class_list":["post-660613","post","type-post","status-publish","format-standard","has-post-thumbnail","category-calcio","tag-abate","tag-acquisto","tag-ala","tag-ala-sinistra","tag-albert","tag-albert-gudmundsson","tag-alternanza","tag-alternanza-campionato","tag-andra","tag-annata","tag-annate","tag-appena","tag-appena-assist","tag-appena-presenze","tag-area","tag-area-rigore","tag-arriva","tag-arriva-prestito","tag-arrivato","tag-assicura","tag-assist","tag-asta","tag-atalanta","tag-attaccante","tag-attaccante-jolly","tag-attaccante-jolly-quarta","tag-attaccante-low","tag-attaccante-low-cost","tag-attaccante-semitop","tag-attacco","tag-attivo","tag-barcellona","tag-belga","tag-belghali","tag-belgrado","tag-beto","tag-beto-betuncal","tag-betuncal","tag-boca","tag-bologna","tag-bonus","tag-braganca","tag-brema","tag-bundesliga","tag-buon","tag-buon-tiro","tag-buon-tiro-area","tag-cagliari","tag-cagliari-terzino","tag-cagliari-terzino-destro","tag-calcio","tag-caleta","tag-campionato","tag-carlos","tag-centrale","tag-centrocampista","tag-centrocampista-jolly","tag-centrocampista-jolly-terza","tag-centrocampista-low","tag-centrocampo","tag-classe","tag-cm","tag-como","tag-competizioni","tag-coppia","tag-cost","tag-cost-seconda","tag-cost-seconda-fascia","tag-definitivo","tag-destra","tag-destro","tag-difensore","tag-difensore-low","tag-difensore-low-cost","tag-difficile","tag-diritto","tag-diritto-riscatto","tag-dotato","tag-drameh","tag-esperienza","tag-euro","tag-europa","tag-fantacalcio","tag-fascia","tag-fianco","tag-fiorentina","tag-football","tag-genoa","tag-gerarchie","tag-giocare","tag-giocato","tag-giocatore","tag-giochera","tag-giovane","tag-gnonto","tag-gol","tag-gol-assist","tag-goncalves","tag-granata","tag-guida","tag-guida-asta","tag-gzn_page_title","tag-impatto","tag-infortuni","tag-investimento","tag-it","tag-italia","tag-italy","tag-jolly","tag-jolly-terza","tag-jolly-terza-fascia","tag-juventus","tag-kean","tag-league","tag-listato","tag-low","tag-low-cost","tag-low-cost-seconda","tag-maglia","tag-maglia-fiorentina","tag-mandragora","tag-mbangula","tag-mercato","tag-messo","tag-messo-mostra","tag-minuti","tag-moise","tag-mostra","tag-nuovi","tag-occhio","tag-passa","tag-pochi","tag-portoghese","tag-premier","tag-premier-league","tag-prendere","tag-presenze","tag-presenze-gol","tag-prestito","tag-prestito-diritto","tag-prestito-diritto-riscatto","tag-profilo","tag-provera","tag-qualita","tag-raccolto","tag-raccolto-presenze","tag-reti","tag-reti-assist","tag-rilanciarsi","tag-riscatto","tag-rowe","tag-ruolo","tag-sa","tag-sanchez","tag-sarr","tag-sassuolo","tag-seconda","tag-seconda-fascia","tag-segnato","tag-segno","tag-semitop","tag-serie","tag-sicuramente","tag-sinistra","tag-soccer","tag-soprattutto","tag-spalle","tag-spazio","tag-sport","tag-sports","tag-stagione","tag-stagioni","tag-stella","tag-stoccarda","tag-tante","tag-tedesco","tag-terza","tag-terza-fascia","tag-terzino","tag-terzino-destro","tag-testa","tag-tiro","tag-titolare","tag-torino","tag-torna","tag-torna-serie","tag-trequarti","tag-trovare","tag-trovare-spazio","tag-udinese","tag-ultima","tag-ultima-stagione","tag-ultime","tag-ultime-stagioni","tag-ultimi","tag-verona","tag-vestira","tag-vestira-maglia","tag-viola","tag-werder","tag-werder-brema","tag-woltemade"],"share_on_mastodon":{"url":"","error":"Validation failed: Text character limit of 500 exceeded"},"_links":{"self":[{"href":"https:\/\/www.europesays.com\/it\/wp-json\/wp\/v2\/posts\/660613","targetHints":{"allow":["GET"]}}],"collection":[{"href":"https:\/\/www.europesays.com\/it\/wp-json\/wp\/v2\/posts"}],"about":[{"href":"https:\/\/www.europesays.com\/it\/wp-json\/wp\/v2\/types\/post"}],"author":[{"embeddable":true,"href":"https:\/\/www.europesays.com\/it\/wp-json\/wp\/v2\/users\/3"}],"replies":[{"embeddable":true,"href":"https:\/\/www.europesays.com\/it\/wp-json\/wp\/v2\/comments?post=660613"}],"version-history":[{"count":0,"href":"https:\/\/www.europesays.com\/it\/wp-json\/wp\/v2\/posts\/660613\/revisions"}],"wp:featuredmedia":[{"embeddable":true,"href":"https:\/\/www.europesays.com\/it\/wp-json\/wp\/v2\/media\/660527"}],"wp:attachment":[{"href":"https:\/\/www.europesays.com\/it\/wp-json\/wp\/v2\/media?parent=660613"}],"wp:term":[{"taxonomy":"category","embeddable":true,"href":"https:\/\/www.europesays.com\/it\/wp-json\/wp\/v2\/categories?post=660613"},{"taxonomy":"post_tag","embeddable":true,"href":"https:\/\/www.europesays.com\/it\/wp-json\/wp\/v2\/tags?post=660613"}],"curies":[{"name":"wp","href":"https:\/\/api.w.org\/{rel}","templated":true}]}}