{"id":660634,"date":"2026-09-02T01:30:13","date_gmt":"2026-09-02T01:30:13","guid":{"rendered":"https:\/\/www.europesays.com\/it\/660634\/"},"modified":"2026-09-02T01:30:13","modified_gmt":"2026-09-02T01:30:13","slug":"parto-venerdi-e-sono-ottimista-di-battista-annuncia-il-ritorno-da-cuba","status":"publish","type":"post","link":"https:\/\/www.europesays.com\/it\/660634\/","title":{"rendered":"\u00abParto venerd\u00ec e sono ottimista\u00bb: Di Battista annuncia il ritorno da Cuba"},"content":{"rendered":"<p>    di<br \/>\n    Emanuele Buzzi e Nicol\u00f2 Fagone La Zita<\/p>\n<p class=\"summary-art is-line-h-12\">L&#8217;attivista sui social: \u00abGiorni difficili, ma sto meglio\u00bb<\/p>\n<p class=\"chapter-paragraph\"><b>Quindici ore di volo, due scali e una corsa contro il tempo<\/b> per garantire la sicurezza: l\u2019aereo che <b>riporter\u00e0 Alessandro Di Battista in Italia da Cuba<\/b> <b>partir\u00e0 venerd\u00ec da L\u2019Avana<\/b> per atterrare a Roma. \u00c8 lo stesso Di Battista ad annunciarlo sui social: \u00ab<b>Oggi mi sento meglio<\/b>. Sono stati giorni difficili e allo stesso tempo <b>sono ottimista<\/b> e cerco sempre di vedere il positivo in tutto. <b>Ringrazio i medici cubani<\/b> che, come mi \u00e8 stato confermato dai medici italiani, sono stati molto bravi e tempestivi nella diagnosi e nella scelta delle cure iniziali. <b>Partir\u00f2 da Cuba il 4 settembre<\/b> con un\u2019aeroambulanza <b>i cui costi verranno coperti dalla compagnia assicurativa <\/b>con la quale ho stipulato una polizza prima della partenza\u00bb.<\/p>\n<p class=\"chapter-paragraph\">L\u2019arrivo al Policlinico Gemelli dell\u2019ex stellato \u00e8 previsto <b>sabato a met\u00e0 pomeriggio<\/b>. Sull\u2019aereo insieme a lui, oltre al personale medico, ci sar\u00e0 <b>Sahra Lahousnia<\/b>, madre dei due figli dell\u2019ex M5S, Andrea e Filippo. Come ipotizzato nelle scorse ore,<b> il velivolo dovr\u00e0 affrontare due soste: la prima alle Bahamas,  la seconda in Irlanda.<\/b>    &#13;<br \/>\n&#13;<br \/>\n&#13;<br \/>\n&#13;<br \/>\n&#13;<br \/>\n&#13;<br \/>\n&#13;<br \/>\n&#13;<br \/>\n&#13;<br \/>\n&#13;<br \/>\n&#13;<br \/>\n&#13;<br \/>\n&#13;<br \/>\n&#13;<br \/>\n&#13;<br \/>\n&#13;<br \/>\n&#13;<br \/>\n&#13;<br \/>\n&#13;<br \/>\n&#13;<br \/>\n&#13;<br \/>\n&#13;<br \/>\n&#13;<br \/>\n&#13;<br \/>\n&#13;<br \/>\n&#13;<br \/>\n&#13;<br \/>\n&#13;<br \/>\n&#13;<br \/>\n&#13;<br \/>\n&#13;<br \/>\n&#13;<br \/>\n&#13;<br \/>\n&#13;<br \/>\n&#13;<br \/>\n&#13;<br \/>\n&#13;<br \/>\n&#13;<br \/>\n&#13;<br \/>\n&#13;<br \/>\n&#13;<br \/>\n&#13;<br \/>\n&#13;<br \/>\n&#13;<br \/>\n&#13;<br \/>\n&#13;<br \/>\n&#13;<br \/>\n&#13;<br \/>\n&#13;<br \/>\n&#13;<br \/>\n&#13;<br \/>\n&#13;<br \/>\n&#13;\n<\/p>\n<p class=\"chapter-paragraph\">\u00abAlessandro  \u00e8 perfettamente cosciente e interloquisce lui in prima persona con i medici\u00bb, assicurano fonti vicine all\u2019ex parlamentare. <b>\u00abLui \u00e8 lucidissimo su quanto gli sta accadendo e su quali saranno i prossimi passaggi\u00bb<\/b>, aggiungono. Perch\u00e9 il trasferimento in Italia \u00e8 solo una prima fase dell\u2019iter che attende Di Battista. Anche gli ultimi esami clinici hanno confermato la gravit\u00e0 della situazione. <b>Per questo, una volta giunto al Gemelli, l\u2019ex parlamentare dovrebbe ricevere assistenza con massima urgenza<\/b>, \u00abquanto prima possibile\u00bb i medici interverranno sul suo caso.<\/p>\n<p class=\"chapter-paragraph\">Intanto sui social continua a far discutere<b> la polemica sul possibile volo di Stato.<\/b> In realt\u00e0 il trasporto sar\u00e0 garantito dalla copertura assicurativa, ma i botta e risposta sul web hanno lasciato il segno, al punto che ieri \u00e8 intervenuto con un video pubblicato su X il ministro degli Esteri<b> Antonio Tajani<\/b>: \u00abDall\u20191 giugno al 31 agosto di quest\u2019anno, cio\u00e8 durante tutta l\u2019estate, il ministero degli Esteri non ha lasciato solo alcun italiano che avesse problemi mentre si trovava all\u2019estero, soprattutto coloro che avevano problemi di salute\u00bb, spiega. Poi aggiunge: \u00abSono stati rimpatriati ben 25 nostri connazionali\u00bb. E ancora: \u00ab<b>Dall\u2019onorevole Di Battista al giovane Younes, tutti sono stati assistiti con lo stesso spirito, con la stessa disponibilit\u00e0, con la stessa voglia di dare assistenza ai nostri connazionali\u00bb.<\/b>\u00a0<\/p>\n<p class=\"chapter-paragraph\">Per una volta <b>anche alcuni 5 Stelle sono sulla stessa lunghezza d\u2019onda di Tajani<\/b>: \u00abSi tratta di una polemica becera di fronte a un dramma umano: questo dice molto di chi la sta rinfocolando\u00bb. Ma i toni sembrano non abbassarsi.<\/p>\n<p class=\"is-last-update\" datetime=\"2026-09-02T02:16:11+02:00\">1 settembre 2026 ( modifica il 2 settembre 2026 | 02:16)<\/p>\n<p class=\"is-copyright\">\n            \u00a9 RIPRODUZIONE RISERVATA\n        <\/p>\n","protected":false},"excerpt":{"rendered":"di Emanuele Buzzi e Nicol\u00f2 Fagone La Zita L&#8217;attivista sui social: \u00abGiorni difficili, ma sto meglio\u00bb Quindici ore&hellip;\n","protected":false},"author":3,"featured_media":660635,"comment_status":"","ping_status":"","sticky":false,"template":"","format":"standard","meta":{"footnotes":"","_share_on_mastodon":"0"},"categories":[79],"tags":[45149,3981,364298,364299,1005,85657,364300,2535,76692,8152,50830,1079,63769,14,93,94,2711,12105,768,11463,1537,90,89,1222,7,15,35655,2464,3968,4565,3277,1686,2527,11,84,91,12,85,92,8434,4652],"class_list":["post-660634","post","type-post","status-publish","format-standard","has-post-thumbnail","category-italia","tag-abbassarsi","tag-accadendo","tag-accadendo-prossimi","tag-accadendo-prossimi-passaggi","tag-aereo","tag-aereo-personale","tag-aereo-personale-medico","tag-alessandro","tag-assicurativa","tag-assistenza","tag-battista","tag-confermato","tag-connazionali","tag-cronaca","tag-cronaca-italiana","tag-cronacaitaliana","tag-cuba","tag-difficili","tag-esteri","tag-gemelli","tag-it","tag-italia","tag-italy","tag-medici","tag-news","tag-notizie","tag-ottimista","tag-parlamentare","tag-polemica","tag-possibile","tag-problemi","tag-social","tag-tajani","tag-ultime-notizie","tag-ultime-notizie-e-news-di-oggi","tag-ultime-notizie-italia","tag-ultimenotizie","tag-ultimenotizieenewsdioggi","tag-ultimenotizieitalia","tag-venerdi","tag-volo"],"share_on_mastodon":{"url":"","error":"Validation failed: Text character limit of 500 exceeded"},"_links":{"self":[{"href":"https:\/\/www.europesays.com\/it\/wp-json\/wp\/v2\/posts\/660634","targetHints":{"allow":["GET"]}}],"collection":[{"href":"https:\/\/www.europesays.com\/it\/wp-json\/wp\/v2\/posts"}],"about":[{"href":"https:\/\/www.europesays.com\/it\/wp-json\/wp\/v2\/types\/post"}],"author":[{"embeddable":true,"href":"https:\/\/www.europesays.com\/it\/wp-json\/wp\/v2\/users\/3"}],"replies":[{"embeddable":true,"href":"https:\/\/www.europesays.com\/it\/wp-json\/wp\/v2\/comments?post=660634"}],"version-history":[{"count":0,"href":"https:\/\/www.europesays.com\/it\/wp-json\/wp\/v2\/posts\/660634\/revisions"}],"wp:featuredmedia":[{"embeddable":true,"href":"https:\/\/www.europesays.com\/it\/wp-json\/wp\/v2\/media\/660635"}],"wp:attachment":[{"href":"https:\/\/www.europesays.com\/it\/wp-json\/wp\/v2\/media?parent=660634"}],"wp:term":[{"taxonomy":"category","embeddable":true,"href":"https:\/\/www.europesays.com\/it\/wp-json\/wp\/v2\/categories?post=660634"},{"taxonomy":"post_tag","embeddable":true,"href":"https:\/\/www.europesays.com\/it\/wp-json\/wp\/v2\/tags?post=660634"}],"curies":[{"name":"wp","href":"https:\/\/api.w.org\/{rel}","templated":true}]}}