{"id":660650,"date":"2026-09-02T01:48:23","date_gmt":"2026-09-02T01:48:23","guid":{"rendered":"https:\/\/www.europesays.com\/it\/660650\/"},"modified":"2026-09-02T01:48:23","modified_gmt":"2026-09-02T01:48:23","slug":"casa-a-prima-vista-nuovi-episodi-su-real-time-anticipazioni-e-agenti","status":"publish","type":"post","link":"https:\/\/www.europesays.com\/it\/660650\/","title":{"rendered":"Casa a prima vista, nuovi episodi su Real Time: anticipazioni e agenti"},"content":{"rendered":"<p>                                Tornano gli agenti pi\u00f9 amati e spietati della tv. 75 nuovi episodi dalla Sicilia al Trentino, ecco le anticipazioni della nuova stagione<\/p>\n<p>                    1 settembre &#8211; 11:56  &#8211; MILANO<\/p>\n<p class=\"paragraph\" spellcheck=\"true\">Dopo il successo delle <a href=\"https:\/\/www.gazzetta.it\/tv\/17-02-2025\/casa-a-prima-vista-nuova-stagione-da-lunedi-17-febbraio-su-real-time.shtml?intcmp=hyperlink-articolo-gazit\" title=\"Casa a Prima Vista torna da luned\u00ec 17 febbraio su Real Time\" target=\"_blank\" rel=\"nofollow noopener\">precedenti stagioni<\/a>, il fenomeno immobiliare della televisione italiana, <b>Casa a prima vista<\/b>, riparte con una nuova stagione che mantiene invariata l&#8217;impostazione originale, basata sul format francese Chasseur D\u2019Appart, e che porter\u00e0 ancora una volta gli spettatori di Real Time e discovery+ nel vivo delle sfide tra agenti immobiliari mentre cercano di accontentare alcuni dei clienti pi\u00f9 difficili del mercato. I 75 episodi, della durata di 60 minuti, andranno in onda <b>dal 1\u00ba settembre alle 20.30<\/b>, nella fascia dell&#8217;access prime time.<\/p>\n<p>        Casa a prima vista,\u00a0Gli agenti\u2014 \u00a0<\/p>\n<p class=\"paragraph\" spellcheck=\"true\">A guidare la caccia all&#8217;immobile saranno ancora i professionisti pi\u00f9 amati del pubblico. A Milano tornano <b>Ida<\/b>, <b>Gianluca<\/b> e <b>Mariana<\/b>, mentre Roma schiera <b>Nadia<\/b>, <b>Corrado<\/b> e <b>Blasco<\/b>. In Toscana, invece, toccher\u00e0 nuovamente a <b>Moira<\/b>, <b>Nico<\/b> e <b>Matteo<\/b>. Personalit\u00e0 e metodi di lavoro differenti che torneranno a scontrarsi davanti alle richieste dei clienti e alla necessit\u00e0 di battere sul tempo i colleghi.\u00a0<\/p>\n<p class=\"paragraph\" spellcheck=\"true\">La stagione proporr\u00e0 inoltre nuove combinazioni tra i protagonisti, con terzetti inediti, nuove strategie e accese rivalit\u00e0. Sono previste anche alcune incursioni di volti gi\u00e0 noti agli spettatori: <b>Edoardo Tommasi<\/b>, <b>Yasemin Baysal<\/b>, <b>Lorenzo Magni<\/b>, <b>Damiano Gallo<\/b> e <b>Natalina Liguori<\/b>.<\/p>\n<p>        Le nuove destinazioni\u2014 \u00a0<\/p>\n<p class=\"paragraph\" spellcheck=\"true\">Non solo Milano, Roma e Toscana. Stavolta\u00a0Casa a prima vista\u00a0fa le cose in grande e porta gli agenti anche in Sicilia e a <b>Bardonecchia<\/b>, mettendoli davanti a scenari e richieste molto diverse rispetto a quelle affrontate di solito.  Trasferte che sparigliano le carte, perch\u00e9 uscire dai territori pi\u00f9 familiari significa anche confrontarsi con contesti immobiliari imprevisti e soprattutto <b>aspettative fuori dagli schemi<\/b>.<\/p>\n<p>        Casa a prima vista, Le novit\u00e0\u00a0\u2014 \u00a0<\/p>\n<p class=\"paragraph\" spellcheck=\"true\">Si riaccende anche il confronto diretto tra <b>gli agenti di Milano e quelli di Roma<\/b>, protagonisti per la seconda volta di una sfida speciale. Stavolta per\u00f2 il duello si sposter\u00e0 in Trentino, dove i due team dovranno fare gioco di squadra per individuare l&#8217;immobile che risponda meglio al brief ricevuto.<\/p>\n<p>        Il format\u2014 \u00a0<\/p>\n<p class=\"paragraph\" spellcheck=\"true\">Il meccanismo alla base del programma non cambia. In ogni puntata, tre agenti ricevono le richieste di un cliente e selezionano un&#8217;abitazione con cui provare a conquistarlo. A turno lo accompagnano dunque nella visita, mentre i due rivali seguono quanto accade dal van e passano al microscopio\u00a0<b>scelte, caratteristiche dell&#8217;immobile<\/b> e <b>mosse del collega<\/b>.  Terminate le tre proposte, la decisione passa al cliente, che stabilisce quale agente abbia interpretato meglio le sue esigenze e <b>assegna la vittoria<\/b>.<\/p>\n<p class=\"is-above-copyright is-mr-r-10\" spellcheck=\"true\">La Gazzetta dello Sport<\/p>\n<p class=\"is-copyright\">\u00a9 RIPRODUZIONE RISERVATA<\/p>\n","protected":false},"excerpt":{"rendered":"Tornano gli agenti pi\u00f9 amati e spietati della tv. 75 nuovi episodi dalla Sicilia al Trentino, ecco le&hellip;\n","protected":false},"author":3,"featured_media":660651,"comment_status":"","ping_status":"","sticky":false,"template":"","format":"standard","meta":{"footnotes":"","_share_on_mastodon":"0"},"categories":[1444],"tags":[3534,30730,26105,665,203,1230,17772,756,16249,204,1537,90,89,28,136444,7462,273,11917,2508,4308,11377,61016,1320,987,5991,15856,577,12354,8904,50249,11922,9134,253,6370],"class_list":["post-660650","post","type-post","status-publish","format-standard","has-post-thumbnail","category-tv","tag-agenti","tag-amati","tag-cliente","tag-clienti","tag-entertainment","tag-episodi","tag-format","tag-immobile","tag-immobiliari","tag-intrattenimento","tag-it","tag-italia","tag-italy","tag-milano","tag-milano-roma","tag-novita","tag-nuova","tag-nuova-stagione","tag-nuove","tag-protagonisti","tag-real","tag-real-time","tag-richieste","tag-roma","tag-sicilia","tag-spettatori","tag-stagione","tag-stavolta","tag-time","tag-tornano","tag-toscana","tag-trentino","tag-tv","tag-vista"],"share_on_mastodon":{"url":"https:\/\/pubeurope.com\/@it\/117198933449792986","error":""},"_links":{"self":[{"href":"https:\/\/www.europesays.com\/it\/wp-json\/wp\/v2\/posts\/660650","targetHints":{"allow":["GET"]}}],"collection":[{"href":"https:\/\/www.europesays.com\/it\/wp-json\/wp\/v2\/posts"}],"about":[{"href":"https:\/\/www.europesays.com\/it\/wp-json\/wp\/v2\/types\/post"}],"author":[{"embeddable":true,"href":"https:\/\/www.europesays.com\/it\/wp-json\/wp\/v2\/users\/3"}],"replies":[{"embeddable":true,"href":"https:\/\/www.europesays.com\/it\/wp-json\/wp\/v2\/comments?post=660650"}],"version-history":[{"count":0,"href":"https:\/\/www.europesays.com\/it\/wp-json\/wp\/v2\/posts\/660650\/revisions"}],"wp:featuredmedia":[{"embeddable":true,"href":"https:\/\/www.europesays.com\/it\/wp-json\/wp\/v2\/media\/660651"}],"wp:attachment":[{"href":"https:\/\/www.europesays.com\/it\/wp-json\/wp\/v2\/media?parent=660650"}],"wp:term":[{"taxonomy":"category","embeddable":true,"href":"https:\/\/www.europesays.com\/it\/wp-json\/wp\/v2\/categories?post=660650"},{"taxonomy":"post_tag","embeddable":true,"href":"https:\/\/www.europesays.com\/it\/wp-json\/wp\/v2\/tags?post=660650"}],"curies":[{"name":"wp","href":"https:\/\/api.w.org\/{rel}","templated":true}]}}