{"id":660667,"date":"2026-09-02T01:58:25","date_gmt":"2026-09-02T01:58:25","guid":{"rendered":"https:\/\/www.europesays.com\/it\/660667\/"},"modified":"2026-09-02T01:58:25","modified_gmt":"2026-09-02T01:58:25","slug":"immatricolazioni-litalia-cresce-anche-ad-agosto-grazie-a-elettriche-e-ibride-plug-in","status":"publish","type":"post","link":"https:\/\/www.europesays.com\/it\/660667\/","title":{"rendered":"Immatricolazioni, l&#8217;Italia cresce anche ad agosto grazie a elettriche e ibride plug-in"},"content":{"rendered":"<p>Il <strong>mercato auto italiano cresce anche ad agosto<\/strong>, ma con un ritmo inferiore a quanto registrato nel corso dei sette mesi precedenti. La conferma arriva dai dati sulle immatricolazioni registrate nel corso dell\u2019ottavo mese dell\u2019anno (tradizionalmente caratterizzato da volumi ridotti). I dati in questione sono stati diffusi da UNRAE.\n<\/p>\n<p>Un agosto positivo<\/p>\n<p>Il mese di agosto si \u00e8 chiuso in positivo, con immatricolazioni in crescita del <strong>3,7%<\/strong> rispetto ai dati dello scorso anno. Complessivamente, sul mercato italiano sono state immatricolate circa 70 mila unit\u00e0, con un incremento di poco pi\u00f9 di 3 mila unit\u00e0 rispetto ai dati dell\u2019agosto del 2025.<\/p>\n<p>Per effetto dei risultati ottenuti nel corso del mese appena terminato, il dato <strong>parziale annuo<\/strong> (gennaio \u2013 agosto) per il 2026 continua a essere positivo, in confronto ai numeri dello scorso anno. Con circa 1,141 milioni di unit\u00e0 immatricolate, infatti, l\u2019Italia ha registrato un incremento dell\u2019<strong>8,8%<\/strong>.<\/p>\n<p>Continua la crescita di elettriche e ibride plug-in<\/p>\n<p>Uno dei principali trend di questo 2026 \u00e8 rappresentato dalla crescita delle elettriche e delle ibride plug-in. Ecco i dati:<\/p>\n<ul>\n<li><strong>Elettriche<\/strong>: 4.486 unit\u00e0 immatricolate ad agosto, con un incremento del 35,7%, e 91.475 unit\u00e0 immatricolate nel parziale annuo, con un incremento del 69,2%<\/li>\n<li><strong>Ibride plug-in:<\/strong> 8.446 unit\u00e0 immatricolate ad agosto, con un incremento del 74,3%, e 106.822 unit\u00e0 immatricolate nel parziale annuo, con un incremento del 78,3%<\/li>\n<\/ul>\n<p>Nel parziale annuo, si registra un calo netto per le auto non elettrificate:<\/p>\n<ul>\n<li><strong>benzina<\/strong>: -16,6%<\/li>\n<li><strong>diesel<\/strong>: -26,1%<\/li>\n<li><strong>GPL<\/strong>: -17,9%<\/li>\n<\/ul>\n<p>Questi numeri potrebbero essere legati anche alla <a href=\"https:\/\/www.virgilio.it\/motori\/notizie\/protesta-prezzo-carburanti-autostrada\/344784\/\" rel=\"nofollow noopener\" target=\"_blank\">crisi dei carburanti<\/a>, con quotazioni da record, in corso. Nel frattempo, le <strong>Full<\/strong> <strong>Hybrid<\/strong> (+36,2%) e le <strong>Mild Hybrid<\/strong> (+14,5%) crescono ancora.<\/p>\n<p>Stellantis cresce ancora<\/p>\n<p>Il <strong>Gruppo Stellantis<\/strong> cresce ad agosto, con un buon +2%, e rafforza la sua leadership sul mercato italiano. Complessivamente, da gennaio a fine agosto, il Gruppo ha immatricolato 314 mila unit\u00e0 con un <strong>incremento del 5,49%<\/strong> e una quota di mercato che sfiora il 28%. A trascinare l\u2019azienda \u00e8 il marchio Fiat, che chiude i primi otto mesi dell\u2019anno\u00a0 con un ottimo +28,7%.\u00a0Seconda posizione per Volkswagen, in crescita del 5,71% nel 2026, mentre al terzo posto troviamo il Gruppo Renault, che deve fare i conti con un calo del 3,32% su base annua.<\/p>\n<p>Le auto pi\u00f9 vendute<\/p>\n<p>Ecco le auto pi\u00f9 vendute in Italia ad <strong>agosto<\/strong> <strong>2026<\/strong>:<\/p>\n<ol>\n<li>\n<p data-path-to-node=\"1,0,0\">Fiat Panda: 4.685;<\/p>\n<\/li>\n<li>\n<p data-path-to-node=\"1,1,0\">Dacia Sandero: 2.158;<\/p>\n<\/li>\n<li>\n<p data-path-to-node=\"1,2,0\">Citroen C3: 1.702;<\/p>\n<\/li>\n<li>\n<p data-path-to-node=\"1,3,0\">Jeep Avenger: 1.566;<\/p>\n<\/li>\n<li>\n<p data-path-to-node=\"1,4,0\">Fiat Grande Panda: 1.561;<\/p>\n<\/li>\n<li>\n<p data-path-to-node=\"1,5,0\">Renault Clio: 1.546;<\/p>\n<\/li>\n<li>\n<p data-path-to-node=\"1,6,0\">BYD Seal U: 1.490;<\/p>\n<\/li>\n<li>\n<p data-path-to-node=\"1,7,0\">MG ZS: 1.316;<\/p>\n<\/li>\n<li>\n<p data-path-to-node=\"1,8,0\">Peugeot 208: 1.297;<\/p>\n<\/li>\n<li>\n<p data-path-to-node=\"1,9,0\">Kia Sportage: 1.276.<\/p>\n<\/li>\n<\/ol>\n<p>Questa, invece, \u00e8 la Top 10 delle pi\u00f9 vendute nel<strong> 2026<\/strong>:<\/p>\n<ol>\n<li>\n<p data-path-to-node=\"3,0,0\">Fiat Panda: 75.998;<\/p>\n<\/li>\n<li>\n<p data-path-to-node=\"3,1,0\">Jeep Avenger: 31.938;<\/p>\n<\/li>\n<li>\n<p data-path-to-node=\"3,2,0\">Dacia Sandero: 29.106;<\/p>\n<\/li>\n<li>\n<p data-path-to-node=\"3,3,0\">Fiat Grande Panda: 27.558;<\/p>\n<\/li>\n<li>\n<p data-path-to-node=\"3,4,0\">Citroen C3: 25.396;<\/p>\n<\/li>\n<li>\n<p data-path-to-node=\"3,5,0\">Toyota Yaris Cross: 22.639;<\/p>\n<\/li>\n<li>\n<p data-path-to-node=\"3,6,0\">Leapmotor T03: 22.545;<\/p>\n<\/li>\n<li>\n<p data-path-to-node=\"3,7,0\">Renault Clio: 21.979;<\/p>\n<\/li>\n<li>\n<p data-path-to-node=\"3,8,0\">Toyota Aygo X: 21.686;<\/p>\n<\/li>\n<li>\n<p data-path-to-node=\"3,9,0\">Peugeot 208: 21.183.<\/p>\n<\/li>\n<\/ol>\n<p>La Fiat Panda si conferma leader indiscussa del mercato italiano, con un totale di unit\u00e0 distribuite superiore al doppio della seconda, sia ad agosto che nel cumulato. Sul podio, tra le auto pi\u00f9 vendute nel 2026, troviamo due best seller molto apprezzate come la Jeep Avenger e la Dacia Sandero, che ha conquistato anche il titolo di <a href=\"https:\/\/www.virgilio.it\/motori\/dati-statistiche\/fotonotizia\/auto-piu-vendute-europa-luglio-2026\/343968\/\" rel=\"nofollow noopener\" target=\"_blank\">auto pi\u00f9 venduta in Europa<\/a> il mese scorso. Da segnalare l\u2019ottimo quarto posto della Grande Panda che sta contribuendo alla crescita del marchio italiano sul mercato.<\/p>\n","protected":false},"excerpt":{"rendered":"Il mercato auto italiano cresce anche ad agosto, ma con un ritmo inferiore a quanto registrato nel corso&hellip;\n","protected":false},"author":3,"featured_media":660668,"comment_status":"","ping_status":"","sticky":false,"template":"","format":"standard","meta":{"footnotes":"","_share_on_mastodon":"0"},"categories":[6],"tags":[181,14473,14,8,128154,23472,1537,90,89,7,23473,15,82,9,83,10,13,11,80,84,12,81,85,18796],"class_list":["post-660667","post","type-post","status-publish","format-standard","has-post-thumbnail","category-ultime-notizie","tag-auto-elettriche","tag-auto-ibride","tag-cronaca","tag-headlines","tag-i-numeri-dellauto","tag-immatricolazione-auto","tag-it","tag-italia","tag-italy","tag-news","tag-normative-e-sentenze","tag-notizie","tag-notizie-di-cronaca","tag-notizie-principali","tag-notiziedicronaca","tag-notizieprincipali","tag-titoli","tag-ultime-notizie","tag-ultime-notizie-di-cronaca","tag-ultime-notizie-e-news-di-oggi","tag-ultimenotizie","tag-ultimenotiziedicronaca","tag-ultimenotizieenewsdioggi","tag-unrae"],"share_on_mastodon":{"url":"https:\/\/pubeurope.com\/@it\/117198972927930898","error":""},"_links":{"self":[{"href":"https:\/\/www.europesays.com\/it\/wp-json\/wp\/v2\/posts\/660667","targetHints":{"allow":["GET"]}}],"collection":[{"href":"https:\/\/www.europesays.com\/it\/wp-json\/wp\/v2\/posts"}],"about":[{"href":"https:\/\/www.europesays.com\/it\/wp-json\/wp\/v2\/types\/post"}],"author":[{"embeddable":true,"href":"https:\/\/www.europesays.com\/it\/wp-json\/wp\/v2\/users\/3"}],"replies":[{"embeddable":true,"href":"https:\/\/www.europesays.com\/it\/wp-json\/wp\/v2\/comments?post=660667"}],"version-history":[{"count":0,"href":"https:\/\/www.europesays.com\/it\/wp-json\/wp\/v2\/posts\/660667\/revisions"}],"wp:featuredmedia":[{"embeddable":true,"href":"https:\/\/www.europesays.com\/it\/wp-json\/wp\/v2\/media\/660668"}],"wp:attachment":[{"href":"https:\/\/www.europesays.com\/it\/wp-json\/wp\/v2\/media?parent=660667"}],"wp:term":[{"taxonomy":"category","embeddable":true,"href":"https:\/\/www.europesays.com\/it\/wp-json\/wp\/v2\/categories?post=660667"},{"taxonomy":"post_tag","embeddable":true,"href":"https:\/\/www.europesays.com\/it\/wp-json\/wp\/v2\/tags?post=660667"}],"curies":[{"name":"wp","href":"https:\/\/api.w.org\/{rel}","templated":true}]}}